{"id":168860,"date":"2020-09-15T11:00:15","date_gmt":"2020-09-15T14:00:15","guid":{"rendered":"https:\/\/diarioregionaldigital.com.br\/?p=168860"},"modified":"2020-09-15T21:43:58","modified_gmt":"2020-09-16T00:43:58","slug":"eduardo-pazuello-sera-efetivado-como-ministro-da-saude","status":"publish","type":"post","link":"https:\/\/diarioregionaldigital.com.br\/?p=168860","title":{"rendered":"Eduardo Pazuello ser\u00e1 efetivado como ministro da Sa\u00fade"},"content":{"rendered":"<p><span style=\"font-weight: 400;\">Depois de quatro meses como ministro interino da Sa\u00fade, Eduardo Pazuello ser\u00e1 efetivado no cargo. A cerim\u00f4nia de posse ocorrer\u00e1 na quarta-feira (16). <\/span><span style=\"font-weight: 400;\">Pazuello assumiu interinamente o comando da pasta em 16 de maio, em meio \u00e0 pandemia do novo coronav\u00edrus no Brasil. Ele substituiu Nelson Teich que ficou um m\u00eas no cargo, tendo substitu\u00eddo Luiz Henrique Mandetta.<\/span><\/p>\n<p><span style=\"font-weight: 400;\">Nesses quatro meses, Pazuello defendeu o tratamento precoce de covid-19 e a autonomia de estados e munic\u00edpios na ado\u00e7\u00e3o de pol\u00edticas de isolamento social. Com ele \u00e0 frente da pasta, o Minist\u00e9rio da Sa\u00fade estabeleceu uma nova diretriz com orienta\u00e7\u00f5es para o uso precoce da cloroquina e da hidroxicloroquina no tratamento da covid-19, inclusive para casos leves. Ao mesmo tempo, o ministro destacou que n\u00e3o v\u00ea nada de errado em questionar o uso do f\u00e1rmaco para esse fim.<\/span><\/p>\n<p><span style=\"font-weight: 400;\">General do Ex\u00e9rcito, Pazuello \u00e9 especialista em log\u00edstica. O militar foi coordenador log\u00edstico das tropas do Ex\u00e9rcito durante os Jogos Ol\u00edmpicos e Paral\u00edmpicos, al\u00e9m de ter coordenado as opera\u00e7\u00f5es da Opera\u00e7\u00e3o Acolhida, que presta assist\u00eancia aos imigrantes venezuelanos que chegam a Roraima fugindo da crise pol\u00edtica e econ\u00f4mica no pa\u00eds vizinho.<\/span><\/p>\n<p><strong>Fonte:<\/strong> Ag\u00eancia Brasil<\/p>\n","protected":false},"excerpt":{"rendered":"<p>Depois de quatro meses como ministro interino da Sa\u00fade, Eduardo Pazuello ser\u00e1 efetivado no cargo. A cerim\u00f4nia de posse ocorrer\u00e1 na quarta-feira (16). Pazuello assumiu interinamente o comando da pasta em 16 de maio, em meio \u00e0 pandemia do novo coronav\u00edrus no Brasil. Ele substituiu Nelson Teich que ficou um m\u00eas no cargo, tendo substitu\u00eddo [&hellip;]<\/p>\n","protected":false},"author":96,"featured_media":168861,"comment_status":"closed","ping_status":"closed","sticky":false,"template":"","format":"standard","meta":{"footnotes":""},"categories":[436,254,439],"tags":[],"class_list":["post-168860","post","type-post","status-publish","format-standard","has-post-thumbnail","hentry","category-destaque-da-semana","category-politica","category-ultima-hora"],"_links":{"self":[{"href":"https:\/\/diarioregionaldigital.com.br\/index.php?rest_route=\/wp\/v2\/posts\/168860","targetHints":{"allow":["GET"]}}],"collection":[{"href":"https:\/\/diarioregionaldigital.com.br\/index.php?rest_route=\/wp\/v2\/posts"}],"about":[{"href":"https:\/\/diarioregionaldigital.com.br\/index.php?rest_route=\/wp\/v2\/types\/post"}],"author":[{"embeddable":true,"href":"https:\/\/diarioregionaldigital.com.br\/index.php?rest_route=\/wp\/v2\/users\/96"}],"replies":[{"embeddable":true,"href":"https:\/\/diarioregionaldigital.com.br\/index.php?rest_route=%2Fwp%2Fv2%2Fcomments&post=168860"}],"version-history":[{"count":0,"href":"https:\/\/diarioregionaldigital.com.br\/index.php?rest_route=\/wp\/v2\/posts\/168860\/revisions"}],"wp:featuredmedia":[{"embeddable":true,"href":"https:\/\/diarioregionaldigital.com.br\/index.php?rest_route=\/wp\/v2\/media\/168861"}],"wp:attachment":[{"href":"https:\/\/diarioregionaldigital.com.br\/index.php?rest_route=%2Fwp%2Fv2%2Fmedia&parent=168860"}],"wp:term":[{"taxonomy":"category","embeddable":true,"href":"https:\/\/diarioregionaldigital.com.br\/index.php?rest_route=%2Fwp%2Fv2%2Fcategories&post=168860"},{"taxonomy":"post_tag","embeddable":true,"href":"https:\/\/diarioregionaldigital.com.br\/index.php?rest_route=%2Fwp%2Fv2%2Ftags&post=168860"}],"curies":[{"name":"wp","href":"https:\/\/api.w.org\/{rel}","templated":true}]}}