{"id":168857,"date":"2020-09-15T10:56:33","date_gmt":"2020-09-15T13:56:33","guid":{"rendered":"https:\/\/diarioregionaldigital.com.br\/?p=168857"},"modified":"2020-09-15T10:56:33","modified_gmt":"2020-09-15T13:56:33","slug":"para-produzir-vacina-contra-covid-19-butantan-vai-ampliar-fabrica","status":"publish","type":"post","link":"https:\/\/diarioregionaldigital.com.br\/?p=168857","title":{"rendered":"Para produzir vacina contra covid-19, Butantan vai ampliar f\u00e1brica"},"content":{"rendered":"<p><span style=\"font-weight: 400;\">O Instituto Butantan vai iniciar, em novembro deste ano, obras em sua f\u00e1brica para amplia\u00e7\u00e3o da capacidade de produ\u00e7\u00e3o de vacinas. A expectativa do governo paulista \u00e9 que as obras estejam prontas a partir de setembro do ano que vem.<\/span><\/p>\n<p><span style=\"font-weight: 400;\">O local ficar\u00e1 inicialmente voltado para a produ\u00e7\u00e3o da vacina contra o novo coronav\u00edrus, fruto de uma parceria entre o Butantan e a farmac\u00eautica chinesa Sinovac, mas futuramente poder\u00e1 fabricar outros tipos de imunizantes. Com a amplia\u00e7\u00e3o, o Butantan poder\u00e1 produzir mais de 100 milh\u00f5es de doses da CoronaVac por ano, a partir de 2022.<\/span><\/p>\n<p><span style=\"font-weight: 400;\">O investimento necess\u00e1rio para a constru\u00e7\u00e3o, amplia\u00e7\u00e3o e moderniza\u00e7\u00e3o da nova f\u00e1brica do Butantan \u00e9 de cerca de R$ 160 milh\u00f5es, mas o governo paulista diz j\u00e1 ter arrecadado R$ 97 milh\u00f5es em doa\u00e7\u00f5es de empresas privadas [sem contrapartida] o que, segundo o governador de S\u00e3o Paulo, Jo\u00e3o Doria, j\u00e1 permite a contrata\u00e7\u00e3o do projeto executivo e in\u00edcio da obra.<\/span><\/p>\n<p><span style=\"font-weight: 400;\">&#8220;Fisicamente, a f\u00e1brica j\u00e1 existe, ela ser\u00e1 adaptada, ampliada, modernizada e equipada&#8221;, disse Doria.<\/span><\/p>\n<p><b>Testes<\/b><\/p>\n<p><span style=\"font-weight: 400;\">A CoronaVac j\u00e1 est\u00e1 na fase 3 de testes em humanos. Ao todo, os testes com a CoronaVac \u2013 que tiveram in\u00edcio no Brasil em julho \u2013 ser\u00e3o realizados em 9 mil volunt\u00e1rios em centros de pesquisas de seis unidades da Federa\u00e7\u00e3o: S\u00e3o Paulo, Distrito Federal, Rio de Janeiro, Minas Gerais, Rio Grande do Sul e Paran\u00e1.<\/span><\/p>\n<p><span style=\"font-weight: 400;\">Caso a \u00faltima etapa de testes comprove a efic\u00e1cia da vacina, o acordo entre a Sinovac e o Butantan prev\u00ea a transfer\u00eancia de tecnologia para produ\u00e7\u00e3o do imunizante no Brasil. A CoronaVac prev\u00ea a administra\u00e7\u00e3o de duas doses por pessoa.<\/span><\/p>\n<p><span style=\"font-weight: 400;\">Segundo o governo paulista, caso os testes comprovem sua efic\u00e1cia, a CoronaVac j\u00e1 poderia estar dispon\u00edvel para vacina\u00e7\u00e3o de brasileiros a partir de dezembro deste ano.<\/span><\/p>\n<p><span style=\"font-weight: 400;\">&#8220;N\u00f3s, aqui no Brasil, provavelmente, seremos um dos primeiros do mundo a ter uma vacina dispon\u00edvel para vacina\u00e7\u00e3o em massa\u201d, adiantou o diretor do Instituto Butantan, Dimas Covas.<\/span><\/p>\n<p><span style=\"font-weight: 400;\">\u201cO processo de transfer\u00eancia tecnol\u00f3gica [com a Sinovac] j\u00e1 come\u00e7ou. Todos os sistemas de qualidade j\u00e1 est\u00e3o sendo desenvolvidos e preparados para receber o primeiro lote de mat\u00e9ria-prima em outubro. No mesmo m\u00eas, vamos come\u00e7ar a formular as primeiras doses dessa vacina no Instituto Butantan e, at\u00e9 o final de dezembro, j\u00e1 esperamos ter dispon\u00edveis para entrega ao Minist\u00e9rio da Sa\u00fade cerca de 46 milh\u00f5es de doses&#8221;, completou Covas.<\/span><\/p>\n<p><b>Apoio<\/b><\/p>\n<p><span style=\"font-weight: 400;\">At\u00e9 mar\u00e7o de 2021, o Butantan espera ter dispon\u00edvel mais 15 milh\u00f5es de doses da vacina. \u201cH\u00e1 61 milh\u00f5es de doses da vacina j\u00e1 asseguradas [com a Sinovac]. Mas estamos trabalhando, junto ao Minist\u00e9rio da Sa\u00fade, para que, no primeiro trimestre do ano que vem, possamos ter 100 milh\u00f5es de doses\u201d, disse Doria.<\/span><\/p>\n<p><span style=\"font-weight: 400;\">\u201cSe tivermos o apoio do Minist\u00e9rio da Sa\u00fade, o Butantan far\u00e1 a aquisi\u00e7\u00e3o de 100 milh\u00f5es de doses, al\u00e9m de prosseguir no seu programa de capta\u00e7\u00e3o de recursos do setor privado e do minist\u00e9rio para que sua f\u00e1brica seja rapidamente implantada e possa produzir a vacina para o combate da pandemia hoje e sempre\u201d, acrescentou.<\/span><\/p>\n<p><span style=\"font-weight: 400;\">Caso seja aprovada em testes e receba aprova\u00e7\u00e3o da Ag\u00eancia Nacional de Vigil\u00e2ncia Sanit\u00e1ria (Anvisa), a CoronaVac ficar\u00e1 dispon\u00edvel para imuniza\u00e7\u00e3o pelo Sistema \u00danico de Sa\u00fade (SUS), ressaltou Doria.<\/span><\/p>\n<p><strong>Fonte:<\/strong> Ag\u00eancia Brasil<\/p>\n","protected":false},"excerpt":{"rendered":"<p>O Instituto Butantan vai iniciar, em novembro deste ano, obras em sua f\u00e1brica para amplia\u00e7\u00e3o da capacidade de produ\u00e7\u00e3o de vacinas. A expectativa do governo paulista \u00e9 que as obras estejam prontas a partir de setembro do ano que vem. O local ficar\u00e1 inicialmente voltado para a produ\u00e7\u00e3o da vacina contra o novo coronav\u00edrus, fruto [&hellip;]<\/p>\n","protected":false},"author":96,"featured_media":168858,"comment_status":"closed","ping_status":"closed","sticky":false,"template":"","format":"standard","meta":{"footnotes":""},"categories":[436,440,254,439],"tags":[],"class_list":["post-168857","post","type-post","status-publish","format-standard","has-post-thumbnail","hentry","category-destaque-da-semana","category-destaques-do-dia","category-politica","category-ultima-hora"],"_links":{"self":[{"href":"https:\/\/diarioregionaldigital.com.br\/index.php?rest_route=\/wp\/v2\/posts\/168857","targetHints":{"allow":["GET"]}}],"collection":[{"href":"https:\/\/diarioregionaldigital.com.br\/index.php?rest_route=\/wp\/v2\/posts"}],"about":[{"href":"https:\/\/diarioregionaldigital.com.br\/index.php?rest_route=\/wp\/v2\/types\/post"}],"author":[{"embeddable":true,"href":"https:\/\/diarioregionaldigital.com.br\/index.php?rest_route=\/wp\/v2\/users\/96"}],"replies":[{"embeddable":true,"href":"https:\/\/diarioregionaldigital.com.br\/index.php?rest_route=%2Fwp%2Fv2%2Fcomments&post=168857"}],"version-history":[{"count":0,"href":"https:\/\/diarioregionaldigital.com.br\/index.php?rest_route=\/wp\/v2\/posts\/168857\/revisions"}],"wp:featuredmedia":[{"embeddable":true,"href":"https:\/\/diarioregionaldigital.com.br\/index.php?rest_route=\/wp\/v2\/media\/168858"}],"wp:attachment":[{"href":"https:\/\/diarioregionaldigital.com.br\/index.php?rest_route=%2Fwp%2Fv2%2Fmedia&parent=168857"}],"wp:term":[{"taxonomy":"category","embeddable":true,"href":"https:\/\/diarioregionaldigital.com.br\/index.php?rest_route=%2Fwp%2Fv2%2Fcategories&post=168857"},{"taxonomy":"post_tag","embeddable":true,"href":"https:\/\/diarioregionaldigital.com.br\/index.php?rest_route=%2Fwp%2Fv2%2Ftags&post=168857"}],"curies":[{"name":"wp","href":"https:\/\/api.w.org\/{rel}","templated":true}]}}