{"id":168844,"date":"2020-09-15T06:00:41","date_gmt":"2020-09-15T09:00:41","guid":{"rendered":"https:\/\/diarioregionaldigital.com.br\/?p=168844"},"modified":"2020-09-14T23:44:11","modified_gmt":"2020-09-15T02:44:11","slug":"saudades","status":"publish","type":"post","link":"https:\/\/diarioregionaldigital.com.br\/?p=168844","title":{"rendered":"Saudades"},"content":{"rendered":"<p style=\"text-align: center;\"><strong>Cultura<\/strong><\/p>\n<p style=\"text-align: center;\">Dono de intensa sensibilidade para a cultura o historiador do arquivo bibliogr\u00e1fico do Museu Mariano Proc\u00f3pio, S\u00e9rgio Augusto Vicente publicou artigo na revista \u201cTrama\u201d sobre diversas curiosidades do comportamento do imperador do Brasil, Dom Pedro II\u00ba.<\/p>\n<p style=\"text-align: center;\"><strong>Cinemascope<\/strong><\/p>\n<p style=\"text-align: center;\">A Academia Brasileira de Cinema e Artes Audiovisuais promove o Grande Pr\u00eamio do Cinema Brasileiro com cerim\u00f4nia transmitida no dia 10 de outubro pela TV Cultura. O filme \u2018Bacurau\u2019 lidera a lista de indica\u00e7\u00f5es a premia\u00e7\u00e3o. Esta edi\u00e7\u00e3o do pr\u00eamio pretende celebrar os milhares de profissionais envolvidos na produ\u00e7\u00e3o audiovisual.<\/p>\n<p style=\"text-align: center;\"><span style=\"font-size: 14pt;\"><strong>Saudades<\/strong><\/span><\/p>\n<p style=\"text-align: center;\">Digno de elogios, Jos\u00e9 Carlos Branco depois de destacada atua\u00e7\u00e3o no setor hoteleiro do Trade Hotel fez as malas e partiu com a fam\u00edlia para ver novas paisagens. Atualmente no Recife, ele \u00e9 s\u00f3cio de um grande empreendimento. Sob sua batuta, este colunista realizou deslumbrantes noites de gala para homenagear \u201cOs Melhores do Ano\u201d. Deixou saudade.<\/p>\n<div id=\"attachment_168818\" style=\"width: 690px\" class=\"wp-caption aligncenter\"><img loading=\"lazy\" decoding=\"async\" aria-describedby=\"caption-attachment-168818\" class=\"wp-image-168818\" src=\"https:\/\/diarioregionaldigital.com.br\/wp-content\/uploads\/2020\/09\/fotoa-7-e1600133121258.jpg\" alt=\"\" width=\"680\" height=\"522\" srcset=\"https:\/\/diarioregionaldigital.com.br\/wp-content\/uploads\/2020\/09\/fotoa-7-e1600133121258.jpg 683w, https:\/\/diarioregionaldigital.com.br\/wp-content\/uploads\/2020\/09\/fotoa-7-e1600133121258-300x230.jpg 300w, https:\/\/diarioregionaldigital.com.br\/wp-content\/uploads\/2020\/09\/fotoa-7-e1600133121258-360x276.jpg 360w\" sizes=\"auto, (max-width: 680px) 100vw, 680px\" \/><p id=\"caption-attachment-168818\" class=\"wp-caption-text\">Em destaque hoje em nossa coluna social on-line, o jovem juiz-forano Philippe Almeida Ciampi<\/p><\/div>\n<div id=\"attachment_168819\" style=\"width: 690px\" class=\"wp-caption aligncenter\"><img loading=\"lazy\" decoding=\"async\" aria-describedby=\"caption-attachment-168819\" class=\"wp-image-168819\" src=\"https:\/\/diarioregionaldigital.com.br\/wp-content\/uploads\/2020\/09\/fotob-1-e1600133150110.jpeg\" alt=\"\" width=\"680\" height=\"499\" srcset=\"https:\/\/diarioregionaldigital.com.br\/wp-content\/uploads\/2020\/09\/fotob-1-e1600133150110.jpeg 960w, https:\/\/diarioregionaldigital.com.br\/wp-content\/uploads\/2020\/09\/fotob-1-e1600133150110-300x220.jpeg 300w, https:\/\/diarioregionaldigital.com.br\/wp-content\/uploads\/2020\/09\/fotob-1-e1600133150110-768x563.jpeg 768w, https:\/\/diarioregionaldigital.com.br\/wp-content\/uploads\/2020\/09\/fotob-1-e1600133150110-360x264.jpeg 360w\" sizes=\"auto, (max-width: 680px) 100vw, 680px\" \/><p id=\"caption-attachment-168819\" class=\"wp-caption-text\">A advogada Anna Ede recebe o Trof\u00e9u Di\u00e1rio Regional RCWTV, com Personalidade Feminina 2020, de Eduardo Gomes<\/p><\/div>\n<div id=\"attachment_168820\" style=\"width: 690px\" class=\"wp-caption aligncenter\"><img loading=\"lazy\" decoding=\"async\" aria-describedby=\"caption-attachment-168820\" class=\"wp-image-168820\" src=\"https:\/\/diarioregionaldigital.com.br\/wp-content\/uploads\/2020\/09\/fotoc-1-e1600133209113.jpeg\" alt=\"\" width=\"680\" height=\"544\" srcset=\"https:\/\/diarioregionaldigital.com.br\/wp-content\/uploads\/2020\/09\/fotoc-1-e1600133209113.jpeg 618w, https:\/\/diarioregionaldigital.com.br\/wp-content\/uploads\/2020\/09\/fotoc-1-e1600133209113-300x240.jpeg 300w, https:\/\/diarioregionaldigital.com.br\/wp-content\/uploads\/2020\/09\/fotoc-1-e1600133209113-360x288.jpeg 360w\" sizes=\"auto, (max-width: 680px) 100vw, 680px\" \/><p id=\"caption-attachment-168820\" class=\"wp-caption-text\">O Diagramador do DR R\u00f4mullo Vieira recebendo o Trof\u00e9u Melhores de 2020 Di\u00e1rio Regional &#8211; RCWTV de Eduardo Gomes<\/p><\/div>\n<div id=\"attachment_168821\" style=\"width: 690px\" class=\"wp-caption aligncenter\"><img loading=\"lazy\" decoding=\"async\" aria-describedby=\"caption-attachment-168821\" class=\"wp-image-168821\" src=\"https:\/\/diarioregionaldigital.com.br\/wp-content\/uploads\/2020\/09\/fotod-1-e1600133234445.jpeg\" alt=\"\" width=\"680\" height=\"487\" srcset=\"https:\/\/diarioregionaldigital.com.br\/wp-content\/uploads\/2020\/09\/fotod-1-e1600133234445.jpeg 774w, https:\/\/diarioregionaldigital.com.br\/wp-content\/uploads\/2020\/09\/fotod-1-e1600133234445-300x215.jpeg 300w, https:\/\/diarioregionaldigital.com.br\/wp-content\/uploads\/2020\/09\/fotod-1-e1600133234445-768x550.jpeg 768w, https:\/\/diarioregionaldigital.com.br\/wp-content\/uploads\/2020\/09\/fotod-1-e1600133234445-360x258.jpeg 360w\" sizes=\"auto, (max-width: 680px) 100vw, 680px\" \/><p id=\"caption-attachment-168821\" class=\"wp-caption-text\">Eduardo Gomes entregando o Trof\u00e9u Di\u00e1rio Regional RCWTV Os Melhores de 2020, ao empres\u00e1rio Randolf Antunes Teixeira (Paix\u00e3o Motos)<\/p><\/div>\n<div id=\"attachment_168823\" style=\"width: 690px\" class=\"wp-caption aligncenter\"><img loading=\"lazy\" decoding=\"async\" aria-describedby=\"caption-attachment-168823\" class=\"wp-image-168823\" src=\"https:\/\/diarioregionaldigital.com.br\/wp-content\/uploads\/2020\/09\/fotof-7-e1600134158311.jpg\" alt=\"\" width=\"680\" height=\"489\" srcset=\"https:\/\/diarioregionaldigital.com.br\/wp-content\/uploads\/2020\/09\/fotof-7-e1600134158311.jpg 1299w, https:\/\/diarioregionaldigital.com.br\/wp-content\/uploads\/2020\/09\/fotof-7-e1600134158311-300x216.jpg 300w, https:\/\/diarioregionaldigital.com.br\/wp-content\/uploads\/2020\/09\/fotof-7-e1600134158311-1024x737.jpg 1024w, https:\/\/diarioregionaldigital.com.br\/wp-content\/uploads\/2020\/09\/fotof-7-e1600134158311-768x553.jpg 768w, https:\/\/diarioregionaldigital.com.br\/wp-content\/uploads\/2020\/09\/fotof-7-e1600134158311-360x259.jpg 360w\" sizes=\"auto, (max-width: 680px) 100vw, 680px\" \/><p id=\"caption-attachment-168823\" class=\"wp-caption-text\">No Rio de Janeiro respirando o ar marinho o lindo casal Felipe Nogueira e D\u00e9bora Gonzales<\/p><\/div>\n<div id=\"attachment_168824\" style=\"width: 690px\" class=\"wp-caption aligncenter\"><img loading=\"lazy\" decoding=\"async\" aria-describedby=\"caption-attachment-168824\" class=\"wp-image-168824\" src=\"https:\/\/diarioregionaldigital.com.br\/wp-content\/uploads\/2020\/09\/fotog-8-e1600134226779.jpg\" alt=\"\" width=\"680\" height=\"482\" srcset=\"https:\/\/diarioregionaldigital.com.br\/wp-content\/uploads\/2020\/09\/fotog-8-e1600134226779.jpg 1955w, https:\/\/diarioregionaldigital.com.br\/wp-content\/uploads\/2020\/09\/fotog-8-e1600134226779-300x213.jpg 300w, https:\/\/diarioregionaldigital.com.br\/wp-content\/uploads\/2020\/09\/fotog-8-e1600134226779-1024x726.jpg 1024w, https:\/\/diarioregionaldigital.com.br\/wp-content\/uploads\/2020\/09\/fotog-8-e1600134226779-768x545.jpg 768w, https:\/\/diarioregionaldigital.com.br\/wp-content\/uploads\/2020\/09\/fotog-8-e1600134226779-1536x1090.jpg 1536w, https:\/\/diarioregionaldigital.com.br\/wp-content\/uploads\/2020\/09\/fotog-8-e1600134226779-750x530.jpg 750w, https:\/\/diarioregionaldigital.com.br\/wp-content\/uploads\/2020\/09\/fotog-8-e1600134226779-360x255.jpg 360w, https:\/\/diarioregionaldigital.com.br\/wp-content\/uploads\/2020\/09\/fotog-8-e1600134226779-100x70.jpg 100w\" sizes=\"auto, (max-width: 680px) 100vw, 680px\" \/><p id=\"caption-attachment-168824\" class=\"wp-caption-text\">O bonito casal Roberto Moraes e Fabiana Faria, no Santu\u00e1rio Nacional de Aparecida<\/p><\/div>\n<div id=\"attachment_168825\" style=\"width: 690px\" class=\"wp-caption aligncenter\"><img loading=\"lazy\" decoding=\"async\" aria-describedby=\"caption-attachment-168825\" class=\"wp-image-168825\" src=\"https:\/\/diarioregionaldigital.com.br\/wp-content\/uploads\/2020\/09\/fotoh-7-e1600134261479.jpg\" alt=\"\" width=\"680\" height=\"513\" srcset=\"https:\/\/diarioregionaldigital.com.br\/wp-content\/uploads\/2020\/09\/fotoh-7-e1600134261479.jpg 861w, https:\/\/diarioregionaldigital.com.br\/wp-content\/uploads\/2020\/09\/fotoh-7-e1600134261479-300x226.jpg 300w, https:\/\/diarioregionaldigital.com.br\/wp-content\/uploads\/2020\/09\/fotoh-7-e1600134261479-768x580.jpg 768w, https:\/\/diarioregionaldigital.com.br\/wp-content\/uploads\/2020\/09\/fotoh-7-e1600134261479-360x272.jpg 360w\" sizes=\"auto, (max-width: 680px) 100vw, 680px\" \/><p id=\"caption-attachment-168825\" class=\"wp-caption-text\">Antes da pandemia curtindo samba Lidiane Stambassi e Gabrielzinho do Iraj\u00e1<\/p><\/div>\n<div id=\"attachment_168826\" style=\"width: 690px\" class=\"wp-caption aligncenter\"><img loading=\"lazy\" decoding=\"async\" aria-describedby=\"caption-attachment-168826\" class=\"wp-image-168826\" src=\"https:\/\/diarioregionaldigital.com.br\/wp-content\/uploads\/2020\/09\/fotoi-2-e1600134897601.jpeg\" alt=\"\" width=\"680\" height=\"485\" srcset=\"https:\/\/diarioregionaldigital.com.br\/wp-content\/uploads\/2020\/09\/fotoi-2-e1600134897601.jpeg 1082w, https:\/\/diarioregionaldigital.com.br\/wp-content\/uploads\/2020\/09\/fotoi-2-e1600134897601-300x214.jpeg 300w, https:\/\/diarioregionaldigital.com.br\/wp-content\/uploads\/2020\/09\/fotoi-2-e1600134897601-1024x730.jpeg 1024w, https:\/\/diarioregionaldigital.com.br\/wp-content\/uploads\/2020\/09\/fotoi-2-e1600134897601-768x547.jpeg 768w, https:\/\/diarioregionaldigital.com.br\/wp-content\/uploads\/2020\/09\/fotoi-2-e1600134897601-360x257.jpeg 360w, https:\/\/diarioregionaldigital.com.br\/wp-content\/uploads\/2020\/09\/fotoi-2-e1600134897601-100x70.jpeg 100w\" sizes=\"auto, (max-width: 680px) 100vw, 680px\" \/><p id=\"caption-attachment-168826\" class=\"wp-caption-text\">Arleth Pires comemorando anivers\u00e1rio em Arantina (MG) com o filho ator Marcos Ot\u00e1vio<\/p><\/div>\n<div id=\"attachment_168828\" style=\"width: 690px\" class=\"wp-caption aligncenter\"><img loading=\"lazy\" decoding=\"async\" aria-describedby=\"caption-attachment-168828\" class=\"wp-image-168828\" src=\"https:\/\/diarioregionaldigital.com.br\/wp-content\/uploads\/2020\/09\/fotol-e1600135050616.jpg\" alt=\"\" width=\"680\" height=\"500\" srcset=\"https:\/\/diarioregionaldigital.com.br\/wp-content\/uploads\/2020\/09\/fotol-e1600135050616.jpg 768w, https:\/\/diarioregionaldigital.com.br\/wp-content\/uploads\/2020\/09\/fotol-e1600135050616-300x221.jpg 300w, https:\/\/diarioregionaldigital.com.br\/wp-content\/uploads\/2020\/09\/fotol-e1600135050616-360x265.jpg 360w\" sizes=\"auto, (max-width: 680px) 100vw, 680px\" \/><p id=\"caption-attachment-168828\" class=\"wp-caption-text\">A linda Maria Eduarda Bill\u00e9 (Duda) \u00e9 a aniversariante de destaque da semana<\/p><\/div>\n<div id=\"attachment_168827\" style=\"width: 690px\" class=\"wp-caption aligncenter\"><img loading=\"lazy\" decoding=\"async\" aria-describedby=\"caption-attachment-168827\" class=\"wp-image-168827\" src=\"https:\/\/diarioregionaldigital.com.br\/wp-content\/uploads\/2020\/09\/fotoj-2-e1600135023322.jpg\" alt=\"\" width=\"680\" height=\"527\" srcset=\"https:\/\/diarioregionaldigital.com.br\/wp-content\/uploads\/2020\/09\/fotoj-2-e1600135023322.jpg 765w, https:\/\/diarioregionaldigital.com.br\/wp-content\/uploads\/2020\/09\/fotoj-2-e1600135023322-300x233.jpg 300w, https:\/\/diarioregionaldigital.com.br\/wp-content\/uploads\/2020\/09\/fotoj-2-e1600135023322-360x279.jpg 360w\" sizes=\"auto, (max-width: 680px) 100vw, 680px\" \/><p id=\"caption-attachment-168827\" class=\"wp-caption-text\">Esperando a primavera chegar, a escritora Marisa Timpon\u00e9<\/p><\/div>\n<div id=\"attachment_168822\" style=\"width: 690px\" class=\"wp-caption aligncenter\"><img loading=\"lazy\" decoding=\"async\" aria-describedby=\"caption-attachment-168822\" class=\"wp-image-168822\" src=\"https:\/\/diarioregionaldigital.com.br\/wp-content\/uploads\/2020\/09\/fotoe-8-e1600134112231.jpg\" alt=\"\" width=\"680\" height=\"499\" srcset=\"https:\/\/diarioregionaldigital.com.br\/wp-content\/uploads\/2020\/09\/fotoe-8-e1600134112231.jpg 960w, https:\/\/diarioregionaldigital.com.br\/wp-content\/uploads\/2020\/09\/fotoe-8-e1600134112231-300x220.jpg 300w, https:\/\/diarioregionaldigital.com.br\/wp-content\/uploads\/2020\/09\/fotoe-8-e1600134112231-768x564.jpg 768w, https:\/\/diarioregionaldigital.com.br\/wp-content\/uploads\/2020\/09\/fotoe-8-e1600134112231-360x264.jpg 360w\" sizes=\"auto, (max-width: 680px) 100vw, 680px\" \/><p id=\"caption-attachment-168822\" class=\"wp-caption-text\">O festejado Celinho Vidal \u00e9 o aniversariante de destaque da temporada social<\/p><\/div>\n<p style=\"text-align: center;\"><strong>FOTOSS\u00cdNTESE<\/strong><\/p>\n<p>Com a flexibiliza\u00e7\u00e3o das feiras livres, sess\u00f5es de cinema drive-in e consumo interno em bares em decis\u00e3o tomada pelo Comit\u00ea Covid-19, o povo superlota as ruas de Juiz de Fora. Enquanto isso o Corona manda avisar que aumentou os casos em Juiz de Fora. Portanto use m\u00e1scara, \u00e1lcool em gel e se poss\u00edvel fique em casa.<\/p>\n<p>Bonita e de bem com a vida, Maria Eduarda Azevedo foi eleita Miss Grand Juiz de Fora 2020. Ela \u00e9 produzida por Diley Almeida.<\/p>\n<p>Tem politico que n\u00e3o \u00e9 flor que se cheira. Coment\u00e1rio de uma velha raposa que vive zanzando nos bastidores da PJF e C\u00e2mara Municipal.<\/p>\n<p>Pioneira no setor de formaturas, a Phormar est\u00e1 comemorando 24 anos com a empresa em ritmo de crescimento.Palmas para Luiz Henrique Queir\u00f3z.<\/p>\n<p>Formando um dos mais queridos casais da sociedade de Juiz de Fora, Denise e Hamlet Pernisa comemoram 51 anos de feliz uni\u00e3o.<\/p>\n<p>Setembro Amarelo, estamos engajados na campanha contra os ass\u00e9dios virtuais e ao suic\u00eddio.<\/p>\n<p>De luto a sociedade de Juiz de Fora com o falecimento de Jarbas de Souza (92 anos). Ele foi homenageado no ano 2000 na noite de gala \u201cOs melhores do Ano\u201d, promo\u00e7\u00e3o deste colunista. Um abra\u00e7o carinhoso a seus familiares.<\/p>\n<p>Para atualizar: \u201cSe voc\u00ea n\u00e3o gosta da estrada por onde tem andado, comece a pavimentar outra!\u201d. Bom dia.<\/p>\n<p><img loading=\"lazy\" decoding=\"async\" class=\"aligncenter size-full wp-image-168845\" src=\"https:\/\/diarioregionaldigital.com.br\/wp-content\/uploads\/2020\/09\/anunci37-scaled.jpg\" alt=\"\" width=\"2560\" height=\"941\" srcset=\"https:\/\/diarioregionaldigital.com.br\/wp-content\/uploads\/2020\/09\/anunci37-scaled.jpg 2560w, https:\/\/diarioregionaldigital.com.br\/wp-content\/uploads\/2020\/09\/anunci37-300x110.jpg 300w, https:\/\/diarioregionaldigital.com.br\/wp-content\/uploads\/2020\/09\/anunci37-1024x377.jpg 1024w, https:\/\/diarioregionaldigital.com.br\/wp-content\/uploads\/2020\/09\/anunci37-768x282.jpg 768w, https:\/\/diarioregionaldigital.com.br\/wp-content\/uploads\/2020\/09\/anunci37-1536x565.jpg 1536w, https:\/\/diarioregionaldigital.com.br\/wp-content\/uploads\/2020\/09\/anunci37-2048x753.jpg 2048w, https:\/\/diarioregionaldigital.com.br\/wp-content\/uploads\/2020\/09\/anunci37-360x132.jpg 360w\" sizes=\"auto, (max-width: 2560px) 100vw, 2560px\" \/><\/p>\n","protected":false},"excerpt":{"rendered":"<p>Cultura Dono de intensa sensibilidade para a cultura o historiador do arquivo bibliogr\u00e1fico do Museu Mariano Proc\u00f3pio, S\u00e9rgio Augusto Vicente publicou artigo na revista \u201cTrama\u201d sobre diversas curiosidades do comportamento do imperador do Brasil, Dom Pedro II\u00ba. Cinemascope A Academia Brasileira de Cinema e Artes Audiovisuais promove o Grande Pr\u00eamio do Cinema Brasileiro com cerim\u00f4nia [&hellip;]<\/p>\n","protected":false},"author":96,"featured_media":168851,"comment_status":"closed","ping_status":"closed","sticky":false,"template":"","format":"standard","meta":{"footnotes":""},"categories":[264],"tags":[],"class_list":["post-168844","post","type-post","status-publish","format-standard","has-post-thumbnail","hentry","category-eduardo-gomes"],"_links":{"self":[{"href":"https:\/\/diarioregionaldigital.com.br\/index.php?rest_route=\/wp\/v2\/posts\/168844","targetHints":{"allow":["GET"]}}],"collection":[{"href":"https:\/\/diarioregionaldigital.com.br\/index.php?rest_route=\/wp\/v2\/posts"}],"about":[{"href":"https:\/\/diarioregionaldigital.com.br\/index.php?rest_route=\/wp\/v2\/types\/post"}],"author":[{"embeddable":true,"href":"https:\/\/diarioregionaldigital.com.br\/index.php?rest_route=\/wp\/v2\/users\/96"}],"replies":[{"embeddable":true,"href":"https:\/\/diarioregionaldigital.com.br\/index.php?rest_route=%2Fwp%2Fv2%2Fcomments&post=168844"}],"version-history":[{"count":0,"href":"https:\/\/diarioregionaldigital.com.br\/index.php?rest_route=\/wp\/v2\/posts\/168844\/revisions"}],"wp:featuredmedia":[{"embeddable":true,"href":"https:\/\/diarioregionaldigital.com.br\/index.php?rest_route=\/wp\/v2\/media\/168851"}],"wp:attachment":[{"href":"https:\/\/diarioregionaldigital.com.br\/index.php?rest_route=%2Fwp%2Fv2%2Fmedia&parent=168844"}],"wp:term":[{"taxonomy":"category","embeddable":true,"href":"https:\/\/diarioregionaldigital.com.br\/index.php?rest_route=%2Fwp%2Fv2%2Fcategories&post=168844"},{"taxonomy":"post_tag","embeddable":true,"href":"https:\/\/diarioregionaldigital.com.br\/index.php?rest_route=%2Fwp%2Fv2%2Ftags&post=168844"}],"curies":[{"name":"wp","href":"https:\/\/api.w.org\/{rel}","templated":true}]}}