{"id":168841,"date":"2020-09-14T21:52:51","date_gmt":"2020-09-15T00:52:51","guid":{"rendered":"https:\/\/diarioregionaldigital.com.br\/?p=168841"},"modified":"2020-09-14T21:52:51","modified_gmt":"2020-09-15T00:52:51","slug":"edital-na-nuvem-financia-102-projetos-culturais-para-plataformas-digitais","status":"publish","type":"post","link":"https:\/\/diarioregionaldigital.com.br\/?p=168841","title":{"rendered":"Edital \u201cNa Nuvem\u201d financia 102 projetos culturais para plataformas digitais"},"content":{"rendered":"<p>Cento e dois projetos de arte e cultura ser\u00e3o selecionados no \u201cNa Nuvem \u2013 Edital de Incentivo \u00e0 Cultura\u201d, cujas inscri\u00e7\u00f5es ser\u00e3o abertas pela Funda\u00e7\u00e3o Cultural \u201cAlfredo Ferreira Lage\u201d (Funalfa) nessa ter\u00e7a-feira, 15. O investimento global \u00e9 de R$ 77.520, de emenda parlamentar da deputada federal Margarida Salom\u00e3o, e cada proponente contemplado receber\u00e1 R$ 760 (brutos). A participa\u00e7\u00e3o no edital \u00e9 aberta a trabalhadoras e trabalhadores locais da cultura (pessoas f\u00edsicas), que dever\u00e3o se inscrever at\u00e9 o dia 30, pelo site\u00a0<a href=\"https:\/\/funalfa.com.br\/nanuvem\">funalfa.com.br\/nanuvem<\/a>, sendo exigida pr\u00e9via inscri\u00e7\u00e3o no Cadastro Municipal de Cultura (<a href=\"https:\/\/funalfa.com.br\/cadastro\">funalfa.com.br\/cadastro<\/a>). No m\u00ednimo, 60% dos projetos selecionados dever\u00e3o contemplar proponentes autodeclarados negros (pretos e pardos) ou ind\u00edgenas. Todos os detalhes do novo edital ser\u00e3o divulgados pelo diretor-geral da Funalfa Zezinho Mancini e pela gerente de Fomento \u00e0 Cultura, Tamires Fortuna, em live, nesta ter\u00e7a, \u00e0s 19h30, pelo Instagram @funalfacultura.<\/p>\n<p>\u201c\u00c9 uma grata satisfa\u00e7\u00e3o anunciar esse edital, em momento t\u00e3o delicado para todos os setores, e especialmente cruel na \u00e1rea da cultura, uma das mais afetadas pelas limita\u00e7\u00f5es impostas pela pandemia de covid-19. A reserva de 60% do total de recursos para segmentos historicamente alijados social e culturalmente tamb\u00e9m nos deixa satisfeitos e orgulhosos. \u00c9 importante destacar que essa decis\u00e3o teve apoio un\u00e2nime dos integrantes do Conselho Municipal de Cultura (Concult), o que sinaliza que a cidade est\u00e1 antenada com os movimentos de inclus\u00e3o e combate ao racismo\u201d, avaliou o prefeito Ant\u00f4nio Almas.<\/p>\n<p>O diretor-geral da Funalfa, Zezinho Mancini, explicou que a ideia do \u201cNa Nuvem\u201d \u00e9 criar oportunidade para todos os segmentos do sistema da cultura. Todas as propostas devem ser experimenta\u00e7\u00f5es digitais em torno do trabalho j\u00e1 desenvolvido pelo agente cultural: \u201cUm ator, por exemplo, pode gravar um texto em v\u00eddeo ou fazer uma vers\u00e3o apenas de \u00e1udio. \u00c9 poss\u00edvel, ainda, produzir uma s\u00e9rie de fotos que narrem o mesmo texto. Um m\u00fasico pode mandar um mp3, um v\u00eddeo com a m\u00fasica, ou criar um canal onde d\u00ea aulas de seu instrumento. Um t\u00e9cnico de luz pode fazer um v\u00eddeo sobre sua carreira, ou criar um blog no qual ensine fundamentos da ilumina\u00e7\u00e3o c\u00eanica. Uma costureira pode fazer um v\u00eddeo, mostrando um tipo de ponto de costura. Um produtor pode realizar uma s\u00e9rie de lives, falando sobre a import\u00e2ncia do seu trabalho na cadeia da cultura\u201d.<\/p>\n<p>Mancini explicou que o nome do edital \u00e9 uma refer\u00eancia ao fato de que todo o material ser\u00e1 disponibilizado na internet, ficando hospedado &#8220;na nuvem&#8221;. Tamb\u00e9m \u00e9 alus\u00e3o ao momento atual nebuloso, com a atual situa\u00e7\u00e3o da cultura e da produ\u00e7\u00e3o. \u201cEsse edital busca propor um olhar mais positivo sobre tudo isso. H\u00e1 esperan\u00e7a quando olhamos pela janela (a de casa e ou as telas dos celulares, TVs e computadores) e acessamos cultura. Por fim, a nuvem tamb\u00e9m \u00e9 a ideia, a criatividade, et\u00e9rea, ef\u00eamera, mutante. Estamos falando de cria\u00e7\u00e3o e ter uma nuvem como s\u00edmbolo desse pensamento fluido e \u00e9 bastante interessante.\u201d<\/p>\n<p>A sele\u00e7\u00e3o dos projetos ser\u00e1 feita por comiss\u00e3o com seis especialistas, sendo tr\u00eas indicados pela Funalfa e tr\u00eas pelo Concult. O resultado final dever\u00e1 ser divulgado at\u00e9 10 de outubro. A entrega dos produtos dever\u00e1 acontecer at\u00e9 6 de novembro, e, no dia 13 do mesmo m\u00eas ser\u00e1 lan\u00e7ado site reunindo todo o material produzido pelos contemplados.<\/p>\n<p><strong>Fonte:\u00a0<\/strong>Assessoria<\/p>\n","protected":false},"excerpt":{"rendered":"<p>Cento e dois projetos de arte e cultura ser\u00e3o selecionados no \u201cNa Nuvem \u2013 Edital de Incentivo \u00e0 Cultura\u201d, cujas inscri\u00e7\u00f5es ser\u00e3o abertas pela Funda\u00e7\u00e3o Cultural \u201cAlfredo Ferreira Lage\u201d (Funalfa) nessa ter\u00e7a-feira, 15. O investimento global \u00e9 de R$ 77.520, de emenda parlamentar da deputada federal Margarida Salom\u00e3o, e cada proponente contemplado receber\u00e1 R$ 760 [&hellip;]<\/p>\n","protected":false},"author":96,"featured_media":168842,"comment_status":"closed","ping_status":"closed","sticky":false,"template":"","format":"standard","meta":{"footnotes":""},"categories":[256,436,439],"tags":[],"class_list":["post-168841","post","type-post","status-publish","format-standard","has-post-thumbnail","hentry","category-cultura","category-destaque-da-semana","category-ultima-hora"],"_links":{"self":[{"href":"https:\/\/diarioregionaldigital.com.br\/index.php?rest_route=\/wp\/v2\/posts\/168841","targetHints":{"allow":["GET"]}}],"collection":[{"href":"https:\/\/diarioregionaldigital.com.br\/index.php?rest_route=\/wp\/v2\/posts"}],"about":[{"href":"https:\/\/diarioregionaldigital.com.br\/index.php?rest_route=\/wp\/v2\/types\/post"}],"author":[{"embeddable":true,"href":"https:\/\/diarioregionaldigital.com.br\/index.php?rest_route=\/wp\/v2\/users\/96"}],"replies":[{"embeddable":true,"href":"https:\/\/diarioregionaldigital.com.br\/index.php?rest_route=%2Fwp%2Fv2%2Fcomments&post=168841"}],"version-history":[{"count":0,"href":"https:\/\/diarioregionaldigital.com.br\/index.php?rest_route=\/wp\/v2\/posts\/168841\/revisions"}],"wp:featuredmedia":[{"embeddable":true,"href":"https:\/\/diarioregionaldigital.com.br\/index.php?rest_route=\/wp\/v2\/media\/168842"}],"wp:attachment":[{"href":"https:\/\/diarioregionaldigital.com.br\/index.php?rest_route=%2Fwp%2Fv2%2Fmedia&parent=168841"}],"wp:term":[{"taxonomy":"category","embeddable":true,"href":"https:\/\/diarioregionaldigital.com.br\/index.php?rest_route=%2Fwp%2Fv2%2Fcategories&post=168841"},{"taxonomy":"post_tag","embeddable":true,"href":"https:\/\/diarioregionaldigital.com.br\/index.php?rest_route=%2Fwp%2Fv2%2Ftags&post=168841"}],"curies":[{"name":"wp","href":"https:\/\/api.w.org\/{rel}","templated":true}]}}