{"id":168838,"date":"2020-09-14T21:51:44","date_gmt":"2020-09-15T00:51:44","guid":{"rendered":"https:\/\/diarioregionaldigital.com.br\/?p=168838"},"modified":"2020-09-14T21:51:44","modified_gmt":"2020-09-15T00:51:44","slug":"jovem-e-morto-a-tiros-no-dom-bosco","status":"publish","type":"post","link":"https:\/\/diarioregionaldigital.com.br\/?p=168838","title":{"rendered":"Jovem \u00e9 morto a tiros no Dom Bosco"},"content":{"rendered":"<p>Na noite de domingo (13), um jovem estava sentado em frente \u00e0 sua resid\u00eancia, no Bairro Dom Bosco (Regi\u00e3o Central), quando em um determinado momento, foi abordado por um indiv\u00edduo que com posse de arma de fogo, efetuou quatro disparos contra a v\u00edtima e fugiu logo em seguida. O Samu foi acionado e ao chegar no local, constatou o \u00f3bito. A per\u00edcia tamb\u00e9m esteve presente e foi constatado que a v\u00edtima foi atingida por dois disparos, um no t\u00f3rax e outro na regi\u00e3o lombar.<\/p>\n<p>Al\u00e9m disso, foi localizado um telefone celular, um envelope com a quantia de R$ 84,00 em dinheiro e uma bucha de maconha. Ap\u00f3s realizar os trabalhos de praxe o corpo foi liberado para a funer\u00e1ria de plant\u00e3o. Em relatos \u00e0 Pol\u00edcia Militar (PM), os populares n\u00e3o souberam passar mais informa\u00e7\u00f5es sobre o autor do crime e que o mesmo n\u00e3o \u00e9 morador do bairro.<\/p>\n","protected":false},"excerpt":{"rendered":"<p>Na noite de domingo (13), um jovem estava sentado em frente \u00e0 sua resid\u00eancia, no Bairro Dom Bosco (Regi\u00e3o Central), quando em um determinado momento, foi abordado por um indiv\u00edduo que com posse de arma de fogo, efetuou quatro disparos contra a v\u00edtima e fugiu logo em seguida. O Samu foi acionado e ao chegar [&hellip;]<\/p>\n","protected":false},"author":96,"featured_media":165308,"comment_status":"closed","ping_status":"closed","sticky":false,"template":"","format":"standard","meta":{"footnotes":""},"categories":[301,436,439],"tags":[],"class_list":["post-168838","post","type-post","status-publish","format-standard","has-post-thumbnail","hentry","category-artigos-policiais","category-destaque-da-semana","category-ultima-hora"],"_links":{"self":[{"href":"https:\/\/diarioregionaldigital.com.br\/index.php?rest_route=\/wp\/v2\/posts\/168838","targetHints":{"allow":["GET"]}}],"collection":[{"href":"https:\/\/diarioregionaldigital.com.br\/index.php?rest_route=\/wp\/v2\/posts"}],"about":[{"href":"https:\/\/diarioregionaldigital.com.br\/index.php?rest_route=\/wp\/v2\/types\/post"}],"author":[{"embeddable":true,"href":"https:\/\/diarioregionaldigital.com.br\/index.php?rest_route=\/wp\/v2\/users\/96"}],"replies":[{"embeddable":true,"href":"https:\/\/diarioregionaldigital.com.br\/index.php?rest_route=%2Fwp%2Fv2%2Fcomments&post=168838"}],"version-history":[{"count":0,"href":"https:\/\/diarioregionaldigital.com.br\/index.php?rest_route=\/wp\/v2\/posts\/168838\/revisions"}],"wp:featuredmedia":[{"embeddable":true,"href":"https:\/\/diarioregionaldigital.com.br\/index.php?rest_route=\/wp\/v2\/media\/165308"}],"wp:attachment":[{"href":"https:\/\/diarioregionaldigital.com.br\/index.php?rest_route=%2Fwp%2Fv2%2Fmedia&parent=168838"}],"wp:term":[{"taxonomy":"category","embeddable":true,"href":"https:\/\/diarioregionaldigital.com.br\/index.php?rest_route=%2Fwp%2Fv2%2Fcategories&post=168838"},{"taxonomy":"post_tag","embeddable":true,"href":"https:\/\/diarioregionaldigital.com.br\/index.php?rest_route=%2Fwp%2Fv2%2Ftags&post=168838"}],"curies":[{"name":"wp","href":"https:\/\/api.w.org\/{rel}","templated":true}]}}