{"id":168836,"date":"2020-09-14T21:46:05","date_gmt":"2020-09-15T00:46:05","guid":{"rendered":"https:\/\/diarioregionaldigital.com.br\/?p=168836"},"modified":"2020-09-14T21:46:05","modified_gmt":"2020-09-15T00:46:05","slug":"homem-e-esfaqueado-na-avenida-jk","status":"publish","type":"post","link":"https:\/\/diarioregionaldigital.com.br\/?p=168836","title":{"rendered":"Homem \u00e9 esfaqueado na Avenida JK"},"content":{"rendered":"<p>Na noite de domingo (13), um homem de 38 anos, foi esfaqueado nas costas, enquanto caminhava pela Avenida Juscelino Kubitschek, no Bairro Benfica (Regi\u00e3o Norte). Ap\u00f3s o ocorrido, a v\u00edtima procurou ajuda de um morador local e logo em seguida foi encaminhada para a UPA Norte. A Pol\u00edcia Militar (PM) foi acionada e em contato com o rapaz, este relatou que se deparou com um indiv\u00edduo com posse de faca e sem motivos desferiu v\u00e1rios golpes contra a v\u00edtima. O autor seria o dono de um ferro velho que o acusaria de realizar furtos no local.<\/p>\n<p>Durante rastreamento, o suspeito foi localizado e preso. Ap\u00f3s buscas em seu caminh\u00e3o, foi encontrada a referida faca utilizada no crime. Em relatos aos militares, o autor diz que seu estabelecimento vem sendo constantemente furtado e que o respons\u00e1vel seria a pr\u00f3pria v\u00edtima. Diante do exposto a faca foi apreendida e o autor foi encaminhado para a Delegacia de Pol\u00edcia Civil.<\/p>\n","protected":false},"excerpt":{"rendered":"<p>Na noite de domingo (13), um homem de 38 anos, foi esfaqueado nas costas, enquanto caminhava pela Avenida Juscelino Kubitschek, no Bairro Benfica (Regi\u00e3o Norte). Ap\u00f3s o ocorrido, a v\u00edtima procurou ajuda de um morador local e logo em seguida foi encaminhada para a UPA Norte. A Pol\u00edcia Militar (PM) foi acionada e em contato [&hellip;]<\/p>\n","protected":false},"author":96,"featured_media":165308,"comment_status":"closed","ping_status":"closed","sticky":false,"template":"","format":"standard","meta":{"footnotes":""},"categories":[301,436,439],"tags":[],"class_list":["post-168836","post","type-post","status-publish","format-standard","has-post-thumbnail","hentry","category-artigos-policiais","category-destaque-da-semana","category-ultima-hora"],"_links":{"self":[{"href":"https:\/\/diarioregionaldigital.com.br\/index.php?rest_route=\/wp\/v2\/posts\/168836","targetHints":{"allow":["GET"]}}],"collection":[{"href":"https:\/\/diarioregionaldigital.com.br\/index.php?rest_route=\/wp\/v2\/posts"}],"about":[{"href":"https:\/\/diarioregionaldigital.com.br\/index.php?rest_route=\/wp\/v2\/types\/post"}],"author":[{"embeddable":true,"href":"https:\/\/diarioregionaldigital.com.br\/index.php?rest_route=\/wp\/v2\/users\/96"}],"replies":[{"embeddable":true,"href":"https:\/\/diarioregionaldigital.com.br\/index.php?rest_route=%2Fwp%2Fv2%2Fcomments&post=168836"}],"version-history":[{"count":0,"href":"https:\/\/diarioregionaldigital.com.br\/index.php?rest_route=\/wp\/v2\/posts\/168836\/revisions"}],"wp:featuredmedia":[{"embeddable":true,"href":"https:\/\/diarioregionaldigital.com.br\/index.php?rest_route=\/wp\/v2\/media\/165308"}],"wp:attachment":[{"href":"https:\/\/diarioregionaldigital.com.br\/index.php?rest_route=%2Fwp%2Fv2%2Fmedia&parent=168836"}],"wp:term":[{"taxonomy":"category","embeddable":true,"href":"https:\/\/diarioregionaldigital.com.br\/index.php?rest_route=%2Fwp%2Fv2%2Fcategories&post=168836"},{"taxonomy":"post_tag","embeddable":true,"href":"https:\/\/diarioregionaldigital.com.br\/index.php?rest_route=%2Fwp%2Fv2%2Ftags&post=168836"}],"curies":[{"name":"wp","href":"https:\/\/api.w.org\/{rel}","templated":true}]}}