{"id":168834,"date":"2020-09-14T21:37:02","date_gmt":"2020-09-15T00:37:02","guid":{"rendered":"https:\/\/diarioregionaldigital.com.br\/?p=168834"},"modified":"2020-09-14T21:37:02","modified_gmt":"2020-09-15T00:37:02","slug":"jovem-e-assaltado-em-ponto-de-onibus-no-centro-de-juiz-de-fora","status":"publish","type":"post","link":"https:\/\/diarioregionaldigital.com.br\/?p=168834","title":{"rendered":"Jovem \u00e9 assaltado em ponto de \u00f4nibus no Centro de Juiz de Fora"},"content":{"rendered":"<p>Na noite de domingo (13), um jovem de 22 anos, estava em um ponto de \u00f4nibus no Centro de Juiz de Fora, quando um indiv\u00edduo se aproximou por tr\u00e1s aplicando-lhe uma gravata e apontou uma faca em dire\u00e7\u00e3o ao pesco\u00e7o da v\u00edtima, ordenando que a mesma entregasse o celular. Apos a entrega do aparelho, a v\u00edtima percebeu que se tratava de uma faca de cortar p\u00e3o. Neste momento tentou reagir, entretanto o autor retirou uma tesoura e ap\u00f3s amea\u00e7\u00e1-lo, fugiu dire\u00e7\u00e3o ao Bairro Po\u00e7o Rico. De posse das informa\u00e7\u00f5es, a Pol\u00edcia Militar (PM) iniciou rastreamento e localizou o referido autor, que foi preso em flagrante e encaminhado para a Delegacia de Pol\u00edcia Civil.<\/p>\n","protected":false},"excerpt":{"rendered":"<p>Na noite de domingo (13), um jovem de 22 anos, estava em um ponto de \u00f4nibus no Centro de Juiz de Fora, quando um indiv\u00edduo se aproximou por tr\u00e1s aplicando-lhe uma gravata e apontou uma faca em dire\u00e7\u00e3o ao pesco\u00e7o da v\u00edtima, ordenando que a mesma entregasse o celular. Apos a entrega do aparelho, a [&hellip;]<\/p>\n","protected":false},"author":96,"featured_media":165308,"comment_status":"closed","ping_status":"closed","sticky":false,"template":"","format":"standard","meta":{"footnotes":""},"categories":[301,436,439],"tags":[],"class_list":["post-168834","post","type-post","status-publish","format-standard","has-post-thumbnail","hentry","category-artigos-policiais","category-destaque-da-semana","category-ultima-hora"],"_links":{"self":[{"href":"https:\/\/diarioregionaldigital.com.br\/index.php?rest_route=\/wp\/v2\/posts\/168834","targetHints":{"allow":["GET"]}}],"collection":[{"href":"https:\/\/diarioregionaldigital.com.br\/index.php?rest_route=\/wp\/v2\/posts"}],"about":[{"href":"https:\/\/diarioregionaldigital.com.br\/index.php?rest_route=\/wp\/v2\/types\/post"}],"author":[{"embeddable":true,"href":"https:\/\/diarioregionaldigital.com.br\/index.php?rest_route=\/wp\/v2\/users\/96"}],"replies":[{"embeddable":true,"href":"https:\/\/diarioregionaldigital.com.br\/index.php?rest_route=%2Fwp%2Fv2%2Fcomments&post=168834"}],"version-history":[{"count":0,"href":"https:\/\/diarioregionaldigital.com.br\/index.php?rest_route=\/wp\/v2\/posts\/168834\/revisions"}],"wp:featuredmedia":[{"embeddable":true,"href":"https:\/\/diarioregionaldigital.com.br\/index.php?rest_route=\/wp\/v2\/media\/165308"}],"wp:attachment":[{"href":"https:\/\/diarioregionaldigital.com.br\/index.php?rest_route=%2Fwp%2Fv2%2Fmedia&parent=168834"}],"wp:term":[{"taxonomy":"category","embeddable":true,"href":"https:\/\/diarioregionaldigital.com.br\/index.php?rest_route=%2Fwp%2Fv2%2Fcategories&post=168834"},{"taxonomy":"post_tag","embeddable":true,"href":"https:\/\/diarioregionaldigital.com.br\/index.php?rest_route=%2Fwp%2Fv2%2Ftags&post=168834"}],"curies":[{"name":"wp","href":"https:\/\/api.w.org\/{rel}","templated":true}]}}