{"id":168831,"date":"2020-09-14T19:11:46","date_gmt":"2020-09-14T22:11:46","guid":{"rendered":"https:\/\/diarioregionaldigital.com.br\/?p=168831"},"modified":"2020-09-14T19:11:46","modified_gmt":"2020-09-14T22:11:46","slug":"covid-19-brasil-acumula-132-mil-mortes-e-43-milhoes-de-casos","status":"publish","type":"post","link":"https:\/\/diarioregionaldigital.com.br\/?p=168831","title":{"rendered":"Covid-19: Brasil acumula 132 mil mortes e 4,3 milh\u00f5es de casos"},"content":{"rendered":"<p>O Brasil registrou, nas \u00faltimas 24 horas, 381 novas mortes por covid-19, chegando a 132.006 vidas perdidas desde o in\u00edcio da pandemia. Os dados est\u00e3o no balan\u00e7o di\u00e1rio divulgado pelo Minist\u00e9rio da Sa\u00fade na noite desta segunda-feira (14). Ontem o sistema contabilizava 131.625 falecimentos. Ainda h\u00e1 2.498 \u00f3bitos em investiga\u00e7\u00e3o.<img decoding=\"async\" src=\"https:\/\/agenciabrasil.ebc.com.br\/ebc.png?id=1387890&amp;o=node\" \/><img decoding=\"async\" src=\"https:\/\/agenciabrasil.ebc.com.br\/ebc.gif?id=1387890&amp;o=node\" \/><\/p>\n<p>O n\u00famero de casos acumulados atingiu 4.345.610. Entre ontem e hoje, as secretarias de sa\u00fade de estados notificaram 15.115 novos diagn\u00f3sticos positivos de infec\u00e7\u00e3o pelo novo coronav\u00edrus. Ontem o painel do Minist\u00e9rio da Sa\u00fade trazia 4.330.455 casos acumulados.<\/p>\n<p>Os casos registrados costumam ser menores aos domingos e segundas-feiras pela\u00a0limita\u00e7\u00e3o das secretarias de sa\u00fade de\u00a0alimentar o sistema nacional. J\u00e1 \u00e0s ter\u00e7as-feiras, o n\u00famero tem sido maior pelo envio dos dados acumulados no final\u00a0de semana.inda de acordo com a atualiza\u00e7\u00e3o do minist\u00e9rio, 600.420 pessoas est\u00e3o em acompanhamento e outras 3.608.993 j\u00e1 se recuperaram da doen\u00e7a.<\/p>\n<p><strong>Dados estaduais<\/strong><\/p>\n<p>Os estados que contabilizam mais morte s\u00e3o S\u00e3o Paulo (32.642), Rio\u00a0de Janeiro\u00a0(17.003), Cear\u00e1 (8.698), Pernambuco (7.888) e Par\u00e1 (6.368). As unidades da Federa\u00e7\u00e3o com menos vidas perdidas at\u00e9 o momento s\u00e3o Roraima (610), Acre (640), Amap\u00e1 (680), Tocantins (814) e Mato Grosso do Sul (1.085).<\/p>\n<p><strong>Fonte:<\/strong> Ag\u00eancia Brasil<\/p>\n","protected":false},"excerpt":{"rendered":"<p>O Brasil registrou, nas \u00faltimas 24 horas, 381 novas mortes por covid-19, chegando a 132.006 vidas perdidas desde o in\u00edcio da pandemia. Os dados est\u00e3o no balan\u00e7o di\u00e1rio divulgado pelo Minist\u00e9rio da Sa\u00fade na noite desta segunda-feira (14). Ontem o sistema contabilizava 131.625 falecimentos. Ainda h\u00e1 2.498 \u00f3bitos em investiga\u00e7\u00e3o. O n\u00famero de casos acumulados [&hellip;]<\/p>\n","protected":false},"author":96,"featured_media":168832,"comment_status":"closed","ping_status":"closed","sticky":false,"template":"","format":"standard","meta":{"footnotes":""},"categories":[302,436,440,439],"tags":[],"class_list":["post-168831","post","type-post","status-publish","format-standard","has-post-thumbnail","hentry","category-brasil-mundo","category-destaque-da-semana","category-destaques-do-dia","category-ultima-hora"],"_links":{"self":[{"href":"https:\/\/diarioregionaldigital.com.br\/index.php?rest_route=\/wp\/v2\/posts\/168831","targetHints":{"allow":["GET"]}}],"collection":[{"href":"https:\/\/diarioregionaldigital.com.br\/index.php?rest_route=\/wp\/v2\/posts"}],"about":[{"href":"https:\/\/diarioregionaldigital.com.br\/index.php?rest_route=\/wp\/v2\/types\/post"}],"author":[{"embeddable":true,"href":"https:\/\/diarioregionaldigital.com.br\/index.php?rest_route=\/wp\/v2\/users\/96"}],"replies":[{"embeddable":true,"href":"https:\/\/diarioregionaldigital.com.br\/index.php?rest_route=%2Fwp%2Fv2%2Fcomments&post=168831"}],"version-history":[{"count":0,"href":"https:\/\/diarioregionaldigital.com.br\/index.php?rest_route=\/wp\/v2\/posts\/168831\/revisions"}],"wp:featuredmedia":[{"embeddable":true,"href":"https:\/\/diarioregionaldigital.com.br\/index.php?rest_route=\/wp\/v2\/media\/168832"}],"wp:attachment":[{"href":"https:\/\/diarioregionaldigital.com.br\/index.php?rest_route=%2Fwp%2Fv2%2Fmedia&parent=168831"}],"wp:term":[{"taxonomy":"category","embeddable":true,"href":"https:\/\/diarioregionaldigital.com.br\/index.php?rest_route=%2Fwp%2Fv2%2Fcategories&post=168831"},{"taxonomy":"post_tag","embeddable":true,"href":"https:\/\/diarioregionaldigital.com.br\/index.php?rest_route=%2Fwp%2Fv2%2Ftags&post=168831"}],"curies":[{"name":"wp","href":"https:\/\/api.w.org\/{rel}","templated":true}]}}