{"id":168808,"date":"2020-09-14T17:14:37","date_gmt":"2020-09-14T20:14:37","guid":{"rendered":"https:\/\/diarioregionaldigital.com.br\/?p=168808"},"modified":"2020-09-14T17:14:37","modified_gmt":"2020-09-14T20:14:37","slug":"pm-apreende-345-pedras-de-crack-durante-operacao-no-santa-luzia","status":"publish","type":"post","link":"https:\/\/diarioregionaldigital.com.br\/?p=168808","title":{"rendered":"PM apreende 345 pedras de crack durante opera\u00e7\u00e3o no Santa Luzia"},"content":{"rendered":"<p><span style=\"font-weight: 400;\">Durante opera\u00e7\u00e3o realizada na noite de domingo (13) no Bairro Santa Luzia (Regi\u00e3o Sul) em Juiz de Fora. a Pol\u00edcia Militar (PM) recebeu informa\u00e7\u00f5es de populares, sobre uma poss\u00edvel comercializa\u00e7\u00e3o de drogas no local. Instantes depois, a guarni\u00e7\u00e3o compareceu ao endere\u00e7o indicado e abordou dois indiv\u00edduos, 21 e 25 anos, os quais passaram por buscas pessoais, mas nada de il\u00edcito foi encontrado.<\/span><\/p>\n<p><span style=\"font-weight: 400;\">Logo depois, os militares fizeram buscas pelas imedia\u00e7\u00f5es e foi localizado um pote pl\u00e1stico, contendo 82 pedras de crack prontas para venda. Dando prosseguimento \u00e0s dilig\u00eancias, foi encontrada uma pochete, contendo a quantia de R$ 561,00 em dinheiro, que estava escondida dentro de uma tubula\u00e7\u00e3o.<\/span><\/p>\n<p><span style=\"font-weight: 400;\">Posteriormente, foi feito acionamento de c\u00e3o farejador, para fazer buscas em um terreno baldio, onde foi apreendido um inv\u00f3lucro com 263 pedras de crack. A guarni\u00e7\u00e3o foi at\u00e9 \u00e0 resid\u00eancia de um dos autores apreendidos e em meio a vegeta\u00e7\u00e3o, foi localizada a quantia de R$ 4.130,00 em dinheiro. Na pr\u00f3pria resid\u00eancia, foi recolhido tamb\u00e9m um telefone celular.<\/span><\/p>\n<p><span style=\"font-weight: 400;\">Al\u00e9m disso, um terceiro suspeito, 19 anos, apareceu no local, relatando que ele seria o propriet\u00e1rio do celular apreendido e o mesmo seria o respons\u00e1vel pelo tr\u00e1fico. Diante dos fatos, os autores foram presos em flagrante e encaminhados para a Delegacia, junto com os materiais apreendidos.<\/span><\/p>\n","protected":false},"excerpt":{"rendered":"<p>Durante opera\u00e7\u00e3o realizada na noite de domingo (13) no Bairro Santa Luzia (Regi\u00e3o Sul) em Juiz de Fora. a Pol\u00edcia Militar (PM) recebeu informa\u00e7\u00f5es de populares, sobre uma poss\u00edvel comercializa\u00e7\u00e3o de drogas no local. Instantes depois, a guarni\u00e7\u00e3o compareceu ao endere\u00e7o indicado e abordou dois indiv\u00edduos, 21 e 25 anos, os quais passaram por buscas [&hellip;]<\/p>\n","protected":false},"author":96,"featured_media":168809,"comment_status":"closed","ping_status":"closed","sticky":false,"template":"","format":"standard","meta":{"footnotes":""},"categories":[301,436,440,439],"tags":[],"class_list":["post-168808","post","type-post","status-publish","format-standard","has-post-thumbnail","hentry","category-artigos-policiais","category-destaque-da-semana","category-destaques-do-dia","category-ultima-hora"],"_links":{"self":[{"href":"https:\/\/diarioregionaldigital.com.br\/index.php?rest_route=\/wp\/v2\/posts\/168808","targetHints":{"allow":["GET"]}}],"collection":[{"href":"https:\/\/diarioregionaldigital.com.br\/index.php?rest_route=\/wp\/v2\/posts"}],"about":[{"href":"https:\/\/diarioregionaldigital.com.br\/index.php?rest_route=\/wp\/v2\/types\/post"}],"author":[{"embeddable":true,"href":"https:\/\/diarioregionaldigital.com.br\/index.php?rest_route=\/wp\/v2\/users\/96"}],"replies":[{"embeddable":true,"href":"https:\/\/diarioregionaldigital.com.br\/index.php?rest_route=%2Fwp%2Fv2%2Fcomments&post=168808"}],"version-history":[{"count":0,"href":"https:\/\/diarioregionaldigital.com.br\/index.php?rest_route=\/wp\/v2\/posts\/168808\/revisions"}],"wp:featuredmedia":[{"embeddable":true,"href":"https:\/\/diarioregionaldigital.com.br\/index.php?rest_route=\/wp\/v2\/media\/168809"}],"wp:attachment":[{"href":"https:\/\/diarioregionaldigital.com.br\/index.php?rest_route=%2Fwp%2Fv2%2Fmedia&parent=168808"}],"wp:term":[{"taxonomy":"category","embeddable":true,"href":"https:\/\/diarioregionaldigital.com.br\/index.php?rest_route=%2Fwp%2Fv2%2Fcategories&post=168808"},{"taxonomy":"post_tag","embeddable":true,"href":"https:\/\/diarioregionaldigital.com.br\/index.php?rest_route=%2Fwp%2Fv2%2Ftags&post=168808"}],"curies":[{"name":"wp","href":"https:\/\/api.w.org\/{rel}","templated":true}]}}