{"id":168748,"date":"2020-09-13T06:00:09","date_gmt":"2020-09-13T09:00:09","guid":{"rendered":"https:\/\/diarioregionaldigital.com.br\/?p=168748"},"modified":"2020-09-12T00:39:30","modified_gmt":"2020-09-12T03:39:30","slug":"168748","status":"publish","type":"post","link":"https:\/\/diarioregionaldigital.com.br\/?p=168748","title":{"rendered":"Finesse"},"content":{"rendered":"<p style=\"text-align: center;\"><strong>Reaparecimento<\/strong><\/p>\n<p style=\"text-align: center;\">Pesquisadores da UFRJ que investigam dois supostos casos de reinfec\u00e7\u00e3o pelo novo Coronav\u00edrus analisam se as pessoas foram, de fato, infectadas novamente ou se h\u00e1 persist\u00eancia do v\u00edrus no organismo. Intrigados os cientistas do Rio espera a resposta que vir\u00e1 da an\u00e1lise do genoma, que vai estabelecer as diferentes linhagens do Coronav\u00edrus.<\/p>\n<p style=\"text-align: center;\"><strong>Mesa Posta<\/strong><\/p>\n<p style=\"text-align: center;\">Dona da Carioqu\u00edssima Dona da Chor, Marca de bijoux e semi-joias, Sheila Chor fechou a loja devido a pandemia mas n\u00e3o ficou parada. Ela aproveitou o isolamento social pra antecipar um desejo antigo de criar uma linha home. Os porta-guardanapos s\u00e3o lindos e floridos. Confira no Instagram clojachor.<\/p>\n<p style=\"text-align: center;\"><strong>Teto Salarial<\/strong><\/p>\n<p style=\"text-align: center;\">Observando os acontecimentos conclu\u00edmos que a equipe econ\u00f4mica est\u00e1 procurando fontes de financiamento para o Renda Brasil. Entre as op\u00e7\u00f5es est\u00e1 a regulamenta\u00e7\u00e3o de teto salarial do funcionalismo p\u00fablico, que, embora vista como \u201ceticamente correta\u2019, teria um impacto fiscal menor, de cerca de R$ 2 bilh\u00f5es. Ora, em um pa\u00eds com tanta desigualdade como o Brasil, acabar com os super sal\u00e1rios do funcionalismo passa a ser obriga\u00e7\u00e3o moral. N\u00e3o compreendemos como tal medida ainda n\u00e3o foi tomada.<\/p>\n<p style=\"text-align: center;\"><strong>Salve o Rei<\/strong><\/p>\n<p style=\"text-align: center;\">Novamente dirigido por Boninho, o especial de Roberto Carlos na Globo vai ter show gravado com convidados especiais e, provavelmente nos Est\u00fadios Globo _mas sem plat\u00e9ia. O Rei que j\u00e1 era conhecido por ter preocupa\u00e7\u00f5es com v\u00edrus e germes antes da pandemia anda mais paranoico do que nunca com a higieniza\u00e7\u00e3o dos ambientes.<\/p>\n<p style=\"text-align: center;\"><span style=\"font-size: 14pt;\"><strong>Finesse<\/strong><\/span><\/p>\n<p style=\"text-align: center;\">O artista pl\u00e1stico Wesley Monteiro abriu os sal\u00f5es do bem decorado apartamento de cobertura no Alto dos Passos para comemorar idade nova. A arte e engenho do anfitri\u00e3o esteve presente na decora\u00e7\u00e3o com tufos de flores e plantas ex\u00f3ticas emolduradas pelos belos quadros de sua autoria. Rodadas de bebidas serviram de contra-ponto para o servi\u00e7o fin\u00edssimo do novo Buffet M.Marques. As fotos registram.<\/p>\n<div id=\"attachment_168733\" style=\"width: 690px\" class=\"wp-caption aligncenter\"><img loading=\"lazy\" decoding=\"async\" aria-describedby=\"caption-attachment-168733\" class=\"wp-image-168733\" src=\"https:\/\/diarioregionaldigital.com.br\/wp-content\/uploads\/2020\/09\/fotoa-6-e1599880527634.jpg\" alt=\"\" width=\"680\" height=\"459\" srcset=\"https:\/\/diarioregionaldigital.com.br\/wp-content\/uploads\/2020\/09\/fotoa-6-e1599880527634.jpg 960w, https:\/\/diarioregionaldigital.com.br\/wp-content\/uploads\/2020\/09\/fotoa-6-e1599880527634-300x203.jpg 300w, https:\/\/diarioregionaldigital.com.br\/wp-content\/uploads\/2020\/09\/fotoa-6-e1599880527634-768x518.jpg 768w, https:\/\/diarioregionaldigital.com.br\/wp-content\/uploads\/2020\/09\/fotoa-6-e1599880527634-360x243.jpg 360w\" sizes=\"auto, (max-width: 680px) 100vw, 680px\" \/><p id=\"caption-attachment-168733\" class=\"wp-caption-text\">Gabriela Bonoto, Wesley Monteiro (aniversariando) S\u00e9rgio Rocha, La\u00eds Bonoto,<br \/>Lucas Bonoto e Danielle Resende<\/p><\/div>\n<div id=\"attachment_168734\" style=\"width: 690px\" class=\"wp-caption aligncenter\"><img loading=\"lazy\" decoding=\"async\" aria-describedby=\"caption-attachment-168734\" class=\"wp-image-168734\" src=\"https:\/\/diarioregionaldigital.com.br\/wp-content\/uploads\/2020\/09\/fotob-5-e1599881135641.jpg\" alt=\"\" width=\"680\" height=\"522\" srcset=\"https:\/\/diarioregionaldigital.com.br\/wp-content\/uploads\/2020\/09\/fotob-5-e1599881135641.jpg 684w, https:\/\/diarioregionaldigital.com.br\/wp-content\/uploads\/2020\/09\/fotob-5-e1599881135641-300x230.jpg 300w, https:\/\/diarioregionaldigital.com.br\/wp-content\/uploads\/2020\/09\/fotob-5-e1599881135641-360x276.jpg 360w\" sizes=\"auto, (max-width: 680px) 100vw, 680px\" \/><p id=\"caption-attachment-168734\" class=\"wp-caption-text\">Gabriele Monteiro, Mariana Monteiro Terra e Wesley Monteiro<\/p><\/div>\n<div id=\"attachment_168735\" style=\"width: 690px\" class=\"wp-caption aligncenter\"><img loading=\"lazy\" decoding=\"async\" aria-describedby=\"caption-attachment-168735\" class=\"wp-image-168735\" src=\"https:\/\/diarioregionaldigital.com.br\/wp-content\/uploads\/2020\/09\/fotoc-4.jpg\" alt=\"\" width=\"680\" height=\"510\" srcset=\"https:\/\/diarioregionaldigital.com.br\/wp-content\/uploads\/2020\/09\/fotoc-4.jpg 960w, https:\/\/diarioregionaldigital.com.br\/wp-content\/uploads\/2020\/09\/fotoc-4-300x225.jpg 300w, https:\/\/diarioregionaldigital.com.br\/wp-content\/uploads\/2020\/09\/fotoc-4-768x576.jpg 768w, https:\/\/diarioregionaldigital.com.br\/wp-content\/uploads\/2020\/09\/fotoc-4-360x270.jpg 360w\" sizes=\"auto, (max-width: 680px) 100vw, 680px\" \/><p id=\"caption-attachment-168735\" class=\"wp-caption-text\">Carlos Sacchi, Mariana Monteiro Terra e Gabriele Monteiro<\/p><\/div>\n<div id=\"attachment_168736\" style=\"width: 690px\" class=\"wp-caption aligncenter\"><img loading=\"lazy\" decoding=\"async\" aria-describedby=\"caption-attachment-168736\" class=\"wp-image-168736\" src=\"https:\/\/diarioregionaldigital.com.br\/wp-content\/uploads\/2020\/09\/fotod-5-e1599881266948.jpg\" alt=\"\" width=\"680\" height=\"465\" srcset=\"https:\/\/diarioregionaldigital.com.br\/wp-content\/uploads\/2020\/09\/fotod-5-e1599881266948.jpg 712w, https:\/\/diarioregionaldigital.com.br\/wp-content\/uploads\/2020\/09\/fotod-5-e1599881266948-300x205.jpg 300w, https:\/\/diarioregionaldigital.com.br\/wp-content\/uploads\/2020\/09\/fotod-5-e1599881266948-360x246.jpg 360w\" sizes=\"auto, (max-width: 680px) 100vw, 680px\" \/><p id=\"caption-attachment-168736\" class=\"wp-caption-text\">Mois\u00e9s Rodrigues, V\u00e2nia De\u00e1s, Wesley Monteiro e S\u00e9rgio Rocha<\/p><\/div>\n<div id=\"attachment_168737\" style=\"width: 690px\" class=\"wp-caption aligncenter\"><img loading=\"lazy\" decoding=\"async\" aria-describedby=\"caption-attachment-168737\" class=\"wp-image-168737\" src=\"https:\/\/diarioregionaldigital.com.br\/wp-content\/uploads\/2020\/09\/fotoe-7-e1599881289318.jpg\" alt=\"\" width=\"680\" height=\"489\" srcset=\"https:\/\/diarioregionaldigital.com.br\/wp-content\/uploads\/2020\/09\/fotoe-7-e1599881289318.jpg 895w, https:\/\/diarioregionaldigital.com.br\/wp-content\/uploads\/2020\/09\/fotoe-7-e1599881289318-300x216.jpg 300w, https:\/\/diarioregionaldigital.com.br\/wp-content\/uploads\/2020\/09\/fotoe-7-e1599881289318-768x552.jpg 768w, https:\/\/diarioregionaldigital.com.br\/wp-content\/uploads\/2020\/09\/fotoe-7-e1599881289318-360x259.jpg 360w\" sizes=\"auto, (max-width: 680px) 100vw, 680px\" \/><p id=\"caption-attachment-168737\" class=\"wp-caption-text\">Milton Henrique, Carlos Sacchi, Jos\u00e9 Geraldo Vieira J\u00fanior, Wesley Monteiro e Lucas Andrade Saar<\/p><\/div>\n<div id=\"attachment_168738\" style=\"width: 690px\" class=\"wp-caption aligncenter\"><img loading=\"lazy\" decoding=\"async\" aria-describedby=\"caption-attachment-168738\" class=\"wp-image-168738\" src=\"https:\/\/diarioregionaldigital.com.br\/wp-content\/uploads\/2020\/09\/fotof-6-e1599881314442.jpg\" alt=\"\" width=\"680\" height=\"479\" srcset=\"https:\/\/diarioregionaldigital.com.br\/wp-content\/uploads\/2020\/09\/fotof-6-e1599881314442.jpg 943w, https:\/\/diarioregionaldigital.com.br\/wp-content\/uploads\/2020\/09\/fotof-6-e1599881314442-300x210.jpg 300w, https:\/\/diarioregionaldigital.com.br\/wp-content\/uploads\/2020\/09\/fotof-6-e1599881314442-768x541.jpg 768w, https:\/\/diarioregionaldigital.com.br\/wp-content\/uploads\/2020\/09\/fotof-6-e1599881314442-360x253.jpg 360w, https:\/\/diarioregionaldigital.com.br\/wp-content\/uploads\/2020\/09\/fotof-6-e1599881314442-100x70.jpg 100w\" sizes=\"auto, (max-width: 680px) 100vw, 680px\" \/><p id=\"caption-attachment-168738\" class=\"wp-caption-text\">Mois\u00e9s Rodrigues, Marcio Marques, Ricardo Alex Souza e S\u00e9rgio Rocha<\/p><\/div>\n<div id=\"attachment_168740\" style=\"width: 690px\" class=\"wp-caption aligncenter\"><img loading=\"lazy\" decoding=\"async\" aria-describedby=\"caption-attachment-168740\" class=\"wp-image-168740\" src=\"https:\/\/diarioregionaldigital.com.br\/wp-content\/uploads\/2020\/09\/fotoh-6-e1599881366998.jpg\" alt=\"\" width=\"680\" height=\"456\" srcset=\"https:\/\/diarioregionaldigital.com.br\/wp-content\/uploads\/2020\/09\/fotoh-6-e1599881366998.jpg 919w, https:\/\/diarioregionaldigital.com.br\/wp-content\/uploads\/2020\/09\/fotoh-6-e1599881366998-300x201.jpg 300w, https:\/\/diarioregionaldigital.com.br\/wp-content\/uploads\/2020\/09\/fotoh-6-e1599881366998-768x515.jpg 768w, https:\/\/diarioregionaldigital.com.br\/wp-content\/uploads\/2020\/09\/fotoh-6-e1599881366998-360x241.jpg 360w\" sizes=\"auto, (max-width: 680px) 100vw, 680px\" \/><p id=\"caption-attachment-168740\" class=\"wp-caption-text\">Gisele Monteiro, Gabriele Monteiro, Mariana Monteiro, Wesley Monteiro e Izaura Rocha<\/p><\/div>\n<div id=\"attachment_168741\" style=\"width: 690px\" class=\"wp-caption aligncenter\"><img loading=\"lazy\" decoding=\"async\" aria-describedby=\"caption-attachment-168741\" class=\"wp-image-168741\" src=\"https:\/\/diarioregionaldigital.com.br\/wp-content\/uploads\/2020\/09\/fotoi-5-e1599881399277.jpg\" alt=\"\" width=\"680\" height=\"514\" srcset=\"https:\/\/diarioregionaldigital.com.br\/wp-content\/uploads\/2020\/09\/fotoi-5-e1599881399277.jpg 720w, https:\/\/diarioregionaldigital.com.br\/wp-content\/uploads\/2020\/09\/fotoi-5-e1599881399277-300x227.jpg 300w, https:\/\/diarioregionaldigital.com.br\/wp-content\/uploads\/2020\/09\/fotoi-5-e1599881399277-360x272.jpg 360w\" sizes=\"auto, (max-width: 680px) 100vw, 680px\" \/><p id=\"caption-attachment-168741\" class=\"wp-caption-text\">O parab\u00e9ns pra voc\u00ea com Wesley Monteiro em fina mesa com bolo e docinhos deliciosos<\/p><\/div>\n<div id=\"attachment_168739\" style=\"width: 690px\" class=\"wp-caption aligncenter\"><img loading=\"lazy\" decoding=\"async\" aria-describedby=\"caption-attachment-168739\" class=\"wp-image-168739\" src=\"https:\/\/diarioregionaldigital.com.br\/wp-content\/uploads\/2020\/09\/fotog-7-e1599881343110.jpg\" alt=\"\" width=\"680\" height=\"499\" srcset=\"https:\/\/diarioregionaldigital.com.br\/wp-content\/uploads\/2020\/09\/fotog-7-e1599881343110.jpg 720w, https:\/\/diarioregionaldigital.com.br\/wp-content\/uploads\/2020\/09\/fotog-7-e1599881343110-300x220.jpg 300w, https:\/\/diarioregionaldigital.com.br\/wp-content\/uploads\/2020\/09\/fotog-7-e1599881343110-360x264.jpg 360w\" sizes=\"auto, (max-width: 680px) 100vw, 680px\" \/><p id=\"caption-attachment-168739\" class=\"wp-caption-text\">O compos\u00e9 de flores arte e plantas para o bolo e canap\u00e9s by Buffet M.Marques<\/p><\/div>\n<p style=\"text-align: center;\"><strong>FOTOSS\u00cdNTESE<\/strong><\/p>\n<p>Abra\u00e7os carinhosos para m\u00e9dicos e enfermeiros de Juiz de Fora que est\u00e3o na linha de frente no combate a Covid-19.<\/p>\n<p>Jovens lindos e carism\u00e1ticos, Ramon David, Thais Fernandes e Eduardo Gama se uniram e distribu\u00edram roupas, agasalhos e produtos de higiene para os mais necessitados. Belo Exemplo.<\/p>\n<p>Direto de Portugal, Alexei Walchenberg convida para o encerramento hoje (13) com o Festim no tropical HUB do Festival Internacional de Cinema, promovido pela Casa de Cultura.<\/p>\n<p>Dica: ler o livro \u2018As coisas humanas\u2019, da incr\u00edvel escritora Lya Luft.<\/p>\n<p>Cemig voltou com atendimento presenciais e a retomada cumpre as recomenda\u00e7\u00f5es das organiza\u00e7\u00f5es de sa\u00fade e do Plano Minas Consciente, do governo Estadual. Para ter acesso ao interior da ag\u00eancia, \u00e9 obrigat\u00f3ria a utiliza\u00e7\u00e3o de m\u00e1scara.<\/p>\n<p>Sempre inovando, o cantor Alceu Valen\u00e7a lan\u00e7ou mais tr\u00eas estampas de sua cole\u00e7\u00e3o em camisetas da Chico Rei. Bem coloridas as pe\u00e7as s\u00e3o inspiradas nas m\u00fasica: \u201cBicho Maluco Beleza\u201d, \u201cLa Belle de Jour\u201d e \u201cMorena tropicana\u201d.<\/p>\n<p>Ser\u00e1 lan\u00e7ado por um cons\u00f3rcio de empresas e a reurbaniza\u00e7\u00e3o do trevo de acesso ao Estrela Sul ao Independ\u00eancia Shopping.<\/p>\n<p>Os efeitos da pandemia chegou aos ricos. Tem gente vendendo joias de fam\u00edlia, fazendo rifa de obras de arte e leil\u00e3o de propriedades para sobreviver. T\u00e1 deia a coisa.<\/p>\n<p>A dupla formada por Leandro Costa e Daniel Perotta lan\u00e7ou a m\u00fasica \u201cTudo por voc\u00ea\u201d, ap\u00f3s sucesso de \u201cMinha Sereia\u201d, com 18 mil audi\u00e7\u00f5es no Spotify.<\/p>\n<p>Para se ligar: Quando nossas inten\u00e7\u00f5es s\u00e3o parte de um bem maior, todo o universo conspira para se tornar reais. Bom dia.<\/p>\n<p><img loading=\"lazy\" decoding=\"async\" class=\"aligncenter size-full wp-image-168749\" src=\"https:\/\/diarioregionaldigital.com.br\/wp-content\/uploads\/2020\/09\/anuncio41-scaled.jpg\" alt=\"\" width=\"2560\" height=\"952\" srcset=\"https:\/\/diarioregionaldigital.com.br\/wp-content\/uploads\/2020\/09\/anuncio41-scaled.jpg 2560w, https:\/\/diarioregionaldigital.com.br\/wp-content\/uploads\/2020\/09\/anuncio41-300x112.jpg 300w, https:\/\/diarioregionaldigital.com.br\/wp-content\/uploads\/2020\/09\/anuncio41-1024x381.jpg 1024w, https:\/\/diarioregionaldigital.com.br\/wp-content\/uploads\/2020\/09\/anuncio41-768x286.jpg 768w, https:\/\/diarioregionaldigital.com.br\/wp-content\/uploads\/2020\/09\/anuncio41-1536x571.jpg 1536w, https:\/\/diarioregionaldigital.com.br\/wp-content\/uploads\/2020\/09\/anuncio41-2048x762.jpg 2048w, https:\/\/diarioregionaldigital.com.br\/wp-content\/uploads\/2020\/09\/anuncio41-360x134.jpg 360w\" sizes=\"auto, (max-width: 2560px) 100vw, 2560px\" \/><\/p>\n","protected":false},"excerpt":{"rendered":"<p>Reaparecimento Pesquisadores da UFRJ que investigam dois supostos casos de reinfec\u00e7\u00e3o pelo novo Coronav\u00edrus analisam se as pessoas foram, de fato, infectadas novamente ou se h\u00e1 persist\u00eancia do v\u00edrus no organismo. Intrigados os cientistas do Rio espera a resposta que vir\u00e1 da an\u00e1lise do genoma, que vai estabelecer as diferentes linhagens do Coronav\u00edrus. Mesa Posta [&hellip;]<\/p>\n","protected":false},"author":96,"featured_media":168733,"comment_status":"closed","ping_status":"closed","sticky":false,"template":"","format":"standard","meta":{"footnotes":""},"categories":[264],"tags":[],"class_list":["post-168748","post","type-post","status-publish","format-standard","has-post-thumbnail","hentry","category-eduardo-gomes"],"_links":{"self":[{"href":"https:\/\/diarioregionaldigital.com.br\/index.php?rest_route=\/wp\/v2\/posts\/168748","targetHints":{"allow":["GET"]}}],"collection":[{"href":"https:\/\/diarioregionaldigital.com.br\/index.php?rest_route=\/wp\/v2\/posts"}],"about":[{"href":"https:\/\/diarioregionaldigital.com.br\/index.php?rest_route=\/wp\/v2\/types\/post"}],"author":[{"embeddable":true,"href":"https:\/\/diarioregionaldigital.com.br\/index.php?rest_route=\/wp\/v2\/users\/96"}],"replies":[{"embeddable":true,"href":"https:\/\/diarioregionaldigital.com.br\/index.php?rest_route=%2Fwp%2Fv2%2Fcomments&post=168748"}],"version-history":[{"count":0,"href":"https:\/\/diarioregionaldigital.com.br\/index.php?rest_route=\/wp\/v2\/posts\/168748\/revisions"}],"wp:featuredmedia":[{"embeddable":true,"href":"https:\/\/diarioregionaldigital.com.br\/index.php?rest_route=\/wp\/v2\/media\/168733"}],"wp:attachment":[{"href":"https:\/\/diarioregionaldigital.com.br\/index.php?rest_route=%2Fwp%2Fv2%2Fmedia&parent=168748"}],"wp:term":[{"taxonomy":"category","embeddable":true,"href":"https:\/\/diarioregionaldigital.com.br\/index.php?rest_route=%2Fwp%2Fv2%2Fcategories&post=168748"},{"taxonomy":"post_tag","embeddable":true,"href":"https:\/\/diarioregionaldigital.com.br\/index.php?rest_route=%2Fwp%2Fv2%2Ftags&post=168748"}],"curies":[{"name":"wp","href":"https:\/\/api.w.org\/{rel}","templated":true}]}}