{"id":168611,"date":"2020-09-10T17:25:25","date_gmt":"2020-09-10T20:25:25","guid":{"rendered":"https:\/\/diarioregionaldigital.com.br\/?p=168611"},"modified":"2020-09-10T17:25:25","modified_gmt":"2020-09-10T20:25:25","slug":"saude-redobra-esforcos-para-enfrentamento-a-pandemia-em-minas","status":"publish","type":"post","link":"https:\/\/diarioregionaldigital.com.br\/?p=168611","title":{"rendered":"Sa\u00fade redobra esfor\u00e7os para enfrentamento \u00e0 pandemia em Minas"},"content":{"rendered":"<p>Desde que o Minist\u00e9rio da Sa\u00fade declarou a emerg\u00eancia de import\u00e2ncia nacional pela pandemia de covid-19, em fevereiro de 2020, a\u00a0<a href=\"https:\/\/www.saude.mg.gov.br\/\" target=\"_blank\" rel=\"noopener noreferrer\">Secretaria de Estado de Sa\u00fade de Minas Gerais (SES-MG)<\/a>, iniciou uma corrida contra o tempo para ampliar, aos 853 munic\u00edpios, a capacidade assistencial da rede p\u00fablica, de modo que nenhum mineiro corresse o risco de ficar sem atendimento m\u00e9dico e hospitalar.<\/p>\n<p>Seis meses depois e com 1.840 leitos de UTI a mais no estado, a SES-MG continua a empenhar esfor\u00e7os para deixar \u00e0 popula\u00e7\u00e3o mais do que a mem\u00f3ria dos dias dif\u00edceis causados pelo coronav\u00edrus. O objetivo \u00e9 garantir uma estrutura permanente e organizada para servir ao usu\u00e1rio do Sistema \u00danico de Sa\u00fade (SUS), independentemente da pandemia.<\/p>\n<p>O detalhamento deste processo foi apresentado na live realizada pela SES-MG na \u00faltima ter\u00e7a-feira (8\/9), pelo secret\u00e1rio de Estado de Sa\u00fade Carlos Eduardo Amaral e pelo subsecret\u00e1rio de Gest\u00e3o Regional, Darlan Thomaz.<\/p>\n<p>\u201cEstruturamos um plano de conting\u00eancia, com previs\u00e3o de recrutamento de leitos em etapas e defini\u00e7\u00e3o do perfil dos hospitais eleg\u00edveis para ter leitos de UTI ampliados\u201d, explicou o secret\u00e1rio. Segundo Amaral, esta \u00e9 uma das estrat\u00e9gias mais significativas para Minas, uma vez que se baseia no reconhecimento das realidades regionais e locais para atuar.<\/p>\n<p><strong>A\u00e7\u00e3o local<\/strong><\/p>\n<p>Diariamente, a SES-MG monitora o cen\u00e1rio epidemiol\u00f3gico das macrorregionais de Sa\u00fade por meio da integra\u00e7\u00e3o entre a sua Sala de Situa\u00e7\u00e3o e as Salas de Situa\u00e7\u00e3o regionais, instaladas j\u00e1 na primeira semana de mar\u00e7o. A inten\u00e7\u00e3o \u00e9 acompanhar a incid\u00eancia da pandemia, a capacidade operacional de cada uma das regi\u00f5es e a velocidade do avan\u00e7o da doen\u00e7a. \u201cCom dados quantitativos e qualitativos, fazemos o controle de todos os mecanismos por meio de metodologia internacionalmente aceita\u201d, explicou o subsecret\u00e1rio de Gest\u00e3o Regional, Darlan Thomaz.<\/p>\n<p>O manejo permite direcionar o paciente com covid-19 para um local de atendimento, de modo assertivo, considerando que nem todos os munic\u00edpios mineiros t\u00eam hospitais com leitos de UTI. \u201cA ideia \u00e9 colocar o paciente certo, do ponto de vista territorial, no local certo, evitando seu transporte desnecess\u00e1rio e o enfrentamento de longas dist\u00e2ncias. Buscamos, dentro do poss\u00edvel, que este paciente seja atendido o mais pr\u00f3ximo de casa\u201d, explica Darlan Thomaz.<\/p>\n<p>Segundo o subsecret\u00e1rio, a instala\u00e7\u00e3o dos comit\u00eas macrorregionais \u00e9 importante e inovadora por reunir n\u00e3o s\u00f3 gestores municipais e de Sa\u00fade, mas tamb\u00e9m membros do Minist\u00e9rio P\u00fablico, de operadoras de planos de sa\u00fade e de institui\u00e7\u00f5es hospitalares. Todos s\u00e3o agentes dos territ\u00f3rios, conhecem as realidades locais e podem contribuir no enfrentamento \u00e0 covid-19.<\/p>\n<p><strong>Medicamento em casa<\/strong><\/p>\n<p>O programa Medicamento em Casa \u00e9 outra estrat\u00e9gia articulada entre a SES-MG, as macrorregionais de Sa\u00fade e os munic\u00edpios. O programa garante a pessoas com doen\u00e7as pulmonares respirat\u00f3rias a entrega de rem\u00e9dios em domic\u00edlio. At\u00e9 o momento, foram oferecidos 55 tipos de medicamentos, com 20.586 entregas, atendendo a 6.771 pessoas em 12 cidades: Belo Horizonte, Coronel Fabriciano, Divin\u00f3polis, Ipatinga, Itambacuri, Juiz de Fora, Pouso Alegre, Santa Rita do Sapuca\u00ed, Santana do Para\u00edso, Te\u00f3filo Otoni, Tim\u00f3teo e Uberl\u00e2ndia.<\/p>\n<p>\u201cEstamos sempre buscando alternativas para sermos mais eficientes; fazendo mais com menos para fazer melhor. O Medicamento em Casa \u00e9 um projeto embrion\u00e1rio, criado especificamente para o contexto atual. Mas seus resultados nos mostram que, para o pr\u00f3ximo ano, \u00e9 prov\u00e1vel que seja o ponto de partida para v\u00e1rias outras a\u00e7\u00f5es que pretendemos implementar\u201d, explicou o secret\u00e1rio de Sa\u00fade, Carlos Eduardo Amaral.<\/p>\n<p>\u00c0s ter\u00e7as-feiras, \u00e0s 19h, a SES-MG realiza lives com o secret\u00e1rio Carlos Eduardo Amaral e recebe representantes da pasta para responder perguntas sobre a pandemia. Para assistir, basta acessar o perfil @saudemg no Instagram.<\/p>\n<p><strong>Fonte:\u00a0<\/strong>Ag\u00eancia Minas<\/p>\n","protected":false},"excerpt":{"rendered":"<p>Desde que o Minist\u00e9rio da Sa\u00fade declarou a emerg\u00eancia de import\u00e2ncia nacional pela pandemia de covid-19, em fevereiro de 2020, a\u00a0Secretaria de Estado de Sa\u00fade de Minas Gerais (SES-MG), iniciou uma corrida contra o tempo para ampliar, aos 853 munic\u00edpios, a capacidade assistencial da rede p\u00fablica, de modo que nenhum mineiro corresse o risco de [&hellip;]<\/p>\n","protected":false},"author":96,"featured_media":168612,"comment_status":"closed","ping_status":"closed","sticky":false,"template":"","format":"standard","meta":{"footnotes":""},"categories":[436,254,439],"tags":[],"class_list":["post-168611","post","type-post","status-publish","format-standard","has-post-thumbnail","hentry","category-destaque-da-semana","category-politica","category-ultima-hora"],"_links":{"self":[{"href":"https:\/\/diarioregionaldigital.com.br\/index.php?rest_route=\/wp\/v2\/posts\/168611","targetHints":{"allow":["GET"]}}],"collection":[{"href":"https:\/\/diarioregionaldigital.com.br\/index.php?rest_route=\/wp\/v2\/posts"}],"about":[{"href":"https:\/\/diarioregionaldigital.com.br\/index.php?rest_route=\/wp\/v2\/types\/post"}],"author":[{"embeddable":true,"href":"https:\/\/diarioregionaldigital.com.br\/index.php?rest_route=\/wp\/v2\/users\/96"}],"replies":[{"embeddable":true,"href":"https:\/\/diarioregionaldigital.com.br\/index.php?rest_route=%2Fwp%2Fv2%2Fcomments&post=168611"}],"version-history":[{"count":0,"href":"https:\/\/diarioregionaldigital.com.br\/index.php?rest_route=\/wp\/v2\/posts\/168611\/revisions"}],"wp:featuredmedia":[{"embeddable":true,"href":"https:\/\/diarioregionaldigital.com.br\/index.php?rest_route=\/wp\/v2\/media\/168612"}],"wp:attachment":[{"href":"https:\/\/diarioregionaldigital.com.br\/index.php?rest_route=%2Fwp%2Fv2%2Fmedia&parent=168611"}],"wp:term":[{"taxonomy":"category","embeddable":true,"href":"https:\/\/diarioregionaldigital.com.br\/index.php?rest_route=%2Fwp%2Fv2%2Fcategories&post=168611"},{"taxonomy":"post_tag","embeddable":true,"href":"https:\/\/diarioregionaldigital.com.br\/index.php?rest_route=%2Fwp%2Fv2%2Ftags&post=168611"}],"curies":[{"name":"wp","href":"https:\/\/api.w.org\/{rel}","templated":true}]}}