{"id":168598,"date":"2020-09-10T15:03:23","date_gmt":"2020-09-10T18:03:23","guid":{"rendered":"https:\/\/diarioregionaldigital.com.br\/?p=168598"},"modified":"2020-09-10T15:03:23","modified_gmt":"2020-09-10T18:03:23","slug":"sebastian-vettel-fecha-parceria-com-futura-equipe-aston-martin-em-2021","status":"publish","type":"post","link":"https:\/\/diarioregionaldigital.com.br\/?p=168598","title":{"rendered":"Sebastian Vettel fecha parceria com futura equipe Aston Martin em 2021"},"content":{"rendered":"<p><span style=\"font-weight: 400;\">Fim do mist\u00e9rio sobre o futuro do tetracampe\u00e3o Sebastian Vettel na F1. O piloto alem\u00e3o, 33 anos, foi confirmado como piloto titular da futura equipe Aston Martin (atual Racing Point) para a temporada 2021, no lugar do mexicano Sergio P\u00e9rez, que est\u00e1 no time desde 2014.<\/span><\/p>\n<p><span style=\"font-weight: 400;\">A escuderia brit\u00e2nica n\u00e3o definiu a dura\u00e7\u00e3o da parceria, entretanto deixa claro que quer contar com o alem\u00e3o por bastante tempo, o que demonstra ambi\u00e7\u00e3o na principal categoria do automobilismo mundial. Em entrevista para o site oficial da equipe, Vettel fala sobre sua expectativa, em rela\u00e7\u00e3o a nova mudan\u00e7a:<\/span><\/p>\n<p><span style=\"font-weight: 400;\">\u201cTenho o prazer de finalmente compartilhar esta not\u00edcia emocionante sobre meu futuro. Estou extremamente orgulhoso de dizer que me tornarei um piloto Aston Martin em 2021. \u00c9 uma nova aventura para mim com uma empresa de autom\u00f3veis verdadeiramente lend\u00e1ria . Fiquei impressionado com os resultados que a equipe alcan\u00e7ou este ano e acredito que o futuro parece ainda mais brilhante\u201d.\u00a0<\/span><\/p>\n<p><span style=\"font-weight: 400;\">O piloto alem\u00e3o fala tamb\u00e9m sobre a parceria com Lawrence Stroll, dono da equipe e tamb\u00e9m pai de Lance Stroll, que ser\u00e1 companheiro de equipe do tetracampe\u00e3o do mundo:<\/span><\/p>\n<p><span style=\"font-weight: 400;\">\u201cA energia e o compromisso de Lawrence com o esporte s\u00e3o inspiradores e acredito que podemos construir algo muito especial juntos. Ainda amo muito a F\u00f3rmula 1 e minha \u00fanica motiva\u00e7\u00e3o \u00e9 correr na frente do grid. Para fazer isso com a Aston Martin ser\u00e1 um grande privil\u00e9gio.\u201d<\/span><\/p>\n<p><b>Carreira na F1<\/b><\/p>\n<p><span style=\"font-weight: 400;\">Sebastian Vettel fez sua estreia na principal categoria do automobilismo mundial, como piloto de testes na BMW-Sauber, no GP da Turquia em 2006. Em uma das sess\u00f5es de treinos livres, o alem\u00e3o na \u00e9poca com 19 anos, surpreendeu a todos e foi o mais r\u00e1pido naquela ocasi\u00e3o.<\/span><\/p>\n<p><span style=\"font-weight: 400;\">Entretanto sua primeira participa\u00e7\u00e3o em uma corrida, foi no GP dos EUA em Indian\u00e1polis em 2007, quando substituiu o polon\u00eas Robert Kubica, que havia sofrido um ser\u00edssimo acidente no Canad\u00e1. Correndo pelo templo do automobilismo americano, Vettel terminou a prova na 8\u00aa posi\u00e7\u00e3o e marcou seu primeiro ponto na carreira. Vale lembrar que naquela \u00e9poca os oito primeiros colocados pontuavam.\u00a0<\/span><\/p>\n<p><span style=\"font-weight: 400;\">No mesmo ano, foi transferido para a antiga Toro Rosso (hoje Alpha Tauri), onde permaneceu at\u00e9 o final da temporada de 2008. Foi pela pr\u00f3pria escuderia italiana em que Vettel obteve sua primeira vit\u00f3ria na carreira, fa\u00e7anha obtida no GP da It\u00e1lia.<\/span><\/p>\n<p><span style=\"font-weight: 400;\">Em 2009 se tornou piloto da Red Bull e foi substituto do escoc\u00eas David Coulthard, que havia se aposentado. Pela equipe austr\u00edaca, Vettel viveu sua melhor fase na F1 e logo em sua primeira temporada pela nova equipe, venceu quatro provas e ficou com o vice-campeonato. Tudo indicava que seria um dos grandes nomes da categoria.<\/span><\/p>\n<p><span style=\"font-weight: 400;\">De 2010 a 2013, emplacou a sequ\u00eancia de quatro t\u00edtulos consecutivos e em 2014 fez suas \u00faltimas apari\u00e7\u00f5es pela Red Bull. Ap\u00f3s fraco desempenho no decorrer do ano, Vettel acertou transfer\u00eancia para a Ferrari, seguindo os passos de seu compatriota e ex-piloto Michael Schumacher.<\/span><\/p>\n<p><span style=\"font-weight: 400;\">Pela escuderia italiana, foi conquistando bons resultados aos poucos e foi vice-campe\u00e3o em 2017 e 2018, ao ser derrotado por Lewis Hamilton. Desde ent\u00e3o, Vettel come\u00e7ou a cometer erros e pra piorar sua situa\u00e7\u00e3o, foi superado por Charles Leclerc durante toda temporada de 2019.<\/span><\/p>\n<p><span style=\"font-weight: 400;\">Antes do campeonato de 2020 come\u00e7ar, o alem\u00e3o recebeu um telefonema do chefe Mattia Binotto, comunicando que seu contrato n\u00e3o seria renovado. Posteriormente, a Ferrari anunciou o espanhol Carlos Sainz para 2021. Al\u00e9m disso, o pr\u00f3prio Sebastian Vettel disse que nunca houve reuni\u00e3o para estender seu v\u00ednculo com a equipe.<\/span><\/p>\n<p><span style=\"font-weight: 400;\">Ap\u00f3s meses de d\u00favidas sobre seu futuro na categoria, o tetracampe\u00e3o foi confirmado como titular da Aston Martin.<\/span><\/p>\n","protected":false},"excerpt":{"rendered":"<p>Fim do mist\u00e9rio sobre o futuro do tetracampe\u00e3o Sebastian Vettel na F1. O piloto alem\u00e3o, 33 anos, foi confirmado como piloto titular da futura equipe Aston Martin (atual Racing Point) para a temporada 2021, no lugar do mexicano Sergio P\u00e9rez, que est\u00e1 no time desde 2014. A escuderia brit\u00e2nica n\u00e3o definiu a dura\u00e7\u00e3o da parceria, [&hellip;]<\/p>\n","protected":false},"author":96,"featured_media":168599,"comment_status":"closed","ping_status":"closed","sticky":false,"template":"","format":"standard","meta":{"footnotes":""},"categories":[436,257,439],"tags":[],"class_list":["post-168598","post","type-post","status-publish","format-standard","has-post-thumbnail","hentry","category-destaque-da-semana","category-esporte","category-ultima-hora"],"_links":{"self":[{"href":"https:\/\/diarioregionaldigital.com.br\/index.php?rest_route=\/wp\/v2\/posts\/168598","targetHints":{"allow":["GET"]}}],"collection":[{"href":"https:\/\/diarioregionaldigital.com.br\/index.php?rest_route=\/wp\/v2\/posts"}],"about":[{"href":"https:\/\/diarioregionaldigital.com.br\/index.php?rest_route=\/wp\/v2\/types\/post"}],"author":[{"embeddable":true,"href":"https:\/\/diarioregionaldigital.com.br\/index.php?rest_route=\/wp\/v2\/users\/96"}],"replies":[{"embeddable":true,"href":"https:\/\/diarioregionaldigital.com.br\/index.php?rest_route=%2Fwp%2Fv2%2Fcomments&post=168598"}],"version-history":[{"count":0,"href":"https:\/\/diarioregionaldigital.com.br\/index.php?rest_route=\/wp\/v2\/posts\/168598\/revisions"}],"wp:featuredmedia":[{"embeddable":true,"href":"https:\/\/diarioregionaldigital.com.br\/index.php?rest_route=\/wp\/v2\/media\/168599"}],"wp:attachment":[{"href":"https:\/\/diarioregionaldigital.com.br\/index.php?rest_route=%2Fwp%2Fv2%2Fmedia&parent=168598"}],"wp:term":[{"taxonomy":"category","embeddable":true,"href":"https:\/\/diarioregionaldigital.com.br\/index.php?rest_route=%2Fwp%2Fv2%2Fcategories&post=168598"},{"taxonomy":"post_tag","embeddable":true,"href":"https:\/\/diarioregionaldigital.com.br\/index.php?rest_route=%2Fwp%2Fv2%2Ftags&post=168598"}],"curies":[{"name":"wp","href":"https:\/\/api.w.org\/{rel}","templated":true}]}}