{"id":168595,"date":"2020-09-10T14:27:57","date_gmt":"2020-09-10T17:27:57","guid":{"rendered":"https:\/\/diarioregionaldigital.com.br\/?p=168595"},"modified":"2020-09-10T14:27:57","modified_gmt":"2020-09-10T17:27:57","slug":"rua-oscar-vidal-recebe-220-metros-de-redes-de-esgoto-remodeladas","status":"publish","type":"post","link":"https:\/\/diarioregionaldigital.com.br\/?p=168595","title":{"rendered":"Rua Oscar Vidal recebe 220 metros de redes de esgoto remodeladas"},"content":{"rendered":"<p>Nesta quinta-feira, 10, a Companhia de Saneamento Municipal (Cesama) segue com os trabalhos de remodela\u00e7\u00e3o de cerca de 220 metros da rede de esgoto na Rua Oscar Vidal, no Centro. A obra teve in\u00edcio em meados de agosto e deve ser finalizada no in\u00edcio de outubro.<\/p>\n<p>A via est\u00e1 recebendo tubos de PVC ocre, com 200 mil\u00edmetros de di\u00e2metro, em substitui\u00e7\u00e3o \u00e0s antigas manilhas de barro. O objetivo da obra \u00e9 melhorar os servi\u00e7os de coleta na comunidade, al\u00e9m de diminuir a quantidade de reparos feitos na via.<\/p>\n<p>Para execu\u00e7\u00e3o dos servi\u00e7os, o tr\u00e2nsito na rua est\u00e1 totalmente interditado no trecho entre as ruas Santo Ant\u00f4nio e Francisco Vale, de segunda a sexta-feira, de 7h30 \u00e0s 17 horas. Assim, a Cesama pede aos moradores que, se poss\u00edvel, retirem seus ve\u00edculos da via antes do in\u00edcio dos trabalhos. Na sequ\u00eancia, a previs\u00e3o \u00e9 de que a parte baixa da via tamb\u00e9m receba 150 metros de tubula\u00e7\u00f5es remodeladas.<\/p>\n<p>As a\u00e7\u00f5es de remodela\u00e7\u00e3o s\u00e3o realizadas ao longo de todo o ano, seguindo programa\u00e7\u00e3o de prioridades, quando \u00e9 avaliada a necessidade de troca. Esta an\u00e1lise leva em conta a antiguidade e o desgaste do material, o fato de o dimensionamento da tubula\u00e7\u00e3o j\u00e1 n\u00e3o ser compat\u00edvel com o n\u00famero de im\u00f3veis atendidos e os transtornos causados aos usu\u00e1rios do sistema, al\u00e9m dos custos de manuten\u00e7\u00e3o.<\/p>\n<p><strong>Fonte:<\/strong> Assessoria<\/p>\n","protected":false},"excerpt":{"rendered":"<p>Nesta quinta-feira, 10, a Companhia de Saneamento Municipal (Cesama) segue com os trabalhos de remodela\u00e7\u00e3o de cerca de 220 metros da rede de esgoto na Rua Oscar Vidal, no Centro. A obra teve in\u00edcio em meados de agosto e deve ser finalizada no in\u00edcio de outubro. A via est\u00e1 recebendo tubos de PVC ocre, com [&hellip;]<\/p>\n","protected":false},"author":96,"featured_media":168596,"comment_status":"closed","ping_status":"closed","sticky":false,"template":"","format":"standard","meta":{"footnotes":""},"categories":[253,436,439],"tags":[],"class_list":["post-168595","post","type-post","status-publish","format-standard","has-post-thumbnail","hentry","category-cidade","category-destaque-da-semana","category-ultima-hora"],"_links":{"self":[{"href":"https:\/\/diarioregionaldigital.com.br\/index.php?rest_route=\/wp\/v2\/posts\/168595","targetHints":{"allow":["GET"]}}],"collection":[{"href":"https:\/\/diarioregionaldigital.com.br\/index.php?rest_route=\/wp\/v2\/posts"}],"about":[{"href":"https:\/\/diarioregionaldigital.com.br\/index.php?rest_route=\/wp\/v2\/types\/post"}],"author":[{"embeddable":true,"href":"https:\/\/diarioregionaldigital.com.br\/index.php?rest_route=\/wp\/v2\/users\/96"}],"replies":[{"embeddable":true,"href":"https:\/\/diarioregionaldigital.com.br\/index.php?rest_route=%2Fwp%2Fv2%2Fcomments&post=168595"}],"version-history":[{"count":0,"href":"https:\/\/diarioregionaldigital.com.br\/index.php?rest_route=\/wp\/v2\/posts\/168595\/revisions"}],"wp:featuredmedia":[{"embeddable":true,"href":"https:\/\/diarioregionaldigital.com.br\/index.php?rest_route=\/wp\/v2\/media\/168596"}],"wp:attachment":[{"href":"https:\/\/diarioregionaldigital.com.br\/index.php?rest_route=%2Fwp%2Fv2%2Fmedia&parent=168595"}],"wp:term":[{"taxonomy":"category","embeddable":true,"href":"https:\/\/diarioregionaldigital.com.br\/index.php?rest_route=%2Fwp%2Fv2%2Fcategories&post=168595"},{"taxonomy":"post_tag","embeddable":true,"href":"https:\/\/diarioregionaldigital.com.br\/index.php?rest_route=%2Fwp%2Fv2%2Ftags&post=168595"}],"curies":[{"name":"wp","href":"https:\/\/api.w.org\/{rel}","templated":true}]}}