{"id":168545,"date":"2020-09-10T06:00:17","date_gmt":"2020-09-10T09:00:17","guid":{"rendered":"https:\/\/diarioregionaldigital.com.br\/?p=168545"},"modified":"2020-09-11T13:32:52","modified_gmt":"2020-09-11T16:32:52","slug":"moda-show-13","status":"publish","type":"post","link":"https:\/\/diarioregionaldigital.com.br\/?p=168545","title":{"rendered":"Moda Show"},"content":{"rendered":"<p style=\"text-align: center;\"><strong>Voc\u00ea Sabia?<\/strong><\/p>\n<p style=\"text-align: center;\">Entre 1985 e 2019, o Brasil perdeu 87,2 milh\u00f5es de hectares de vegeta\u00e7\u00e3o nativa de seus seis biomas e equivalente a 10% do territ\u00f3rio do pais. A agropecu\u00e1ria ocupou 90% dessa \u00e1rea degradada, segundo o MapBiomas, que mant\u00e9m s\u00e9rie hist\u00f3rica de mapas e dados sobre a cobertura e o uso da terra no pa\u00eds.<\/p>\n<p style=\"text-align: center;\"><strong>Dados<\/strong><\/p>\n<p style=\"text-align: center;\">A decis\u00e3o do Senado de impedir novo adiamento da entrada em vigor da Lei Geral de prote\u00e7\u00e3o de Dados (LGPD) for\u00e7ou o governo a correr contra o tempo para cumprir sua obriga\u00e7\u00e3o na nova regula\u00e7\u00e3o: montar a Autoridade Nacional de Prote\u00e7\u00e3o de Dados (ANPD), \u00f3rg\u00e3o respons\u00e1vel por zelar, implementar e fiscalizar o cumprimento da lei.<\/p>\n<p style=\"text-align: center;\"><strong>Decora\u00e7\u00e3o <\/strong><\/p>\n<p style=\"text-align: center;\">A professora de design na USP, Maria Cec\u00edlia Loschiavo lembra a este colunista que o mobili\u00e1rio moderno brasileiro do s\u00e9culo XX \u00e9 estrela em projeto de arquitetos nacionais Empregando diferentes esp\u00e9cies de madeira \u00e9 caracter\u00edstica essencial dessa turma de grandes designers.<\/p>\n<p style=\"text-align: center;\"><span style=\"font-size: 14pt;\"><strong>Moda Show<\/strong><\/span><\/p>\n<p style=\"text-align: center;\">Como uma luva poderosa, a marca. A Rol\u00ea da estilista Ga\u00facha Luiza Gil faz sucesso entre estrelas da televis\u00e3o e da m\u00fasica. Fazendo uma moda l\u00fadica que encanta as pessoas, conquistou Sabrina Sato, Anitta e Iza com looks cheios de personalidade.<\/p>\n<div id=\"attachment_168533\" style=\"width: 690px\" class=\"wp-caption aligncenter\"><img loading=\"lazy\" decoding=\"async\" aria-describedby=\"caption-attachment-168533\" class=\"wp-image-168533\" src=\"https:\/\/diarioregionaldigital.com.br\/wp-content\/uploads\/2020\/09\/fotoa-5-e1599704139892.jpg\" alt=\"\" width=\"680\" height=\"541\" srcset=\"https:\/\/diarioregionaldigital.com.br\/wp-content\/uploads\/2020\/09\/fotoa-5-e1599704139892.jpg 720w, https:\/\/diarioregionaldigital.com.br\/wp-content\/uploads\/2020\/09\/fotoa-5-e1599704139892-300x239.jpg 300w, https:\/\/diarioregionaldigital.com.br\/wp-content\/uploads\/2020\/09\/fotoa-5-e1599704139892-360x287.jpg 360w\" sizes=\"auto, (max-width: 680px) 100vw, 680px\" \/><p id=\"caption-attachment-168533\" class=\"wp-caption-text\">A elegante Yvonne Ahouagi Costa, mostra refinamento de Juiz de Fora na sociedade do Rio de Janeiro<\/p><\/div>\n<p>&nbsp;<\/p>\n<div id=\"attachment_168534\" style=\"width: 690px\" class=\"wp-caption aligncenter\"><img loading=\"lazy\" decoding=\"async\" aria-describedby=\"caption-attachment-168534\" class=\"wp-image-168534\" src=\"https:\/\/diarioregionaldigital.com.br\/wp-content\/uploads\/2020\/09\/fotob-4-e1599698516214.jpg\" alt=\"\" width=\"680\" height=\"507\" srcset=\"https:\/\/diarioregionaldigital.com.br\/wp-content\/uploads\/2020\/09\/fotob-4-e1599698516214.jpg 720w, https:\/\/diarioregionaldigital.com.br\/wp-content\/uploads\/2020\/09\/fotob-4-e1599698516214-300x224.jpg 300w, https:\/\/diarioregionaldigital.com.br\/wp-content\/uploads\/2020\/09\/fotob-4-e1599698516214-360x269.jpg 360w\" sizes=\"auto, (max-width: 680px) 100vw, 680px\" \/><p id=\"caption-attachment-168534\" class=\"wp-caption-text\">Aniversariante da temporada social, a presidente da ABRASEL-Regional, Francele Galil<\/p><\/div>\n<div id=\"attachment_168535\" style=\"width: 690px\" class=\"wp-caption aligncenter\"><img loading=\"lazy\" decoding=\"async\" aria-describedby=\"caption-attachment-168535\" class=\"wp-image-168535\" src=\"https:\/\/diarioregionaldigital.com.br\/wp-content\/uploads\/2020\/09\/fotoc-3-e1599698574967.jpg\" alt=\"\" width=\"680\" height=\"532\" srcset=\"https:\/\/diarioregionaldigital.com.br\/wp-content\/uploads\/2020\/09\/fotoc-3-e1599698574967.jpg 1367w, https:\/\/diarioregionaldigital.com.br\/wp-content\/uploads\/2020\/09\/fotoc-3-e1599698574967-300x235.jpg 300w, https:\/\/diarioregionaldigital.com.br\/wp-content\/uploads\/2020\/09\/fotoc-3-e1599698574967-1024x802.jpg 1024w, https:\/\/diarioregionaldigital.com.br\/wp-content\/uploads\/2020\/09\/fotoc-3-e1599698574967-768x601.jpg 768w, https:\/\/diarioregionaldigital.com.br\/wp-content\/uploads\/2020\/09\/fotoc-3-e1599698574967-360x282.jpg 360w\" sizes=\"auto, (max-width: 680px) 100vw, 680px\" \/><p id=\"caption-attachment-168535\" class=\"wp-caption-text\">O universit\u00e1rio Jos\u00e9 M\u00e1rio Martins Assis Felix representa o poder jovem desta coluna social<\/p><\/div>\n<div id=\"attachment_168536\" style=\"width: 690px\" class=\"wp-caption aligncenter\"><img loading=\"lazy\" decoding=\"async\" aria-describedby=\"caption-attachment-168536\" class=\"wp-image-168536\" src=\"https:\/\/diarioregionaldigital.com.br\/wp-content\/uploads\/2020\/09\/fotod-e1599698624514.jpeg\" alt=\"\" width=\"680\" height=\"488\" srcset=\"https:\/\/diarioregionaldigital.com.br\/wp-content\/uploads\/2020\/09\/fotod-e1599698624514.jpeg 931w, https:\/\/diarioregionaldigital.com.br\/wp-content\/uploads\/2020\/09\/fotod-e1599698624514-300x215.jpeg 300w, https:\/\/diarioregionaldigital.com.br\/wp-content\/uploads\/2020\/09\/fotod-e1599698624514-768x551.jpeg 768w, https:\/\/diarioregionaldigital.com.br\/wp-content\/uploads\/2020\/09\/fotod-e1599698624514-360x258.jpeg 360w\" sizes=\"auto, (max-width: 680px) 100vw, 680px\" \/><p id=\"caption-attachment-168536\" class=\"wp-caption-text\">No Matias V\u00e1rzea Clube, o lindo casal Raquel Cavalcanti (aniversariando) com o namorado Luis Ricardo Kelmer<\/p><\/div>\n<div id=\"attachment_168537\" style=\"width: 690px\" class=\"wp-caption aligncenter\"><img loading=\"lazy\" decoding=\"async\" aria-describedby=\"caption-attachment-168537\" class=\"wp-image-168537\" src=\"https:\/\/diarioregionaldigital.com.br\/wp-content\/uploads\/2020\/09\/fotoe-5-e1599702099132.jpg\" alt=\"\" width=\"680\" height=\"521\" srcset=\"https:\/\/diarioregionaldigital.com.br\/wp-content\/uploads\/2020\/09\/fotoe-5-e1599702099132.jpg 639w, https:\/\/diarioregionaldigital.com.br\/wp-content\/uploads\/2020\/09\/fotoe-5-e1599702099132-300x230.jpg 300w, https:\/\/diarioregionaldigital.com.br\/wp-content\/uploads\/2020\/09\/fotoe-5-e1599702099132-360x276.jpg 360w\" sizes=\"auto, (max-width: 680px) 100vw, 680px\" \/><p id=\"caption-attachment-168537\" class=\"wp-caption-text\">Mulheres finas e chiques na Assunta, Myrliane Le\u00e3o e Marilia Noronha<\/p><\/div>\n<div id=\"attachment_168538\" style=\"width: 690px\" class=\"wp-caption aligncenter\"><img loading=\"lazy\" decoding=\"async\" aria-describedby=\"caption-attachment-168538\" class=\"wp-image-168538\" src=\"https:\/\/diarioregionaldigital.com.br\/wp-content\/uploads\/2020\/09\/fotof-4-e1599702136232.jpg\" alt=\"\" width=\"680\" height=\"496\" srcset=\"https:\/\/diarioregionaldigital.com.br\/wp-content\/uploads\/2020\/09\/fotof-4-e1599702136232.jpg 960w, https:\/\/diarioregionaldigital.com.br\/wp-content\/uploads\/2020\/09\/fotof-4-e1599702136232-300x219.jpg 300w, https:\/\/diarioregionaldigital.com.br\/wp-content\/uploads\/2020\/09\/fotof-4-e1599702136232-768x560.jpg 768w, https:\/\/diarioregionaldigital.com.br\/wp-content\/uploads\/2020\/09\/fotof-4-e1599702136232-360x263.jpg 360w\" sizes=\"auto, (max-width: 680px) 100vw, 680px\" \/><p id=\"caption-attachment-168538\" class=\"wp-caption-text\">Gente querida na natureza: Oct\u00e1vio Fagundes e Amanda Vieira<\/p><\/div>\n<div id=\"attachment_168539\" style=\"width: 690px\" class=\"wp-caption aligncenter\"><img loading=\"lazy\" decoding=\"async\" aria-describedby=\"caption-attachment-168539\" class=\"wp-image-168539\" src=\"https:\/\/diarioregionaldigital.com.br\/wp-content\/uploads\/2020\/09\/fotog-5-e1599702503550.jpg\" alt=\"\" width=\"680\" height=\"504\" srcset=\"https:\/\/diarioregionaldigital.com.br\/wp-content\/uploads\/2020\/09\/fotog-5-e1599702503550.jpg 1664w, https:\/\/diarioregionaldigital.com.br\/wp-content\/uploads\/2020\/09\/fotog-5-e1599702503550-300x222.jpg 300w, https:\/\/diarioregionaldigital.com.br\/wp-content\/uploads\/2020\/09\/fotog-5-e1599702503550-1024x759.jpg 1024w, https:\/\/diarioregionaldigital.com.br\/wp-content\/uploads\/2020\/09\/fotog-5-e1599702503550-768x569.jpg 768w, https:\/\/diarioregionaldigital.com.br\/wp-content\/uploads\/2020\/09\/fotog-5-e1599702503550-1536x1138.jpg 1536w, https:\/\/diarioregionaldigital.com.br\/wp-content\/uploads\/2020\/09\/fotog-5-e1599702503550-360x267.jpg 360w\" sizes=\"auto, (max-width: 680px) 100vw, 680px\" \/><p id=\"caption-attachment-168539\" class=\"wp-caption-text\">Em Copacabana (RJ), o ator e produtor global Jos\u00e9 Del Duca e seu c\u00e3o Juca<\/p><\/div>\n<div id=\"attachment_168540\" style=\"width: 690px\" class=\"wp-caption aligncenter\"><img loading=\"lazy\" decoding=\"async\" aria-describedby=\"caption-attachment-168540\" class=\"wp-image-168540\" src=\"https:\/\/diarioregionaldigital.com.br\/wp-content\/uploads\/2020\/09\/fotoh-4-e1599702878450.jpg\" alt=\"\" width=\"680\" height=\"501\" srcset=\"https:\/\/diarioregionaldigital.com.br\/wp-content\/uploads\/2020\/09\/fotoh-4-e1599702878450.jpg 718w, https:\/\/diarioregionaldigital.com.br\/wp-content\/uploads\/2020\/09\/fotoh-4-e1599702878450-300x221.jpg 300w, https:\/\/diarioregionaldigital.com.br\/wp-content\/uploads\/2020\/09\/fotoh-4-e1599702878450-360x265.jpg 360w\" sizes=\"auto, (max-width: 680px) 100vw, 680px\" \/><p id=\"caption-attachment-168540\" class=\"wp-caption-text\">Baluartes do Muzik, o querido casal Jos\u00e9 Maur\u00edcio Lemos e Silvana Barbosa Lemos<\/p><\/div>\n<div id=\"attachment_168541\" style=\"width: 690px\" class=\"wp-caption aligncenter\"><img loading=\"lazy\" decoding=\"async\" aria-describedby=\"caption-attachment-168541\" class=\"wp-image-168541\" src=\"https:\/\/diarioregionaldigital.com.br\/wp-content\/uploads\/2020\/09\/fotoi-3-e1599702957947.jpg\" alt=\"\" width=\"680\" height=\"479\" srcset=\"https:\/\/diarioregionaldigital.com.br\/wp-content\/uploads\/2020\/09\/fotoi-3-e1599702957947.jpg 696w, https:\/\/diarioregionaldigital.com.br\/wp-content\/uploads\/2020\/09\/fotoi-3-e1599702957947-300x210.jpg 300w, https:\/\/diarioregionaldigital.com.br\/wp-content\/uploads\/2020\/09\/fotoi-3-e1599702957947-360x253.jpg 360w, https:\/\/diarioregionaldigital.com.br\/wp-content\/uploads\/2020\/09\/fotoi-3-e1599702957947-100x70.jpg 100w\" sizes=\"auto, (max-width: 680px) 100vw, 680px\" \/><p id=\"caption-attachment-168541\" class=\"wp-caption-text\">Antes da pandemia curtindo samba Leonardo Jesus e Paulinho Silva<\/p><\/div>\n<p style=\"text-align: center;\"><strong>FOTOSS\u00cdNTESE<\/strong><\/p>\n<p>Repercutindo nos 4 cantos da cidade a revela\u00e7\u00e3o dos \u201cMelhores de 2020\u201d. A promo\u00e7\u00e3o vitoriosa deste colunista este ano foi on-line. Os homenageados j\u00e1 est\u00e3o recebendo seus Trof\u00e9us.<\/p>\n<p>Correio Elegante: abra\u00e7os afetuosos para: M\u00f4nica Baldi, Renan Ribeiro, Andreia Rocha, os zinetes Anderson Ferreira e Gildo J\u00fanior, Robson Sampaio, Patr\u00edcia Maia, Irene Netto Vartanian, Isa Delgado, Cirinho Zacarias, Olavo Prazeres, J\u00falia Moreira e Stael Santana.<\/p>\n<p>Causou impacto na plataforma Zoom a live do cardiologista Cl\u00e1udio Dom\u00eanico. O tema foi \u201cSai chocolate, caf\u00e9 e vinho. Qual a medida certa?<\/p>\n<p>Maria Teresa e Juliano D\u2019Agostino comemoram o asfaltamento da Rua das Violetas pela Empav. Era a \u00fanica via que n\u00e3o era pavimentada naquele bat-local.<\/p>\n<p>Os especialistas Jos\u00e9lio Vitoi e Fernanda Polisseni foram claros e objetivos com a Webinar no YouTube com o tema \u201cO que voc\u00ea precisa saber sobre endometriose\u201d.<\/p>\n<p>A C\u00e2mara Municipal aprovou projeto de lei que regulamenta a atividade de monitor de travessia volunt\u00e1rio no munic\u00edpio de Juiz de Fora.<\/p>\n<p>Em recente pesquisa, foi apontado que a taxa de \u00f3bitos subiu desde que o Munic\u00edpio entrou na onda amarela da nova vers\u00e3o do Minas Consciente. Maioria dos infectados \u00e9 a popula\u00e7\u00e3o economicamente ativa Estamos de olho!<\/p>\n<p>Para ir na boca do caixa: Milit\u00e2ncia de hashtag definitivamente, n\u00e3o faz a cabe\u00e7a. A identifica\u00e7\u00e3o de que o hiato entre as crian\u00e7as que fomos e aquelas que criamos nos salvar\u00e1. Bom dia.<\/p>\n<p><img loading=\"lazy\" decoding=\"async\" class=\"aligncenter size-full wp-image-168546\" src=\"https:\/\/diarioregionaldigital.com.br\/wp-content\/uploads\/2020\/09\/anuncio56-scaled.jpg\" alt=\"\" width=\"2560\" height=\"936\" srcset=\"https:\/\/diarioregionaldigital.com.br\/wp-content\/uploads\/2020\/09\/anuncio56-scaled.jpg 2560w, https:\/\/diarioregionaldigital.com.br\/wp-content\/uploads\/2020\/09\/anuncio56-300x110.jpg 300w, https:\/\/diarioregionaldigital.com.br\/wp-content\/uploads\/2020\/09\/anuncio56-1024x374.jpg 1024w, https:\/\/diarioregionaldigital.com.br\/wp-content\/uploads\/2020\/09\/anuncio56-768x281.jpg 768w, https:\/\/diarioregionaldigital.com.br\/wp-content\/uploads\/2020\/09\/anuncio56-1536x562.jpg 1536w, https:\/\/diarioregionaldigital.com.br\/wp-content\/uploads\/2020\/09\/anuncio56-2048x749.jpg 2048w, https:\/\/diarioregionaldigital.com.br\/wp-content\/uploads\/2020\/09\/anuncio56-360x132.jpg 360w\" sizes=\"auto, (max-width: 2560px) 100vw, 2560px\" \/><\/p>\n","protected":false},"excerpt":{"rendered":"<p>Voc\u00ea Sabia? Entre 1985 e 2019, o Brasil perdeu 87,2 milh\u00f5es de hectares de vegeta\u00e7\u00e3o nativa de seus seis biomas e equivalente a 10% do territ\u00f3rio do pais. A agropecu\u00e1ria ocupou 90% dessa \u00e1rea degradada, segundo o MapBiomas, que mant\u00e9m s\u00e9rie hist\u00f3rica de mapas e dados sobre a cobertura e o uso da terra no [&hellip;]<\/p>\n","protected":false},"author":96,"featured_media":168533,"comment_status":"closed","ping_status":"closed","sticky":false,"template":"","format":"standard","meta":{"footnotes":""},"categories":[264],"tags":[],"class_list":["post-168545","post","type-post","status-publish","format-standard","has-post-thumbnail","hentry","category-eduardo-gomes"],"_links":{"self":[{"href":"https:\/\/diarioregionaldigital.com.br\/index.php?rest_route=\/wp\/v2\/posts\/168545","targetHints":{"allow":["GET"]}}],"collection":[{"href":"https:\/\/diarioregionaldigital.com.br\/index.php?rest_route=\/wp\/v2\/posts"}],"about":[{"href":"https:\/\/diarioregionaldigital.com.br\/index.php?rest_route=\/wp\/v2\/types\/post"}],"author":[{"embeddable":true,"href":"https:\/\/diarioregionaldigital.com.br\/index.php?rest_route=\/wp\/v2\/users\/96"}],"replies":[{"embeddable":true,"href":"https:\/\/diarioregionaldigital.com.br\/index.php?rest_route=%2Fwp%2Fv2%2Fcomments&post=168545"}],"version-history":[{"count":0,"href":"https:\/\/diarioregionaldigital.com.br\/index.php?rest_route=\/wp\/v2\/posts\/168545\/revisions"}],"wp:featuredmedia":[{"embeddable":true,"href":"https:\/\/diarioregionaldigital.com.br\/index.php?rest_route=\/wp\/v2\/media\/168533"}],"wp:attachment":[{"href":"https:\/\/diarioregionaldigital.com.br\/index.php?rest_route=%2Fwp%2Fv2%2Fmedia&parent=168545"}],"wp:term":[{"taxonomy":"category","embeddable":true,"href":"https:\/\/diarioregionaldigital.com.br\/index.php?rest_route=%2Fwp%2Fv2%2Fcategories&post=168545"},{"taxonomy":"post_tag","embeddable":true,"href":"https:\/\/diarioregionaldigital.com.br\/index.php?rest_route=%2Fwp%2Fv2%2Ftags&post=168545"}],"curies":[{"name":"wp","href":"https:\/\/api.w.org\/{rel}","templated":true}]}}