{"id":168542,"date":"2020-09-09T20:04:23","date_gmt":"2020-09-09T23:04:23","guid":{"rendered":"https:\/\/diarioregionaldigital.com.br\/?p=168542"},"modified":"2020-09-09T20:04:23","modified_gmt":"2020-09-09T23:04:23","slug":"covid-19-brasil-tem-1285-mil-mortes-e-419-milhoes-de-casos","status":"publish","type":"post","link":"https:\/\/diarioregionaldigital.com.br\/?p=168542","title":{"rendered":"Covid-19: Brasil tem 128,5 mil mortes e 4,19 milh\u00f5es de casos"},"content":{"rendered":"<p>O Brasil chegou a 128.539 mortes em fun\u00e7\u00e3o da covid-19. Nas \u00faltimas 24 horas, foram registrados 1.075 \u00f3bitos. Ontem, o painel marcava 127.464 \u00f3bitos. \u00a0<img decoding=\"async\" src=\"https:\/\/agenciabrasil.ebc.com.br\/ebc.png?id=1387458&amp;o=node\" \/><img decoding=\"async\" src=\"https:\/\/agenciabrasil.ebc.com.br\/ebc.gif?id=1387458&amp;o=node\" \/><\/p>\n<p>Os dados est\u00e3o no Boletim Epidemiol\u00f3gico da Covid-19 do Minist\u00e9rio da Sa\u00fade, apresentado em entrevista coletiva por gestores da pasta hoje (9). De acordo com o boletim, 616.014 pessoas est\u00e3o em acompanhamento e outras 4.197.889 j\u00e1 se recuperaram do novo coronav\u00edrus.<\/p>\n<p>Entre ontem e hoje, as secretarias de sa\u00fade acrescentaram \u00e0s estat\u00edsticas do painel do Minist\u00e9rio da Sa\u00fade, 35.816 novos diagn\u00f3sticos de infec\u00e7\u00e3o pelo novo coronav\u00edrus. Ontem, o sistema trazia 4.162.173 casos desde o in\u00edcio da pandemia.<\/p>\n<p><strong>Estados<\/strong><\/p>\n<p>Os estados com mais mortes s\u00e3o S\u00e3o Paulo (31.821), Rio de Janeiro (16.770), Cear\u00e1 (8.604), Pernambuco (7.764) e Par\u00e1 (6.280). As Unidades da Federa\u00e7\u00e3o com menos vidas perdidas at\u00e9 o momento s\u00e3o Roraima (605), Acre (631), Amap\u00e1 (675), Tocantins (762) e Mato Grosso do Sul (1.007).<\/p>\n<p><strong>Fonte:\u00a0<\/strong>Ag\u00eancia Brasil<\/p>\n","protected":false},"excerpt":{"rendered":"<p>O Brasil chegou a 128.539 mortes em fun\u00e7\u00e3o da covid-19. Nas \u00faltimas 24 horas, foram registrados 1.075 \u00f3bitos. Ontem, o painel marcava 127.464 \u00f3bitos. \u00a0 Os dados est\u00e3o no Boletim Epidemiol\u00f3gico da Covid-19 do Minist\u00e9rio da Sa\u00fade, apresentado em entrevista coletiva por gestores da pasta hoje (9). De acordo com o boletim, 616.014 pessoas est\u00e3o [&hellip;]<\/p>\n","protected":false},"author":96,"featured_media":168543,"comment_status":"closed","ping_status":"closed","sticky":false,"template":"","format":"standard","meta":{"footnotes":""},"categories":[302,436,440,439],"tags":[],"class_list":["post-168542","post","type-post","status-publish","format-standard","has-post-thumbnail","hentry","category-brasil-mundo","category-destaque-da-semana","category-destaques-do-dia","category-ultima-hora"],"_links":{"self":[{"href":"https:\/\/diarioregionaldigital.com.br\/index.php?rest_route=\/wp\/v2\/posts\/168542","targetHints":{"allow":["GET"]}}],"collection":[{"href":"https:\/\/diarioregionaldigital.com.br\/index.php?rest_route=\/wp\/v2\/posts"}],"about":[{"href":"https:\/\/diarioregionaldigital.com.br\/index.php?rest_route=\/wp\/v2\/types\/post"}],"author":[{"embeddable":true,"href":"https:\/\/diarioregionaldigital.com.br\/index.php?rest_route=\/wp\/v2\/users\/96"}],"replies":[{"embeddable":true,"href":"https:\/\/diarioregionaldigital.com.br\/index.php?rest_route=%2Fwp%2Fv2%2Fcomments&post=168542"}],"version-history":[{"count":0,"href":"https:\/\/diarioregionaldigital.com.br\/index.php?rest_route=\/wp\/v2\/posts\/168542\/revisions"}],"wp:featuredmedia":[{"embeddable":true,"href":"https:\/\/diarioregionaldigital.com.br\/index.php?rest_route=\/wp\/v2\/media\/168543"}],"wp:attachment":[{"href":"https:\/\/diarioregionaldigital.com.br\/index.php?rest_route=%2Fwp%2Fv2%2Fmedia&parent=168542"}],"wp:term":[{"taxonomy":"category","embeddable":true,"href":"https:\/\/diarioregionaldigital.com.br\/index.php?rest_route=%2Fwp%2Fv2%2Fcategories&post=168542"},{"taxonomy":"post_tag","embeddable":true,"href":"https:\/\/diarioregionaldigital.com.br\/index.php?rest_route=%2Fwp%2Fv2%2Ftags&post=168542"}],"curies":[{"name":"wp","href":"https:\/\/api.w.org\/{rel}","templated":true}]}}