{"id":168530,"date":"2020-09-09T18:03:47","date_gmt":"2020-09-09T21:03:47","guid":{"rendered":"https:\/\/diarioregionaldigital.com.br\/?p=168530"},"modified":"2020-09-09T18:03:47","modified_gmt":"2020-09-09T21:03:47","slug":"municipio-tem-75-novos-casos-por-coronavirus","status":"publish","type":"post","link":"https:\/\/diarioregionaldigital.com.br\/?p=168530","title":{"rendered":"Munic\u00edpio tem 75 novos casos por Coronav\u00edrus"},"content":{"rendered":"<p><span style=\"font-weight: 400;\">O novo boletim epidemiol\u00f3gico divulgado nesta quarta-feira (9) pela Secretaria de Sa\u00fade (SS) da Prefeitura de Juiz de Fora (PJF), confirma que o munic\u00edpio obteve 75 novos casos por Coronav\u00edrus, totalizando 5.122. De acordo com o levantamento, foram registrados mais dois \u00f3bitos, acumulando 176. Al\u00e9m disso, 18.563 s\u00e3o suspeitos.<\/span><\/p>\n<p><b>\u00d3bitos:<\/b><\/p>\n<p><span style=\"font-weight: 400;\">Idosa, de 85 anos, morreu nessa ter\u00e7a-feira, 8. Comorbidades: Doen\u00e7a Cardiovascular Cr\u00f4nica (DCC), Hipertens\u00e3o Arterial Sist\u00eamica (HAS) e imunossupress\u00e3o;<\/span><\/p>\n<p><span style=\"font-weight: 400;\">Idosa, 70 anos, morreu nessa ter\u00e7a-feira, 8. Comorbidades: Doen\u00e7a Cardiovascular Cr\u00f4nica (DCC) e pneumopatia cr\u00f4nica.<\/span><\/p>\n<p><b>Leitos\u00a0<\/b><\/p>\n<p><span style=\"font-weight: 400;\">Segundo informa\u00e7\u00f5es da PJF, os leitos de enfermaria est\u00e3o com 63,02% de ocupa\u00e7\u00e3o. J\u00e1 os os leitos de UTI e SUS, est\u00e3o com taxa de 81,68% e 76,30% respectivamente.<\/span><\/p>\n<p><b>Casos recuperados<\/b><\/p>\n<p><span style=\"font-weight: 400;\">De acordo com a Secretaria de Estado da Sa\u00fade de Minas Gerais (SES-MG), Juiz de Fora registra 4.560 pacientes recuperados da doen\u00e7a.<\/span><\/p>\n<p><b>Isolamento social<\/b><\/p>\n<p><span style=\"font-weight: 400;\">Conforme os dados divulgados pela Prefeitura, o munic\u00edpio apresenta taxa de isolamento social em 49,15%, cuja m\u00e9dia \u00e9 dos \u00faltimos sete dias. O valor est\u00e1 acima da taxa registrada em Minas Gerais, que \u00e9 de 48,8%.<\/span><\/p>\n<p><b>Casos e \u00f3bitos confirmados<\/b><\/p>\n<p><span style=\"font-weight: 400;\">Na compara\u00e7\u00e3o com outras cidades do estado, Juiz de Fora permanece como s\u00e9timo munic\u00edpio com maior n\u00famero de casos confirmados. Segundo dados da SES-MG, na primeira posi\u00e7\u00e3o aparece Belo Horizonte com 35.983, Uberl\u00e2ndia em segundo com 22.076, Ipatinga em terceiro com 7.905, Contagem em quarto com 7.822, Governador Valadares em quinto com 6.482 e Montes Claros em sexto com 6.280. Estes s\u00e3o os munic\u00edpios que apresentam mais casos confirmados em compara\u00e7\u00e3o com Juiz de Fora.<\/span><\/p>\n<p><span style=\"font-weight: 400;\">J\u00e1 na quest\u00e3o das mortes confirmadas, o munic\u00edpio permanece em sexto nesse quesito. Belo Horizonte lidera com 1.076 \u00f3bitos, Uberl\u00e2ndia \u00e9 o segundo com 452, Contagem em terceiro com 304, Governador Valadares em quarto com 217 e Betim em quinto com 177.<\/span><\/p>\n","protected":false},"excerpt":{"rendered":"<p>O novo boletim epidemiol\u00f3gico divulgado nesta quarta-feira (9) pela Secretaria de Sa\u00fade (SS) da Prefeitura de Juiz de Fora (PJF), confirma que o munic\u00edpio obteve 75 novos casos por Coronav\u00edrus, totalizando 5.122. De acordo com o levantamento, foram registrados mais dois \u00f3bitos, acumulando 176. Al\u00e9m disso, 18.563 s\u00e3o suspeitos. \u00d3bitos: Idosa, de 85 anos, morreu [&hellip;]<\/p>\n","protected":false},"author":96,"featured_media":168531,"comment_status":"closed","ping_status":"closed","sticky":false,"template":"","format":"standard","meta":{"footnotes":""},"categories":[253,436,440,439],"tags":[],"class_list":["post-168530","post","type-post","status-publish","format-standard","has-post-thumbnail","hentry","category-cidade","category-destaque-da-semana","category-destaques-do-dia","category-ultima-hora"],"_links":{"self":[{"href":"https:\/\/diarioregionaldigital.com.br\/index.php?rest_route=\/wp\/v2\/posts\/168530","targetHints":{"allow":["GET"]}}],"collection":[{"href":"https:\/\/diarioregionaldigital.com.br\/index.php?rest_route=\/wp\/v2\/posts"}],"about":[{"href":"https:\/\/diarioregionaldigital.com.br\/index.php?rest_route=\/wp\/v2\/types\/post"}],"author":[{"embeddable":true,"href":"https:\/\/diarioregionaldigital.com.br\/index.php?rest_route=\/wp\/v2\/users\/96"}],"replies":[{"embeddable":true,"href":"https:\/\/diarioregionaldigital.com.br\/index.php?rest_route=%2Fwp%2Fv2%2Fcomments&post=168530"}],"version-history":[{"count":0,"href":"https:\/\/diarioregionaldigital.com.br\/index.php?rest_route=\/wp\/v2\/posts\/168530\/revisions"}],"wp:featuredmedia":[{"embeddable":true,"href":"https:\/\/diarioregionaldigital.com.br\/index.php?rest_route=\/wp\/v2\/media\/168531"}],"wp:attachment":[{"href":"https:\/\/diarioregionaldigital.com.br\/index.php?rest_route=%2Fwp%2Fv2%2Fmedia&parent=168530"}],"wp:term":[{"taxonomy":"category","embeddable":true,"href":"https:\/\/diarioregionaldigital.com.br\/index.php?rest_route=%2Fwp%2Fv2%2Fcategories&post=168530"},{"taxonomy":"post_tag","embeddable":true,"href":"https:\/\/diarioregionaldigital.com.br\/index.php?rest_route=%2Fwp%2Fv2%2Ftags&post=168530"}],"curies":[{"name":"wp","href":"https:\/\/api.w.org\/{rel}","templated":true}]}}