{"id":168527,"date":"2020-09-09T17:53:34","date_gmt":"2020-09-09T20:53:34","guid":{"rendered":"https:\/\/diarioregionaldigital.com.br\/?p=168527"},"modified":"2020-09-09T17:53:34","modified_gmt":"2020-09-09T20:53:34","slug":"prefeito-confere-inicio-de-obras-de-contencao-no-bairro-linhares","status":"publish","type":"post","link":"https:\/\/diarioregionaldigital.com.br\/?p=168527","title":{"rendered":"Prefeito confere in\u00edcio de obras de conten\u00e7\u00e3o no Bairro Linhares"},"content":{"rendered":"<p><span style=\"font-weight: 400;\">A Prefeitura de Juiz de Fora (PJF) realiza obras de conten\u00e7\u00e3o, que tem como objetivo gerar estabilidade nos taludes localizados em \u00e1reas de alto risco. O problema est\u00e1 ocorrendo, por exemplo, nas ruas do Boto e Professor Aguiar J\u00fanior, no Bairro Linhares. Em ambos os locais, houve deslizamento de barranco de grande porte h\u00e1 alguns anos. O investimento \u00e9 de mais de R$ 1,1 milh\u00e3o de reais. Na manh\u00e3 desta quarta-feira (9), o prefeito Ant\u00f4nio Almas, acompanhado do secret\u00e1rio de Obras, Amaury Couri, conferiu o andamento dos trabalhos nestes locais.<\/span><\/p>\n<p><span style=\"font-weight: 400;\">Na Rua Professor Aguiar ser\u00e3o mil metros quadrados de solo grampeado verde e dispositivos de drenagem, como escada hidr\u00e1ulica e canaletas. J\u00e1 na do Boto, 300 metros quadrados de solo grampeado com concreto e os mesmo dispositivos de drenagem.<\/span><\/p>\n<p><span style=\"font-weight: 400;\">Outros cinco bairros tamb\u00e9m est\u00e3o contemplados para receber obras: Graja\u00fa, Santa Luzia, Costa Carvalho, Parque Independ\u00eancia e Santa Rita. O investimento \u00e9 de aproximadamente R$ 7 milh\u00f5es.<\/span><\/p>\n<p><span style=\"font-weight: 400;\">Desde 2013, a PJF tem realizado o maior volume de obras de conten\u00e7\u00e3o da hist\u00f3ria da cidade. Neste per\u00edodo, R$ 27 milh\u00f5es foram investidos em 21 interven\u00e7\u00f5es j\u00e1 finalizadas. Tanto as obras prontas quanto as em andamento fazem parte de conv\u00eanios firmados entre o Munic\u00edpio e o Governo federal, que destina R$ 56 milh\u00f5es para obras de conten\u00e7\u00e3o.<\/span><\/p>\n<p><span style=\"font-weight: 400;\">Ant\u00f4nio Almas ressaltou que Juiz de Fora, devido \u00e0 pr\u00f3pria topografia e forma de ocupa\u00e7\u00e3o ao longo de tantos anos, gera preocupa\u00e7\u00e3o no tempo das \u00e1guas: \u201cNesses dois anos e quatro meses tivemos dois per\u00edodos chuvosos, quando vivemos situa\u00e7\u00f5es graves. Em 2018 tivemos um \u00f3bito, e isso \u00e9 muito triste. E no final de 2019 e in\u00edcio de 2020 tivemos, talvez, o per\u00edodo mais chuvoso dos \u00faltimos 16 anos. Ent\u00e3o, estar fazendo o bras de conten\u00e7\u00e3o de encostas para diminuir riscos para a popula\u00e7\u00e3o, sobretudo a que mais precisa, nos d\u00e1 o conforto de estar fazendo alguma coisa de import\u00e2ncia para essas comunidades. Mesmo que n\u00e3o tenhamos conseguido executar todas as que desej\u00e1vamos, por entraves burocr\u00e1ticos, como a necessidade de aprova\u00e7\u00e3o em outros n\u00edveis de Governo, estamos trabalhando para entregar novas conten\u00e7\u00f5es at\u00e9 o final do ano\u201d. Em 2019, o Governo federal n\u00e3o autorizou o in\u00edcio de nenhuma obra de conten\u00e7\u00e3o no Brasil. Em Juiz de Fora, os dois lotes que foram iniciadas recentemente j\u00e1 estavam licitados desde o ano passado.<\/span><\/p>\n<p><strong>Fonte:<\/strong> Assessoria<\/p>\n","protected":false},"excerpt":{"rendered":"<p>A Prefeitura de Juiz de Fora (PJF) realiza obras de conten\u00e7\u00e3o, que tem como objetivo gerar estabilidade nos taludes localizados em \u00e1reas de alto risco. O problema est\u00e1 ocorrendo, por exemplo, nas ruas do Boto e Professor Aguiar J\u00fanior, no Bairro Linhares. Em ambos os locais, houve deslizamento de barranco de grande porte h\u00e1 alguns [&hellip;]<\/p>\n","protected":false},"author":96,"featured_media":168528,"comment_status":"closed","ping_status":"closed","sticky":false,"template":"","format":"standard","meta":{"footnotes":""},"categories":[253,436,439],"tags":[],"class_list":["post-168527","post","type-post","status-publish","format-standard","has-post-thumbnail","hentry","category-cidade","category-destaque-da-semana","category-ultima-hora"],"_links":{"self":[{"href":"https:\/\/diarioregionaldigital.com.br\/index.php?rest_route=\/wp\/v2\/posts\/168527","targetHints":{"allow":["GET"]}}],"collection":[{"href":"https:\/\/diarioregionaldigital.com.br\/index.php?rest_route=\/wp\/v2\/posts"}],"about":[{"href":"https:\/\/diarioregionaldigital.com.br\/index.php?rest_route=\/wp\/v2\/types\/post"}],"author":[{"embeddable":true,"href":"https:\/\/diarioregionaldigital.com.br\/index.php?rest_route=\/wp\/v2\/users\/96"}],"replies":[{"embeddable":true,"href":"https:\/\/diarioregionaldigital.com.br\/index.php?rest_route=%2Fwp%2Fv2%2Fcomments&post=168527"}],"version-history":[{"count":0,"href":"https:\/\/diarioregionaldigital.com.br\/index.php?rest_route=\/wp\/v2\/posts\/168527\/revisions"}],"wp:featuredmedia":[{"embeddable":true,"href":"https:\/\/diarioregionaldigital.com.br\/index.php?rest_route=\/wp\/v2\/media\/168528"}],"wp:attachment":[{"href":"https:\/\/diarioregionaldigital.com.br\/index.php?rest_route=%2Fwp%2Fv2%2Fmedia&parent=168527"}],"wp:term":[{"taxonomy":"category","embeddable":true,"href":"https:\/\/diarioregionaldigital.com.br\/index.php?rest_route=%2Fwp%2Fv2%2Fcategories&post=168527"},{"taxonomy":"post_tag","embeddable":true,"href":"https:\/\/diarioregionaldigital.com.br\/index.php?rest_route=%2Fwp%2Fv2%2Ftags&post=168527"}],"curies":[{"name":"wp","href":"https:\/\/api.w.org\/{rel}","templated":true}]}}