{"id":168522,"date":"2020-09-09T17:33:58","date_gmt":"2020-09-09T20:33:58","guid":{"rendered":"https:\/\/diarioregionaldigital.com.br\/?p=168522"},"modified":"2020-09-09T17:33:58","modified_gmt":"2020-09-09T20:33:58","slug":"prf-divulga-balanco-da-operacao-independencia-2020","status":"publish","type":"post","link":"https:\/\/diarioregionaldigital.com.br\/?p=168522","title":{"rendered":"PRF divulga balan\u00e7o da &#8220;Opera\u00e7\u00e3o Independ\u00eancia 2020&#8221;"},"content":{"rendered":"<p><span style=\"font-weight: 400;\">A Pol\u00edcia Rodovi\u00e1ria Federal (PRF), divulgou na ter\u00e7a-feira (8), o balan\u00e7o final referente \u00e0 \u201cOpera\u00e7\u00e3o Independ\u00eancia 2020\u201d, que teve in\u00edcio no \u00faltimo fim de semana e foi encerrado no feriado de 7 de setembro, na segunda-feira, pelas rodovias no estado de Minas Gerais.<\/span><\/p>\n<p><span style=\"font-weight: 400;\">Conforme o levantamento, durante o per\u00edodo de fiscaliza\u00e7\u00e3o, foram contabilizadas 9 mortes, sendo que o maior n\u00famero de \u00f3bitos foi registrado justamente no \u00faltimo dia da opera\u00e7\u00e3o com 4 \u00f3bitos. Os incidentes que resultaram nas mortes nas estradas deste ano, foram registradas em Campanha (1), Francisco S\u00e1 (1), S\u00e3o Gon\u00e7alo do Sapuca\u00ed (1), Ribeir\u00e3o das Neves (1), Uberl\u00e2ndia (1) e Governador Valadares (4).<\/span><\/p>\n<p><span style=\"font-weight: 400;\">\u00a0O boletim indica que foram registrados 160 feridos e o principal ac\u00famulo foi no s\u00e1bado (5) com 46. Al\u00e9m disso, houve um total de 122 acidentes, sendo que a maior quantidade tamb\u00e9m foi no s\u00e1bado, com 42 ocorr\u00eancias.<\/span><\/p>\n<p><span style=\"font-weight: 400;\">Conforme os dados, 2.064 ve\u00edculos foram fiscalizados e ao todo foram deflagradas 471 multas. Dentre as infra\u00e7\u00f5es, 410 foram pelo n\u00e3o uso do cinto de seguran\u00e7a por parte do condutor e 96 do passageiro, 11 pelo n\u00e3o uso de cadeirinha e 27 por embriaguez no volante, no qual foram efetuadas 4 pris\u00f5es.<\/span><\/p>\n","protected":false},"excerpt":{"rendered":"<p>A Pol\u00edcia Rodovi\u00e1ria Federal (PRF), divulgou na ter\u00e7a-feira (8), o balan\u00e7o final referente \u00e0 \u201cOpera\u00e7\u00e3o Independ\u00eancia 2020\u201d, que teve in\u00edcio no \u00faltimo fim de semana e foi encerrado no feriado de 7 de setembro, na segunda-feira, pelas rodovias no estado de Minas Gerais. Conforme o levantamento, durante o per\u00edodo de fiscaliza\u00e7\u00e3o, foram contabilizadas 9 mortes, [&hellip;]<\/p>\n","protected":false},"author":96,"featured_media":168523,"comment_status":"closed","ping_status":"closed","sticky":false,"template":"","format":"standard","meta":{"footnotes":""},"categories":[436,440,252,439],"tags":[],"class_list":["post-168522","post","type-post","status-publish","format-standard","has-post-thumbnail","hentry","category-destaque-da-semana","category-destaques-do-dia","category-regiao","category-ultima-hora"],"_links":{"self":[{"href":"https:\/\/diarioregionaldigital.com.br\/index.php?rest_route=\/wp\/v2\/posts\/168522","targetHints":{"allow":["GET"]}}],"collection":[{"href":"https:\/\/diarioregionaldigital.com.br\/index.php?rest_route=\/wp\/v2\/posts"}],"about":[{"href":"https:\/\/diarioregionaldigital.com.br\/index.php?rest_route=\/wp\/v2\/types\/post"}],"author":[{"embeddable":true,"href":"https:\/\/diarioregionaldigital.com.br\/index.php?rest_route=\/wp\/v2\/users\/96"}],"replies":[{"embeddable":true,"href":"https:\/\/diarioregionaldigital.com.br\/index.php?rest_route=%2Fwp%2Fv2%2Fcomments&post=168522"}],"version-history":[{"count":0,"href":"https:\/\/diarioregionaldigital.com.br\/index.php?rest_route=\/wp\/v2\/posts\/168522\/revisions"}],"wp:featuredmedia":[{"embeddable":true,"href":"https:\/\/diarioregionaldigital.com.br\/index.php?rest_route=\/wp\/v2\/media\/168523"}],"wp:attachment":[{"href":"https:\/\/diarioregionaldigital.com.br\/index.php?rest_route=%2Fwp%2Fv2%2Fmedia&parent=168522"}],"wp:term":[{"taxonomy":"category","embeddable":true,"href":"https:\/\/diarioregionaldigital.com.br\/index.php?rest_route=%2Fwp%2Fv2%2Fcategories&post=168522"},{"taxonomy":"post_tag","embeddable":true,"href":"https:\/\/diarioregionaldigital.com.br\/index.php?rest_route=%2Fwp%2Fv2%2Ftags&post=168522"}],"curies":[{"name":"wp","href":"https:\/\/api.w.org\/{rel}","templated":true}]}}