{"id":168516,"date":"2020-09-09T15:39:05","date_gmt":"2020-09-09T18:39:05","guid":{"rendered":"https:\/\/diarioregionaldigital.com.br\/?p=168516"},"modified":"2020-09-09T15:39:05","modified_gmt":"2020-09-09T18:39:05","slug":"selecao-brasileira-de-judo-voltara-a-competir-em-setembro","status":"publish","type":"post","link":"https:\/\/diarioregionaldigital.com.br\/?p=168516","title":{"rendered":"Sele\u00e7\u00e3o brasileira de jud\u00f4 voltar\u00e1 a competir em setembro"},"content":{"rendered":"<p><span style=\"font-weight: 400;\">Depois de quase cinco meses sem competir, os atletas da sele\u00e7\u00e3o brasileira de jud\u00f4 voltar\u00e3o a sentir o gostinho de uma luta valendo medalha. No pr\u00f3ximo dia 26, parte dos judocas brasileiros que est\u00e3o concentrados em Coimbra, na Miss\u00e3o Europa do Time Brasil, lutar\u00e3o a Ta\u00e7a Internacional Kiyoshi Kobayashi, tradicional torneio aberto organizado pela Federa\u00e7\u00e3o Portuguesa de Jud\u00f4 (FPJ). O evento n\u00e3o vale ponto para o ranking mundial IJF, mas servir\u00e1 como prepara\u00e7\u00e3o para o poss\u00edvel retorno do Circuito Mundial, previsto para outubro, com um Grand Slam em Budapeste, na Hungria.<\/span><\/p>\n<p><span style=\"font-weight: 400;\">&#8220;J\u00e1 pensando nesse momento, a FPJ nos ofereceu uma oportunidade excelente de testar nossos atletas numa competi\u00e7\u00e3o, convidando o Brasil para participar da Copa Internacional Kiyoshi Kobayashi. A maior parte dos nossos principais atletas estar\u00e3o nesse evento para sentir novamente o frio na barriga pr\u00e9-competi\u00e7\u00e3o, o gostinho de uma vit\u00f3ria, de jogar de ippon, de ser judoca. Ser\u00e1 um \u00f3timo term\u00f4metro para nossa equipe &#8216;quebrar o gelo&#8217; antes do retorno do Circuito IJF&#8221;, avaliou o gestor de Alto Rendimento da CBJ, Ney Wilson Pereira.<\/span><\/p>\n<p><span style=\"font-weight: 400;\">A lista dos atletas brasileiros que lutar\u00e3o a Ta\u00e7a Kobayashi ser\u00e1 divulgada no pr\u00f3ximo dia 15. A competi\u00e7\u00e3o ser\u00e1 no Pavilh\u00e3o n\u00ba 3 do Est\u00e1dio Universit\u00e1rio de Coimbra. Todas as 14 categorias ser\u00e3o definidas no mesmo dia, com as preliminares come\u00e7ando \u00e0s 9h30 (hor\u00e1rio local).<\/span><\/p>\n<p><b>Retorno \u00e0s competi\u00e7\u00f5es oficiais<\/b><\/p>\n<p><span style=\"font-weight: 400;\">Na \u00faltima semana, a Federa\u00e7\u00e3o Internacional de Jud\u00f4 anunciou o retorno do Circuito Mundial IJF, indicando a possibilidade de realiza\u00e7\u00e3o de tr\u00eas etapas entre os meses de outubro e janeiro. A primeira seria o Grand Slam de Budapeste, no per\u00edodo de 25 a 27 de outubro, seguida por um Grand Slam em T\u00f3quio, em dezembro, e o World Masters no Qatar, em janeiro de 2021.<\/span><\/p>\n<p><span style=\"font-weight: 400;\">A not\u00edcia motivou ainda mais os atletas brasileiros que est\u00e3o na disputa por uma vaga nos Jogos Ol\u00edmpicos de T\u00f3quio 2020 e que est\u00e3o concentrados em treinamento de campo em Coimbra h\u00e1 mais de 40 dias se preparando para esse poss\u00edvel retorno \u00e0s competi\u00e7\u00f5es.<\/span><\/p>\n<p><span style=\"font-weight: 400;\">&#8220;Eu fiquei muito feliz com a not\u00edcia (do retorno). Acho que d\u00e1 mais \u00e2nimo ainda para treinar. Vai ser bem diferente do que estamos acostumados, mas \u00e9 um novo desafio&#8221;, projetou o meio-leve Daniel Cargnin.<\/span><\/p>\n<p><span style=\"font-weight: 400;\">&#8220;Acho que muitos de n\u00f3s, atletas, esper\u00e1vamos por esse momento de previs\u00f5es reais de competi\u00e7\u00f5es. Ent\u00e3o, fiquei super feliz, animada, motivada, feliz por ter feito a escolha de estar aqui (em Portugal) me preparando para essas poss\u00edveis oportunidades de competi\u00e7\u00e3o. Espero que tudo d\u00ea certo&#8221;, disse Ketleyn Quadros, atual n\u00famero 10 do ranking mundial nos 63kg.<\/span><\/p>\n<p><span style=\"font-weight: 400;\">Para os t\u00e9cnicos Mario Tsutsui e Yuko Fujii, que lideram os treinos da equipe em Coimbra, os atletas est\u00e3o respondendo bem ao programa de treinamento e estar\u00e3o prontos para competir quando chegar o momento.<\/span><\/p>\n<p><span style=\"font-weight: 400;\">&#8220;Estamos agora na 7\u00aa semana de treinamento e todos os atletas est\u00e3o demonstrando uma boa evolu\u00e7\u00e3o fisicamente e tecnicamente no tatame. Eles est\u00e3o bem focados em construir e evoluir o seu jud\u00f4. Apesar de ter muitas incertezas, eles n\u00e3o est\u00e3o deixando isso afetar o foco&#8221;, pontuou a treinadora da sele\u00e7\u00e3o masculina.<\/span><\/p>\n<p><span style=\"font-weight: 400;\">Para Tsutsui, os pr\u00f3ximos eventos poder\u00e3o dar um par\u00e2metro para avalia\u00e7\u00e3o do trabalho realizado nos \u00faltimos meses com a sele\u00e7\u00e3o feminina. &#8220;Estamos j\u00e1 ansiosos para os eventos e tamb\u00e9m para testarmos o que fizemos nesses quase dois meses de prepara\u00e7\u00e3o em Portugal.&#8221;<\/span><\/p>\n<p><strong>Fonte:<\/strong> CBJ<\/p>\n","protected":false},"excerpt":{"rendered":"<p>Depois de quase cinco meses sem competir, os atletas da sele\u00e7\u00e3o brasileira de jud\u00f4 voltar\u00e3o a sentir o gostinho de uma luta valendo medalha. No pr\u00f3ximo dia 26, parte dos judocas brasileiros que est\u00e3o concentrados em Coimbra, na Miss\u00e3o Europa do Time Brasil, lutar\u00e3o a Ta\u00e7a Internacional Kiyoshi Kobayashi, tradicional torneio aberto organizado pela Federa\u00e7\u00e3o [&hellip;]<\/p>\n","protected":false},"author":96,"featured_media":168517,"comment_status":"closed","ping_status":"closed","sticky":false,"template":"","format":"standard","meta":{"footnotes":""},"categories":[436,257,439],"tags":[],"class_list":["post-168516","post","type-post","status-publish","format-standard","has-post-thumbnail","hentry","category-destaque-da-semana","category-esporte","category-ultima-hora"],"_links":{"self":[{"href":"https:\/\/diarioregionaldigital.com.br\/index.php?rest_route=\/wp\/v2\/posts\/168516","targetHints":{"allow":["GET"]}}],"collection":[{"href":"https:\/\/diarioregionaldigital.com.br\/index.php?rest_route=\/wp\/v2\/posts"}],"about":[{"href":"https:\/\/diarioregionaldigital.com.br\/index.php?rest_route=\/wp\/v2\/types\/post"}],"author":[{"embeddable":true,"href":"https:\/\/diarioregionaldigital.com.br\/index.php?rest_route=\/wp\/v2\/users\/96"}],"replies":[{"embeddable":true,"href":"https:\/\/diarioregionaldigital.com.br\/index.php?rest_route=%2Fwp%2Fv2%2Fcomments&post=168516"}],"version-history":[{"count":0,"href":"https:\/\/diarioregionaldigital.com.br\/index.php?rest_route=\/wp\/v2\/posts\/168516\/revisions"}],"wp:featuredmedia":[{"embeddable":true,"href":"https:\/\/diarioregionaldigital.com.br\/index.php?rest_route=\/wp\/v2\/media\/168517"}],"wp:attachment":[{"href":"https:\/\/diarioregionaldigital.com.br\/index.php?rest_route=%2Fwp%2Fv2%2Fmedia&parent=168516"}],"wp:term":[{"taxonomy":"category","embeddable":true,"href":"https:\/\/diarioregionaldigital.com.br\/index.php?rest_route=%2Fwp%2Fv2%2Fcategories&post=168516"},{"taxonomy":"post_tag","embeddable":true,"href":"https:\/\/diarioregionaldigital.com.br\/index.php?rest_route=%2Fwp%2Fv2%2Ftags&post=168516"}],"curies":[{"name":"wp","href":"https:\/\/api.w.org\/{rel}","templated":true}]}}