{"id":168513,"date":"2020-09-09T15:26:21","date_gmt":"2020-09-09T18:26:21","guid":{"rendered":"https:\/\/diarioregionaldigital.com.br\/?p=168513"},"modified":"2020-09-09T15:26:21","modified_gmt":"2020-09-09T18:26:21","slug":"ney-franco-e-o-novo-tecnico-do-cruzeiro","status":"publish","type":"post","link":"https:\/\/diarioregionaldigital.com.br\/?p=168513","title":{"rendered":"Ney Franco \u00e9 o novo t\u00e9cnico do Cruzeiro"},"content":{"rendered":"<p><span style=\"font-weight: 400;\">O Cruzeiro confirmou nesta quarta-feira (9), que Ney Franco \u00e9 o novo t\u00e9cnico para a disputa da S\u00e9rie B do Campeonato Brasileiro. O comandante assume o lugar deixado por Enderson Moreira, demitido na ter\u00e7a-feira (8), por conta da sequ\u00eancia de maus resultados obtidos nos jogos recentes.<\/span><\/p>\n<p><span style=\"font-weight: 400;\">A diretoria celeste firmou contrato com Ney Franco at\u00e9 o final de 2021 e chega com a miss\u00e3o de reerguer o time na classifica\u00e7\u00e3o do campeonato, bem como chegar \u00e0 zona dos quatro primeiros colocados, os quais se garantem na divis\u00e3o de elite do futebol brasileiro no pr\u00f3ximo ano.<\/span><\/p>\n<p><span style=\"font-weight: 400;\">O novo comandante desembarcou em Belo Horizonte, junto com os auxiliares t\u00e9cnicos Rodney Borges e Moacir Pereira, al\u00e9m do preparador f\u00edsico Alexandre Lopes. Durante uma breve entrevista, Ney fala sobre a expectativa de comandar o Cruzeiro e tamb\u00e9m comenta sobre a situa\u00e7\u00e3o atual do time no campeonato:<\/span><\/p>\n<p><span style=\"font-weight: 400;\">\u201c\u00c9 um desafio enorme. A gente est\u00e1 disputando uma S\u00e9rie B, que \u00e9 um campeonato super dif\u00edcil. Eu tive experi\u00eancia duas vezes nessa competi\u00e7\u00e3o, com o Coritiba e com o Goi\u00e1s, pegando as equipes numa situa\u00e7\u00e3o dif\u00edcil e aqui a mesma coisa. Ent\u00e3o \u00e9 ir \u00e0 campo, trabalhar, desenvolver dentro da equipe um esp\u00edrito de competi\u00e7\u00e3o de pontos corridos. A expectativa \u00e9 de conseguirmos, primeiramente, recuperar dentro da competi\u00e7\u00e3o.\u201d<\/span><\/p>\n<p><b>Carreira como treinador<\/b><\/p>\n<p><span style=\"font-weight: 400;\">Ney Franco iniciou sua carreira como t\u00e9cnico de futebol, justamente pelo Cruzeiro em 2004, na \u00e9poca era interino. Posteriormente teve passagens pelo Ipatinga, Flamengo, Athletico-PR, Botafogo, Coritiba, Sele\u00e7\u00e3o Brasileira Sub-20, S\u00e3o Paulo, Vit\u00f3ria, Sport, Goi\u00e1s e Chapecoense.<\/span><\/p>\n<p><span style=\"font-weight: 400;\">O seu curr\u00edculo conta com os seguintes t\u00edtulos: Campeonato Mineiro 2005 (Ipatinga), Copa do Brasil 2006 (Flamengo), Campeonato Carioca e Ta\u00e7a Guanabara 2007 (Flamengo), Ta\u00e7a Guanabara 2009 (Botafogo), Campeonato Brasileiro S\u00e9rie B e Campeonato Paranaense 2010 (Coritiba), Copa do Mundo FIFA Sub-20 (Sele\u00e7\u00e3o Brasileira) e Sul-Americano Sub-20 2011 (Sele\u00e7\u00e3o Brasileira) e Copa Sul-Americana 2012 (S\u00e3o Paulo).<\/span><\/p>\n","protected":false},"excerpt":{"rendered":"<p>O Cruzeiro confirmou nesta quarta-feira (9), que Ney Franco \u00e9 o novo t\u00e9cnico para a disputa da S\u00e9rie B do Campeonato Brasileiro. O comandante assume o lugar deixado por Enderson Moreira, demitido na ter\u00e7a-feira (8), por conta da sequ\u00eancia de maus resultados obtidos nos jogos recentes. A diretoria celeste firmou contrato com Ney Franco at\u00e9 [&hellip;]<\/p>\n","protected":false},"author":96,"featured_media":168514,"comment_status":"closed","ping_status":"closed","sticky":false,"template":"","format":"standard","meta":{"footnotes":""},"categories":[436,257,439],"tags":[],"class_list":["post-168513","post","type-post","status-publish","format-standard","has-post-thumbnail","hentry","category-destaque-da-semana","category-esporte","category-ultima-hora"],"_links":{"self":[{"href":"https:\/\/diarioregionaldigital.com.br\/index.php?rest_route=\/wp\/v2\/posts\/168513","targetHints":{"allow":["GET"]}}],"collection":[{"href":"https:\/\/diarioregionaldigital.com.br\/index.php?rest_route=\/wp\/v2\/posts"}],"about":[{"href":"https:\/\/diarioregionaldigital.com.br\/index.php?rest_route=\/wp\/v2\/types\/post"}],"author":[{"embeddable":true,"href":"https:\/\/diarioregionaldigital.com.br\/index.php?rest_route=\/wp\/v2\/users\/96"}],"replies":[{"embeddable":true,"href":"https:\/\/diarioregionaldigital.com.br\/index.php?rest_route=%2Fwp%2Fv2%2Fcomments&post=168513"}],"version-history":[{"count":0,"href":"https:\/\/diarioregionaldigital.com.br\/index.php?rest_route=\/wp\/v2\/posts\/168513\/revisions"}],"wp:featuredmedia":[{"embeddable":true,"href":"https:\/\/diarioregionaldigital.com.br\/index.php?rest_route=\/wp\/v2\/media\/168514"}],"wp:attachment":[{"href":"https:\/\/diarioregionaldigital.com.br\/index.php?rest_route=%2Fwp%2Fv2%2Fmedia&parent=168513"}],"wp:term":[{"taxonomy":"category","embeddable":true,"href":"https:\/\/diarioregionaldigital.com.br\/index.php?rest_route=%2Fwp%2Fv2%2Fcategories&post=168513"},{"taxonomy":"post_tag","embeddable":true,"href":"https:\/\/diarioregionaldigital.com.br\/index.php?rest_route=%2Fwp%2Fv2%2Ftags&post=168513"}],"curies":[{"name":"wp","href":"https:\/\/api.w.org\/{rel}","templated":true}]}}