{"id":168503,"date":"2020-09-09T11:17:43","date_gmt":"2020-09-09T14:17:43","guid":{"rendered":"https:\/\/diarioregionaldigital.com.br\/?p=168503"},"modified":"2020-09-09T11:17:43","modified_gmt":"2020-09-09T14:17:43","slug":"homem-e-agredido-durante-assalto-no-poco-rico","status":"publish","type":"post","link":"https:\/\/diarioregionaldigital.com.br\/?p=168503","title":{"rendered":"Homem \u00e9 agredido durante assalto no Po\u00e7o Rico"},"content":{"rendered":"<p>Na madrugada desta quarta-feira (9), um homem de 43 anos, transitava pelo viaduto Augusto Franco, no Bairro Po\u00e7o Rico (Regi\u00e3o Sudeste), quando em um determinado momento foi abordado por dois indiv\u00edduos. Os mesmos exigiram que a v\u00edtima entregasse todos seus pertences e durante o ato, ela foi derrubada ao ch\u00e3o e agredida com chutes. Os autores reviraram sua mochila e roubaram a quantia de R$910,00 em dinheiro, um aparelho celular e um roteador. Logo em seguida, os suspeitos fugiram em dire\u00e7\u00e3o \u00e0 Avenida Sete de Setembro. A Pol\u00edcia Militar (PM) realizou rastreamento, portanto n\u00e3o localizou os indiv\u00edduos.<\/p>\n","protected":false},"excerpt":{"rendered":"<p>Na madrugada desta quarta-feira (9), um homem de 43 anos, transitava pelo viaduto Augusto Franco, no Bairro Po\u00e7o Rico (Regi\u00e3o Sudeste), quando em um determinado momento foi abordado por dois indiv\u00edduos. Os mesmos exigiram que a v\u00edtima entregasse todos seus pertences e durante o ato, ela foi derrubada ao ch\u00e3o e agredida com chutes. Os [&hellip;]<\/p>\n","protected":false},"author":96,"featured_media":165308,"comment_status":"closed","ping_status":"closed","sticky":false,"template":"","format":"standard","meta":{"footnotes":""},"categories":[301,436,439],"tags":[],"class_list":["post-168503","post","type-post","status-publish","format-standard","has-post-thumbnail","hentry","category-artigos-policiais","category-destaque-da-semana","category-ultima-hora"],"_links":{"self":[{"href":"https:\/\/diarioregionaldigital.com.br\/index.php?rest_route=\/wp\/v2\/posts\/168503","targetHints":{"allow":["GET"]}}],"collection":[{"href":"https:\/\/diarioregionaldigital.com.br\/index.php?rest_route=\/wp\/v2\/posts"}],"about":[{"href":"https:\/\/diarioregionaldigital.com.br\/index.php?rest_route=\/wp\/v2\/types\/post"}],"author":[{"embeddable":true,"href":"https:\/\/diarioregionaldigital.com.br\/index.php?rest_route=\/wp\/v2\/users\/96"}],"replies":[{"embeddable":true,"href":"https:\/\/diarioregionaldigital.com.br\/index.php?rest_route=%2Fwp%2Fv2%2Fcomments&post=168503"}],"version-history":[{"count":0,"href":"https:\/\/diarioregionaldigital.com.br\/index.php?rest_route=\/wp\/v2\/posts\/168503\/revisions"}],"wp:featuredmedia":[{"embeddable":true,"href":"https:\/\/diarioregionaldigital.com.br\/index.php?rest_route=\/wp\/v2\/media\/165308"}],"wp:attachment":[{"href":"https:\/\/diarioregionaldigital.com.br\/index.php?rest_route=%2Fwp%2Fv2%2Fmedia&parent=168503"}],"wp:term":[{"taxonomy":"category","embeddable":true,"href":"https:\/\/diarioregionaldigital.com.br\/index.php?rest_route=%2Fwp%2Fv2%2Fcategories&post=168503"},{"taxonomy":"post_tag","embeddable":true,"href":"https:\/\/diarioregionaldigital.com.br\/index.php?rest_route=%2Fwp%2Fv2%2Ftags&post=168503"}],"curies":[{"name":"wp","href":"https:\/\/api.w.org\/{rel}","templated":true}]}}