{"id":168457,"date":"2020-09-08T22:03:15","date_gmt":"2020-09-09T01:03:15","guid":{"rendered":"https:\/\/diarioregionaldigital.com.br\/?p=168457"},"modified":"2020-09-08T22:03:15","modified_gmt":"2020-09-09T01:03:15","slug":"covid-19-brasil-tem-mais-504-mortes-e-14-279-novos-casos","status":"publish","type":"post","link":"https:\/\/diarioregionaldigital.com.br\/?p=168457","title":{"rendered":"Covid-19: Brasil tem mais 504 mortes e 14.279 novos casos"},"content":{"rendered":"<p>Nas \u00faltimas 24 horas, o\u00a0Brasil registrou mais 504 mortes e 14.279 novos casos de covid-19. Os n\u00fameros foram apresentados na atualiza\u00e7\u00e3o di\u00e1ria do Minist\u00e9rio da Sa\u00fade, divulgada na noite dessa\u00a0<span id=\"OBJ_PREFIX_DWT2415_com_zimbra_date\" role=\"link\"><span id=\"OBJ_PREFIX_DWT2421_com_zimbra_date\" role=\"link\">ter<\/span><\/span>\u00e7a-feira (8).<img decoding=\"async\" src=\"https:\/\/agenciabrasil.ebc.com.br\/ebc.png?id=1387352&amp;o=node\" \/><img decoding=\"async\" src=\"https:\/\/agenciabrasil.ebc.com.br\/ebc.gif?id=1387352&amp;o=node\" \/><\/p>\n<p>O n\u00famero total de \u00f3bitos chega 127.464.\u00a0<span id=\"OBJ_PREFIX_DWT2416_com_zimbra_date\" role=\"link\"><span id=\"OBJ_PREFIX_DWT2422_com_zimbra_date\" role=\"link\">Ontem<\/span><\/span>, o painel do minist\u00e9rio\u00a0marcava 126.960. Ainda h\u00e1 2.485 falecimentos em investiga\u00e7\u00e3o.<\/p>\n<p>Os casos acumulados de covid-19 totalizam 4.162.073.\u00a0<span id=\"OBJ_PREFIX_DWT2417_com_zimbra_date\" role=\"link\"><span id=\"OBJ_PREFIX_DWT2423_com_zimbra_date\" role=\"link\">Ontem<\/span><\/span>\u00a0o sistema de dados trazia 4.147.794 casos desde o in\u00edcio da pandemia.<\/p>\n<p>Ainda de acordo com a atualiza\u00e7\u00e3o, 637.735 pessoas est\u00e3o em acompanhamento e outras 3.397.234 j\u00e1 se recuperaram.<\/p>\n<p><strong>Covid-19 nos estados<\/strong><\/p>\n<p>Os estados com mais mortes s\u00e3o S\u00e3o Paulo (31.430), Rio<span id=\"OBJ_PREFIX_DWT2420_com_zimbra_date\" role=\"link\">\u00a0de Janeiro<\/span>\u00a0(16.646), Cear\u00e1 (8.567), Pernambuco (7.741) e Par\u00e1 (6.269). As Unidades da Federa\u00e7\u00e3o com menos \u00f3bitos at\u00e9 o momento s\u00e3o Roraima (598), Acre (630), Amap\u00e1 (675), Tocantins (758) e Mato Grosso do Sul (987).<\/p>\n<p><strong>Fonte:\u00a0<\/strong>Ag\u00eancia Brasil<\/p>\n","protected":false},"excerpt":{"rendered":"<p>Nas \u00faltimas 24 horas, o\u00a0Brasil registrou mais 504 mortes e 14.279 novos casos de covid-19. Os n\u00fameros foram apresentados na atualiza\u00e7\u00e3o di\u00e1ria do Minist\u00e9rio da Sa\u00fade, divulgada na noite dessa\u00a0ter\u00e7a-feira (8). O n\u00famero total de \u00f3bitos chega 127.464.\u00a0Ontem, o painel do minist\u00e9rio\u00a0marcava 126.960. Ainda h\u00e1 2.485 falecimentos em investiga\u00e7\u00e3o. Os casos acumulados de covid-19 totalizam [&hellip;]<\/p>\n","protected":false},"author":96,"featured_media":168468,"comment_status":"closed","ping_status":"closed","sticky":false,"template":"","format":"standard","meta":{"footnotes":""},"categories":[302,436,440,439],"tags":[],"class_list":["post-168457","post","type-post","status-publish","format-standard","has-post-thumbnail","hentry","category-brasil-mundo","category-destaque-da-semana","category-destaques-do-dia","category-ultima-hora"],"_links":{"self":[{"href":"https:\/\/diarioregionaldigital.com.br\/index.php?rest_route=\/wp\/v2\/posts\/168457","targetHints":{"allow":["GET"]}}],"collection":[{"href":"https:\/\/diarioregionaldigital.com.br\/index.php?rest_route=\/wp\/v2\/posts"}],"about":[{"href":"https:\/\/diarioregionaldigital.com.br\/index.php?rest_route=\/wp\/v2\/types\/post"}],"author":[{"embeddable":true,"href":"https:\/\/diarioregionaldigital.com.br\/index.php?rest_route=\/wp\/v2\/users\/96"}],"replies":[{"embeddable":true,"href":"https:\/\/diarioregionaldigital.com.br\/index.php?rest_route=%2Fwp%2Fv2%2Fcomments&post=168457"}],"version-history":[{"count":0,"href":"https:\/\/diarioregionaldigital.com.br\/index.php?rest_route=\/wp\/v2\/posts\/168457\/revisions"}],"wp:featuredmedia":[{"embeddable":true,"href":"https:\/\/diarioregionaldigital.com.br\/index.php?rest_route=\/wp\/v2\/media\/168468"}],"wp:attachment":[{"href":"https:\/\/diarioregionaldigital.com.br\/index.php?rest_route=%2Fwp%2Fv2%2Fmedia&parent=168457"}],"wp:term":[{"taxonomy":"category","embeddable":true,"href":"https:\/\/diarioregionaldigital.com.br\/index.php?rest_route=%2Fwp%2Fv2%2Fcategories&post=168457"},{"taxonomy":"post_tag","embeddable":true,"href":"https:\/\/diarioregionaldigital.com.br\/index.php?rest_route=%2Fwp%2Fv2%2Ftags&post=168457"}],"curies":[{"name":"wp","href":"https:\/\/api.w.org\/{rel}","templated":true}]}}