{"id":168451,"date":"2020-09-08T18:06:15","date_gmt":"2020-09-08T21:06:15","guid":{"rendered":"https:\/\/diarioregionaldigital.com.br\/?p=168451"},"modified":"2020-09-08T18:06:15","modified_gmt":"2020-09-08T21:06:15","slug":"mais-de-200-mil-pessoas-se-recuperaram-da-covid-19-em-minas","status":"publish","type":"post","link":"https:\/\/diarioregionaldigital.com.br\/?p=168451","title":{"rendered":"Mais de 200 mil pessoas se recuperaram da covid-19 em Minas"},"content":{"rendered":"<p>Minas Gerais registra mais de 200 mil pessoas recuperadas da covid-19. O dado foi apontado pelo secret\u00e1rio de Estado de\u00a0<a href=\"https:\/\/www.saude.mg.gov.br\/\" target=\"_blank\" rel=\"noopener noreferrer\">Sa\u00fade<\/a>, o m\u00e9dico Carlos Eduardo Amaral, durante coletiva de imprensa sobre os desdobramentos da pandemia no estado, realizada nesta ter\u00e7a-feira (8\/9).<\/p>\n<p>\u201cMinas Gerais soma 200.301 casos recuperados e isso mostra que n\u00f3s j\u00e1 temos uma quantidade significativa de pessoas que passaram pela doen\u00e7a e tiveram uma boa evolu\u00e7\u00e3o. Al\u00e9m disso, esse n\u00famero refor\u00e7a ainda mais a necessidade de nos cuidar e nos proteger para evitar o aumento no n\u00famero de contaminados no estado\u201d, destacou Amaral.<\/p>\n<p>Os \u2018casos recuperados de covid-19\u2019 referem-se a casos confirmados da doen\u00e7a que receberam alta hospitalar e\/ou cumpriram isolamento domiciliar de 14 dias sem apresentar intercorr\u00eancias.<\/p>\n<p>O secret\u00e1rio tamb\u00e9m falou sobre poss\u00edveis casos de reinfec\u00e7\u00e3o, situa\u00e7\u00e3o que j\u00e1 vem sendo monitorada em Minas Gerais a partir de protocolo publicado pelo\u00a0<a href=\"https:\/\/www.mg.gov.br\/\" target=\"_blank\" rel=\"noopener noreferrer\">Governo do Estado<\/a>\u00a0na \u00faltima semana.<\/p>\n<p><strong>Suspeita de reinfec\u00e7\u00e3o<\/strong><\/p>\n<p>De acordo com Carlos Eduardo Amaral, h\u00e1 um grupo cuja reinfec\u00e7\u00e3o est\u00e1 sendo investigada\u00a0pela SES. S\u00e3o pessoas que tiveram a doen\u00e7a confirmada pelo testagem RT-PCR ou pelo teste r\u00e1pido, e voltaram a ter um novo diagn\u00f3stico ap\u00f3s 90 dias do primeiro resultado positivo.<\/p>\n<p>\u201cAtualmente, n\u00e3o h\u00e1 casos confirmados de reinfec\u00e7\u00e3o pela covid-19 em Minas Gerais. Ainda assim, as equipes da SES elaboraram uma nota t\u00e9cnica orientando quanto \u00e0 notifica\u00e7\u00e3o de suspeita e, at\u00e9 o momento, h\u00e1 o registro de tr\u00eas casos &#8211; em Varginha, Contagem e Belo Horizonte &#8211;\u00a0 que est\u00e3o em investiga\u00e7\u00e3o\u201d, explicou Amaral.<\/p>\n<p>Com a confirma\u00e7\u00e3o de casos de reinfec\u00e7\u00e3o pelo coronav\u00edrus no mundo, todos os casos positivos para a covid-19 com novo quadro cl\u00ednico em per\u00edodo maior ou igual a 90 dias da primeira confirma\u00e7\u00e3o devem ser testados e notificados ao Estado.<\/p>\n<p>Outros poss\u00edveis casos foram notificados, mas seus dados est\u00e3o em avalia\u00e7\u00e3o para certifica\u00e7\u00e3o quanto ao enquadramento nos crit\u00e9rios para investiga\u00e7\u00e3o de casos de reinfec\u00e7\u00e3o.<\/p>\n<p><strong>Isolamento<\/strong><\/p>\n<p>Outro assunto abordado por Amaral foi a taxa de isolamento, que tem se mantido entre 39% e 41% no estado.<\/p>\n<p>\u201cNo in\u00edcio, quando orientamos a popula\u00e7\u00e3o sobre o isolamento, o que efetivamente pod\u00edamos fazer era pedir que as pessoas ficassem em casa. Naquele momento, n\u00e3o havia ainda um h\u00e1bito da sociedade em rela\u00e7\u00e3o \u00e0 lavagem das m\u00e3os, uso das m\u00e1scaras e distanciamento que n\u00f3s vemos hoje\u201d, afirmou Carlos Eduardo Amaral.<\/p>\n<p>Ainda segundo o secret\u00e1rio, a taxa de isolamento social no estado somada aos protocolos de higiene e preven\u00e7\u00e3o indicam que o comportamento seguro adotado pela popula\u00e7\u00e3o tem colaborado para o controle da pandemia.<\/p>\n<p><strong>Fonte:\u00a0<\/strong>Ag\u00eancia Minas<\/p>\n","protected":false},"excerpt":{"rendered":"<p>Minas Gerais registra mais de 200 mil pessoas recuperadas da covid-19. O dado foi apontado pelo secret\u00e1rio de Estado de\u00a0Sa\u00fade, o m\u00e9dico Carlos Eduardo Amaral, durante coletiva de imprensa sobre os desdobramentos da pandemia no estado, realizada nesta ter\u00e7a-feira (8\/9). \u201cMinas Gerais soma 200.301 casos recuperados e isso mostra que n\u00f3s j\u00e1 temos uma quantidade [&hellip;]<\/p>\n","protected":false},"author":96,"featured_media":168452,"comment_status":"closed","ping_status":"closed","sticky":false,"template":"","format":"standard","meta":{"footnotes":""},"categories":[436,440,252,439],"tags":[],"class_list":["post-168451","post","type-post","status-publish","format-standard","has-post-thumbnail","hentry","category-destaque-da-semana","category-destaques-do-dia","category-regiao","category-ultima-hora"],"_links":{"self":[{"href":"https:\/\/diarioregionaldigital.com.br\/index.php?rest_route=\/wp\/v2\/posts\/168451","targetHints":{"allow":["GET"]}}],"collection":[{"href":"https:\/\/diarioregionaldigital.com.br\/index.php?rest_route=\/wp\/v2\/posts"}],"about":[{"href":"https:\/\/diarioregionaldigital.com.br\/index.php?rest_route=\/wp\/v2\/types\/post"}],"author":[{"embeddable":true,"href":"https:\/\/diarioregionaldigital.com.br\/index.php?rest_route=\/wp\/v2\/users\/96"}],"replies":[{"embeddable":true,"href":"https:\/\/diarioregionaldigital.com.br\/index.php?rest_route=%2Fwp%2Fv2%2Fcomments&post=168451"}],"version-history":[{"count":0,"href":"https:\/\/diarioregionaldigital.com.br\/index.php?rest_route=\/wp\/v2\/posts\/168451\/revisions"}],"wp:featuredmedia":[{"embeddable":true,"href":"https:\/\/diarioregionaldigital.com.br\/index.php?rest_route=\/wp\/v2\/media\/168452"}],"wp:attachment":[{"href":"https:\/\/diarioregionaldigital.com.br\/index.php?rest_route=%2Fwp%2Fv2%2Fmedia&parent=168451"}],"wp:term":[{"taxonomy":"category","embeddable":true,"href":"https:\/\/diarioregionaldigital.com.br\/index.php?rest_route=%2Fwp%2Fv2%2Fcategories&post=168451"},{"taxonomy":"post_tag","embeddable":true,"href":"https:\/\/diarioregionaldigital.com.br\/index.php?rest_route=%2Fwp%2Fv2%2Ftags&post=168451"}],"curies":[{"name":"wp","href":"https:\/\/api.w.org\/{rel}","templated":true}]}}