{"id":168276,"date":"2020-09-04T06:00:54","date_gmt":"2020-09-04T09:00:54","guid":{"rendered":"https:\/\/diarioregionaldigital.com.br\/?p=168276"},"modified":"2020-09-04T00:17:06","modified_gmt":"2020-09-04T03:17:06","slug":"convocacao-ascomcer-04-09-2020","status":"publish","type":"post","link":"https:\/\/diarioregionaldigital.com.br\/?p=168276","title":{"rendered":"Convoca\u00e7\u00e3o Ascomcer &#8211; 04\/09\/2020"},"content":{"rendered":"<p style=\"text-align: center;\"><strong>Edital de Convoca\u00e7\u00e3o<\/strong><\/p>\n<p style=\"text-align: center;\"><strong>Associa\u00e7\u00e3o Feminina de Preven\u00e7\u00e3o e Combate ao C\u00e2ncer de Juiz de Fora<\/strong>\u00a0por sua Presidente, no uso das atribui\u00e7\u00f5es que lhe s\u00e3o conferidas pelo Art. 16, b do Estatuto Social, convoca seus associados a participarem da\u00a0<strong>Assembl\u00e9ia Geral Ordin\u00e1ria,\u00a0<\/strong>a ser realizada no dia 10 de Setembro de 2020 em Juiz de Fora \u2013 MG, em formato on-line, sendo a primeira chamada \u00e0s 13:30h com qu\u00f3rum de metade dos associados, a segunda \u00e0s 14h, com qu\u00f3rum de 1\/3 dos associados e terceira \u00e0s 14:30h com qualquer n\u00famero de associados presentes, tendo como pauta a discuss\u00e3o, delibera\u00e7\u00e3o e vota\u00e7\u00e3o sobre as contas do Exercicio 2019 conforme prever no Estatuto Social, sendo realizadas neste momento em fun\u00e7\u00e3o das medidas de restri\u00e7\u00e3o impostas pela pandemia global da COVID-19. Informo o link de acesso para reuni\u00e3o:\u00a0<a href=\"http:\/\/meet.google.com\/auw-dszj-ogr\"><strong>meet.google.com\/auw-dszj-ogr<\/strong><\/a><\/p>\n<p style=\"text-align: center;\"><strong>\u00a0Juiz de Fora, 03 de setembro de 2020<\/strong><\/p>\n<p style=\"text-align: center;\"><strong>Alessandra Sampaio Faria de Souza<\/strong><\/p>\n<p style=\"text-align: center;\"><strong>Gest\u00e3o 2019-2023<\/strong><\/p>\n","protected":false},"excerpt":{"rendered":"<p>Edital de Convoca\u00e7\u00e3o Associa\u00e7\u00e3o Feminina de Preven\u00e7\u00e3o e Combate ao C\u00e2ncer de Juiz de Fora\u00a0por sua Presidente, no uso das atribui\u00e7\u00f5es que lhe s\u00e3o conferidas pelo Art. 16, b do Estatuto Social, convoca seus associados a participarem da\u00a0Assembl\u00e9ia Geral Ordin\u00e1ria,\u00a0a ser realizada no dia 10 de Setembro de 2020 em Juiz de Fora \u2013 MG, [&hellip;]<\/p>\n","protected":false},"author":96,"featured_media":0,"comment_status":"closed","ping_status":"closed","sticky":false,"template":"","format":"standard","meta":{"footnotes":""},"categories":[307],"tags":[],"class_list":["post-168276","post","type-post","status-publish","format-standard","hentry","category-editais"],"_links":{"self":[{"href":"https:\/\/diarioregionaldigital.com.br\/index.php?rest_route=\/wp\/v2\/posts\/168276","targetHints":{"allow":["GET"]}}],"collection":[{"href":"https:\/\/diarioregionaldigital.com.br\/index.php?rest_route=\/wp\/v2\/posts"}],"about":[{"href":"https:\/\/diarioregionaldigital.com.br\/index.php?rest_route=\/wp\/v2\/types\/post"}],"author":[{"embeddable":true,"href":"https:\/\/diarioregionaldigital.com.br\/index.php?rest_route=\/wp\/v2\/users\/96"}],"replies":[{"embeddable":true,"href":"https:\/\/diarioregionaldigital.com.br\/index.php?rest_route=%2Fwp%2Fv2%2Fcomments&post=168276"}],"version-history":[{"count":0,"href":"https:\/\/diarioregionaldigital.com.br\/index.php?rest_route=\/wp\/v2\/posts\/168276\/revisions"}],"wp:attachment":[{"href":"https:\/\/diarioregionaldigital.com.br\/index.php?rest_route=%2Fwp%2Fv2%2Fmedia&parent=168276"}],"wp:term":[{"taxonomy":"category","embeddable":true,"href":"https:\/\/diarioregionaldigital.com.br\/index.php?rest_route=%2Fwp%2Fv2%2Fcategories&post=168276"},{"taxonomy":"post_tag","embeddable":true,"href":"https:\/\/diarioregionaldigital.com.br\/index.php?rest_route=%2Fwp%2Fv2%2Ftags&post=168276"}],"curies":[{"name":"wp","href":"https:\/\/api.w.org\/{rel}","templated":true}]}}