{"id":168272,"date":"2020-09-04T06:00:34","date_gmt":"2020-09-04T09:00:34","guid":{"rendered":"https:\/\/diarioregionaldigital.com.br\/?p=168272"},"modified":"2020-09-03T23:58:37","modified_gmt":"2020-09-04T02:58:37","slug":"cantando","status":"publish","type":"post","link":"https:\/\/diarioregionaldigital.com.br\/?p=168272","title":{"rendered":"Cantando"},"content":{"rendered":"<p style=\"text-align: center;\"><strong>Regional<\/strong><\/p>\n<p style=\"text-align: center;\">O coletivo de artes\u00e3os do Vale do Jequitinhonha, mais especificamente das comunidades de Coqueiro Campo e de Monte Alegre, em Turmalina (Minas Gerais), e a marca de pe\u00e7as para a casa Camicado se juntaram para a cultura e arte popular brasileira. S\u00e3o 25 pe\u00e7as com vendas pelo site camicado.com.br<\/p>\n<p style=\"text-align: center;\"><strong>Rela\u00e7\u00e3o de Trabalho<\/strong><\/p>\n<p style=\"text-align: center;\">Causou impacto a palestra virtual \u201cCompliance nas rela\u00e7\u00f5es de trabalho\u201d, brilhantemente conduzida pelos advogados Carlos Eduardo Paletta Guedes e Fernanda Maria dos Reis. Com media\u00e7\u00e3o da professora Mariza Alvarez Saraiva, o evento fez parte da Semana Jur\u00eddica do Vianna J\u00fanior.<\/p>\n<p style=\"text-align: center;\"><span style=\"font-size: 14pt;\"><strong>Cantando<\/strong><\/span><\/p>\n<p style=\"text-align: center;\">Considerado um cantor artesanal, Zeca Baleiro traz Portugal suas \u2018Can\u00e7\u00f5es d\u2019al\u00e9m mar\u2019. Em novo disco, o compositor interpreta 11 faixas garimpadas entre os v\u00e1rios g\u00eaneros da m\u00fasica lusitana moderna.<\/p>\n<div id=\"attachment_168236\" style=\"width: 690px\" class=\"wp-caption aligncenter\"><img loading=\"lazy\" decoding=\"async\" aria-describedby=\"caption-attachment-168236\" class=\"wp-image-168236\" src=\"https:\/\/diarioregionaldigital.com.br\/wp-content\/uploads\/2020\/09\/fotoa-2-e1599187571302.jpg\" alt=\"\" width=\"680\" height=\"479\" srcset=\"https:\/\/diarioregionaldigital.com.br\/wp-content\/uploads\/2020\/09\/fotoa-2-e1599187571302.jpg 976w, https:\/\/diarioregionaldigital.com.br\/wp-content\/uploads\/2020\/09\/fotoa-2-e1599187571302-300x210.jpg 300w, https:\/\/diarioregionaldigital.com.br\/wp-content\/uploads\/2020\/09\/fotoa-2-e1599187571302-768x541.jpg 768w, https:\/\/diarioregionaldigital.com.br\/wp-content\/uploads\/2020\/09\/fotoa-2-e1599187571302-360x254.jpg 360w, https:\/\/diarioregionaldigital.com.br\/wp-content\/uploads\/2020\/09\/fotoa-2-e1599187571302-100x70.jpg 100w\" sizes=\"auto, (max-width: 680px) 100vw, 680px\" \/><p id=\"caption-attachment-168236\" class=\"wp-caption-text\">A diva Sandra Portella faz linda live dia 06 de setembro no YouTube com apoio de seu par constante Edmar J\u00fanior<\/p><\/div>\n<p style=\"text-align: center;\"><span style=\"font-size: 14pt;\"><strong>Ele Merece<\/strong><\/span><\/p>\n<p style=\"text-align: center;\">Defensor das causas justas, o sindicalista S\u00e9rgio Felix teve seu nome homologado durante conven\u00e7\u00e3o do Partido Podemos para disputar uma vaga para vereador rumo \u00e0 C\u00e2mara Municipal de Juiz de Fora<\/p>\n<div id=\"attachment_168241\" style=\"width: 690px\" class=\"wp-caption aligncenter\"><img loading=\"lazy\" decoding=\"async\" aria-describedby=\"caption-attachment-168241\" class=\"wp-image-168241\" src=\"https:\/\/diarioregionaldigital.com.br\/wp-content\/uploads\/2020\/09\/fotodd-e1599187795107.jpg\" alt=\"\" width=\"680\" height=\"478\" srcset=\"https:\/\/diarioregionaldigital.com.br\/wp-content\/uploads\/2020\/09\/fotodd-e1599187795107.jpg 999w, https:\/\/diarioregionaldigital.com.br\/wp-content\/uploads\/2020\/09\/fotodd-e1599187795107-300x210.jpg 300w, https:\/\/diarioregionaldigital.com.br\/wp-content\/uploads\/2020\/09\/fotodd-e1599187795107-768x540.jpg 768w, https:\/\/diarioregionaldigital.com.br\/wp-content\/uploads\/2020\/09\/fotodd-e1599187795107-360x253.jpg 360w, https:\/\/diarioregionaldigital.com.br\/wp-content\/uploads\/2020\/09\/fotodd-e1599187795107-100x70.jpg 100w\" sizes=\"auto, (max-width: 680px) 100vw, 680px\" \/><p id=\"caption-attachment-168241\" class=\"wp-caption-text\">S\u00e9rgio Felix<\/p><\/div>\n<div id=\"attachment_168237\" style=\"width: 690px\" class=\"wp-caption aligncenter\"><img loading=\"lazy\" decoding=\"async\" aria-describedby=\"caption-attachment-168237\" class=\"wp-image-168237\" src=\"https:\/\/diarioregionaldigital.com.br\/wp-content\/uploads\/2020\/09\/fotoaa-2-e1599187608519.jpeg\" alt=\"\" width=\"680\" height=\"484\" srcset=\"https:\/\/diarioregionaldigital.com.br\/wp-content\/uploads\/2020\/09\/fotoaa-2-e1599187608519.jpeg 768w, https:\/\/diarioregionaldigital.com.br\/wp-content\/uploads\/2020\/09\/fotoaa-2-e1599187608519-300x214.jpeg 300w, https:\/\/diarioregionaldigital.com.br\/wp-content\/uploads\/2020\/09\/fotoaa-2-e1599187608519-360x256.jpeg 360w, https:\/\/diarioregionaldigital.com.br\/wp-content\/uploads\/2020\/09\/fotoaa-2-e1599187608519-100x70.jpeg 100w\" sizes=\"auto, (max-width: 680px) 100vw, 680px\" \/><p id=\"caption-attachment-168237\" class=\"wp-caption-text\">Eduardo Gomes entregando o Trof\u00e9u Di\u00e1rio Regional RCWTV ao odont\u00f3logo Fernando Cruz no Melhores de 2020<\/p><\/div>\n<div id=\"attachment_168238\" style=\"width: 690px\" class=\"wp-caption aligncenter\"><img loading=\"lazy\" decoding=\"async\" aria-describedby=\"caption-attachment-168238\" class=\"wp-image-168238\" src=\"https:\/\/diarioregionaldigital.com.br\/wp-content\/uploads\/2020\/09\/fotobb-2-e1599187667494.jpeg\" alt=\"\" width=\"680\" height=\"490\" srcset=\"https:\/\/diarioregionaldigital.com.br\/wp-content\/uploads\/2020\/09\/fotobb-2-e1599187667494.jpeg 843w, https:\/\/diarioregionaldigital.com.br\/wp-content\/uploads\/2020\/09\/fotobb-2-e1599187667494-300x216.jpeg 300w, https:\/\/diarioregionaldigital.com.br\/wp-content\/uploads\/2020\/09\/fotobb-2-e1599187667494-768x553.jpeg 768w, https:\/\/diarioregionaldigital.com.br\/wp-content\/uploads\/2020\/09\/fotobb-2-e1599187667494-360x259.jpeg 360w\" sizes=\"auto, (max-width: 680px) 100vw, 680px\" \/><p id=\"caption-attachment-168238\" class=\"wp-caption-text\">A empres\u00e1ria do Ano Nilza Venuto (Obsessao) recebendo de Eduardo Gomes o Trof\u00e9u Di\u00e1rio Regional RCWTV Melhores do Ano 2020<\/p><\/div>\n<div id=\"attachment_168239\" style=\"width: 690px\" class=\"wp-caption aligncenter\"><img loading=\"lazy\" decoding=\"async\" aria-describedby=\"caption-attachment-168239\" class=\"wp-image-168239\" src=\"https:\/\/diarioregionaldigital.com.br\/wp-content\/uploads\/2020\/09\/fotocc-e1599187712342.jpeg\" alt=\"\" width=\"680\" height=\"499\" srcset=\"https:\/\/diarioregionaldigital.com.br\/wp-content\/uploads\/2020\/09\/fotocc-e1599187712342.jpeg 997w, https:\/\/diarioregionaldigital.com.br\/wp-content\/uploads\/2020\/09\/fotocc-e1599187712342-300x220.jpeg 300w, https:\/\/diarioregionaldigital.com.br\/wp-content\/uploads\/2020\/09\/fotocc-e1599187712342-768x563.jpeg 768w, https:\/\/diarioregionaldigital.com.br\/wp-content\/uploads\/2020\/09\/fotocc-e1599187712342-360x264.jpeg 360w\" sizes=\"auto, (max-width: 680px) 100vw, 680px\" \/><p id=\"caption-attachment-168239\" class=\"wp-caption-text\">Em destaque o barbeiro Felipe Silva em seu espa\u00e7o em S\u00e3o Mateus \u00e9 fotografado por Valdir J\u00fanior<\/p><\/div>\n<div id=\"attachment_168240\" style=\"width: 690px\" class=\"wp-caption aligncenter\"><img loading=\"lazy\" decoding=\"async\" aria-describedby=\"caption-attachment-168240\" class=\"wp-image-168240\" src=\"https:\/\/diarioregionaldigital.com.br\/wp-content\/uploads\/2020\/09\/fotod-2-e1599187746320.jpg\" alt=\"\" width=\"680\" height=\"471\" srcset=\"https:\/\/diarioregionaldigital.com.br\/wp-content\/uploads\/2020\/09\/fotod-2-e1599187746320.jpg 1196w, https:\/\/diarioregionaldigital.com.br\/wp-content\/uploads\/2020\/09\/fotod-2-e1599187746320-300x208.jpg 300w, https:\/\/diarioregionaldigital.com.br\/wp-content\/uploads\/2020\/09\/fotod-2-e1599187746320-1024x709.jpg 1024w, https:\/\/diarioregionaldigital.com.br\/wp-content\/uploads\/2020\/09\/fotod-2-e1599187746320-768x532.jpg 768w, https:\/\/diarioregionaldigital.com.br\/wp-content\/uploads\/2020\/09\/fotod-2-e1599187746320-360x249.jpg 360w, https:\/\/diarioregionaldigital.com.br\/wp-content\/uploads\/2020\/09\/fotod-2-e1599187746320-100x70.jpg 100w\" sizes=\"auto, (max-width: 680px) 100vw, 680px\" \/><p id=\"caption-attachment-168240\" class=\"wp-caption-text\">Antes da pandemia curtindo a noite: \u00c2ngela Braile e Jo\u00e3o Braile<\/p><\/div>\n<div id=\"attachment_168242\" style=\"width: 690px\" class=\"wp-caption aligncenter\"><img loading=\"lazy\" decoding=\"async\" aria-describedby=\"caption-attachment-168242\" class=\"wp-image-168242\" src=\"https:\/\/diarioregionaldigital.com.br\/wp-content\/uploads\/2020\/09\/fotoe-2-e1599187831258.jpg\" alt=\"\" width=\"680\" height=\"511\" srcset=\"https:\/\/diarioregionaldigital.com.br\/wp-content\/uploads\/2020\/09\/fotoe-2-e1599187831258.jpg 809w, https:\/\/diarioregionaldigital.com.br\/wp-content\/uploads\/2020\/09\/fotoe-2-e1599187831258-300x225.jpg 300w, https:\/\/diarioregionaldigital.com.br\/wp-content\/uploads\/2020\/09\/fotoe-2-e1599187831258-768x577.jpg 768w, https:\/\/diarioregionaldigital.com.br\/wp-content\/uploads\/2020\/09\/fotoe-2-e1599187831258-360x271.jpg 360w\" sizes=\"auto, (max-width: 680px) 100vw, 680px\" \/><p id=\"caption-attachment-168242\" class=\"wp-caption-text\">Comemorando o sucesso das lives do grupo Larch: Marcelle Messias Trist\u00e3o Larcher e Luciano Larcher<\/p><\/div>\n<div id=\"attachment_168243\" style=\"width: 690px\" class=\"wp-caption aligncenter\"><img loading=\"lazy\" decoding=\"async\" aria-describedby=\"caption-attachment-168243\" class=\"wp-image-168243\" src=\"https:\/\/diarioregionaldigital.com.br\/wp-content\/uploads\/2020\/09\/fotof-1-e1599187857824.jpg\" alt=\"\" width=\"680\" height=\"488\" srcset=\"https:\/\/diarioregionaldigital.com.br\/wp-content\/uploads\/2020\/09\/fotof-1-e1599187857824.jpg 936w, https:\/\/diarioregionaldigital.com.br\/wp-content\/uploads\/2020\/09\/fotof-1-e1599187857824-300x215.jpg 300w, https:\/\/diarioregionaldigital.com.br\/wp-content\/uploads\/2020\/09\/fotof-1-e1599187857824-768x551.jpg 768w, https:\/\/diarioregionaldigital.com.br\/wp-content\/uploads\/2020\/09\/fotof-1-e1599187857824-360x258.jpg 360w\" sizes=\"auto, (max-width: 680px) 100vw, 680px\" \/><p id=\"caption-attachment-168243\" class=\"wp-caption-text\">O cantor das multid\u00f5es Alexandre Pereira curtindo a natureza<\/p><\/div>\n<div id=\"attachment_168244\" style=\"width: 690px\" class=\"wp-caption aligncenter\"><img loading=\"lazy\" decoding=\"async\" aria-describedby=\"caption-attachment-168244\" class=\"wp-image-168244\" src=\"https:\/\/diarioregionaldigital.com.br\/wp-content\/uploads\/2020\/09\/fotog-2-e1599187886118.jpg\" alt=\"\" width=\"680\" height=\"493\" srcset=\"https:\/\/diarioregionaldigital.com.br\/wp-content\/uploads\/2020\/09\/fotog-2-e1599187886118.jpg 1079w, https:\/\/diarioregionaldigital.com.br\/wp-content\/uploads\/2020\/09\/fotog-2-e1599187886118-300x217.jpg 300w, https:\/\/diarioregionaldigital.com.br\/wp-content\/uploads\/2020\/09\/fotog-2-e1599187886118-1024x742.jpg 1024w, https:\/\/diarioregionaldigital.com.br\/wp-content\/uploads\/2020\/09\/fotog-2-e1599187886118-768x557.jpg 768w, https:\/\/diarioregionaldigital.com.br\/wp-content\/uploads\/2020\/09\/fotog-2-e1599187886118-360x261.jpg 360w\" sizes=\"auto, (max-width: 680px) 100vw, 680px\" \/><p id=\"caption-attachment-168244\" class=\"wp-caption-text\">Aniversariando a bela jornalista Cl\u00e1udia Oliveira<\/p><\/div>\n<div id=\"attachment_168245\" style=\"width: 690px\" class=\"wp-caption aligncenter\"><img loading=\"lazy\" decoding=\"async\" aria-describedby=\"caption-attachment-168245\" class=\"wp-image-168245\" src=\"https:\/\/diarioregionaldigital.com.br\/wp-content\/uploads\/2020\/09\/fotoh-1-e1599187915610.jpg\" alt=\"\" width=\"680\" height=\"496\" srcset=\"https:\/\/diarioregionaldigital.com.br\/wp-content\/uploads\/2020\/09\/fotoh-1-e1599187915610.jpg 1196w, https:\/\/diarioregionaldigital.com.br\/wp-content\/uploads\/2020\/09\/fotoh-1-e1599187915610-300x219.jpg 300w, https:\/\/diarioregionaldigital.com.br\/wp-content\/uploads\/2020\/09\/fotoh-1-e1599187915610-1024x747.jpg 1024w, https:\/\/diarioregionaldigital.com.br\/wp-content\/uploads\/2020\/09\/fotoh-1-e1599187915610-768x560.jpg 768w, https:\/\/diarioregionaldigital.com.br\/wp-content\/uploads\/2020\/09\/fotoh-1-e1599187915610-360x262.jpg 360w\" sizes=\"auto, (max-width: 680px) 100vw, 680px\" \/><p id=\"caption-attachment-168245\" class=\"wp-caption-text\">Dois \u00edcones do samba em JF: Sandra Guedes Alves e a aniversariante Mam\u00e3o<\/p><\/div>\n<div id=\"attachment_168246\" style=\"width: 690px\" class=\"wp-caption aligncenter\"><img loading=\"lazy\" decoding=\"async\" aria-describedby=\"caption-attachment-168246\" class=\"wp-image-168246\" src=\"https:\/\/diarioregionaldigital.com.br\/wp-content\/uploads\/2020\/09\/fotoi-1-e1599187946471.jpg\" alt=\"\" width=\"680\" height=\"514\" srcset=\"https:\/\/diarioregionaldigital.com.br\/wp-content\/uploads\/2020\/09\/fotoi-1-e1599187946471.jpg 842w, https:\/\/diarioregionaldigital.com.br\/wp-content\/uploads\/2020\/09\/fotoi-1-e1599187946471-300x227.jpg 300w, https:\/\/diarioregionaldigital.com.br\/wp-content\/uploads\/2020\/09\/fotoi-1-e1599187946471-768x581.jpg 768w, https:\/\/diarioregionaldigital.com.br\/wp-content\/uploads\/2020\/09\/fotoi-1-e1599187946471-360x272.jpg 360w\" sizes=\"auto, (max-width: 680px) 100vw, 680px\" \/><p id=\"caption-attachment-168246\" class=\"wp-caption-text\">Um foco de luz nos competentes jornalistas: Petterson Marciano e Jussara Ramos de Oliveira<\/p><\/div>\n<p style=\"text-align: center;\"><strong>FOTOSS\u00cdNTESE<\/strong><\/p>\n<p>A cole\u00e7\u00e3o ver\u00e3o da Mad Wave Moda Masculina est\u00e1 muito fashion. A produ\u00e7\u00e3o de moda teve o modelo \u2013 revela\u00e7\u00e3o Ramon Wagner como protagonista.<\/p>\n<p>Din\u00e2mico e atuante, o professor de direito, Marcos Chein Feres criou um novo canal no YouTube: Direito sem Formalidades.<br \/>\nSegundo empres\u00e1rio amigos deste colunista a retomada do com\u00e9rcio ainda \u00e9 pouco significativa. Paci\u00eancia e d\u00edvidas acumuladas.<\/p>\n<p>Aten\u00e7\u00e3o: em tempo de pandemia v\u00e1rios golpes est\u00e3o surgindo na cidade. At\u00e9 morte de pai e m\u00e3e s\u00e3o usados pelos golpistas pedindo dinheiro a pessoas sens\u00edveis. Estamos de olho!<\/p>\n<p>Florinha Carmo elogiou o novo visual na reabertura do Restaurante Procop\u00e3o. O espa\u00e7o agora conta com divis\u00f3rios de acr\u00edlico entre as mesas.<\/p>\n<p>Muito elegante, Ana Cristina Mockdeci participou a convite da vinhos Brasil do selecionad\u00edssimo grupo que elegeu os melhores vinhos brasileiros de 2020, no \u201cWines of Brazil Awands\u201d, no Rio de Janeiro.<\/p>\n<p>Um primor o texto do jornalista Wendell Guiducci \u201cO fardo das sensa\u00e7\u00f5es\u201d. De maneira clara e objetiva brindou os leitores em tempos de virtualidade.<\/p>\n<p>Correio Elegante: Abra\u00e7os carinhosos para Maria Giovaninni Corr\u00eaa, Marisa Loures, L\u00fa Mendes, Ricardo Barcellos Carol Novy, Marcelo Juliane, Beatriz Paletta Guedes, Nara Salom\u00e3o de Campos, Stefano Scio, e B\u00e1rbara Moreno.<\/p>\n<p>Aten\u00e7\u00e3o brother: Antes de correr aprenda a andar tudo na vida tem sua hora e seu lugar. Bom dia.<\/p>\n<p><img loading=\"lazy\" decoding=\"async\" class=\"aligncenter size-full wp-image-168271\" src=\"https:\/\/diarioregionaldigital.com.br\/wp-content\/uploads\/2020\/09\/anuncio47-scaled.jpg\" alt=\"\" width=\"2560\" height=\"977\" srcset=\"https:\/\/diarioregionaldigital.com.br\/wp-content\/uploads\/2020\/09\/anuncio47-scaled.jpg 2560w, https:\/\/diarioregionaldigital.com.br\/wp-content\/uploads\/2020\/09\/anuncio47-300x114.jpg 300w, https:\/\/diarioregionaldigital.com.br\/wp-content\/uploads\/2020\/09\/anuncio47-1024x391.jpg 1024w, https:\/\/diarioregionaldigital.com.br\/wp-content\/uploads\/2020\/09\/anuncio47-768x293.jpg 768w, https:\/\/diarioregionaldigital.com.br\/wp-content\/uploads\/2020\/09\/anuncio47-1536x586.jpg 1536w, https:\/\/diarioregionaldigital.com.br\/wp-content\/uploads\/2020\/09\/anuncio47-2048x781.jpg 2048w, https:\/\/diarioregionaldigital.com.br\/wp-content\/uploads\/2020\/09\/anuncio47-360x137.jpg 360w\" sizes=\"auto, (max-width: 2560px) 100vw, 2560px\" \/><\/p>\n","protected":false},"excerpt":{"rendered":"<p>Regional O coletivo de artes\u00e3os do Vale do Jequitinhonha, mais especificamente das comunidades de Coqueiro Campo e de Monte Alegre, em Turmalina (Minas Gerais), e a marca de pe\u00e7as para a casa Camicado se juntaram para a cultura e arte popular brasileira. S\u00e3o 25 pe\u00e7as com vendas pelo site camicado.com.br Rela\u00e7\u00e3o de Trabalho Causou impacto [&hellip;]<\/p>\n","protected":false},"author":96,"featured_media":168236,"comment_status":"closed","ping_status":"closed","sticky":false,"template":"","format":"standard","meta":{"footnotes":""},"categories":[264],"tags":[],"class_list":["post-168272","post","type-post","status-publish","format-standard","has-post-thumbnail","hentry","category-eduardo-gomes"],"_links":{"self":[{"href":"https:\/\/diarioregionaldigital.com.br\/index.php?rest_route=\/wp\/v2\/posts\/168272","targetHints":{"allow":["GET"]}}],"collection":[{"href":"https:\/\/diarioregionaldigital.com.br\/index.php?rest_route=\/wp\/v2\/posts"}],"about":[{"href":"https:\/\/diarioregionaldigital.com.br\/index.php?rest_route=\/wp\/v2\/types\/post"}],"author":[{"embeddable":true,"href":"https:\/\/diarioregionaldigital.com.br\/index.php?rest_route=\/wp\/v2\/users\/96"}],"replies":[{"embeddable":true,"href":"https:\/\/diarioregionaldigital.com.br\/index.php?rest_route=%2Fwp%2Fv2%2Fcomments&post=168272"}],"version-history":[{"count":0,"href":"https:\/\/diarioregionaldigital.com.br\/index.php?rest_route=\/wp\/v2\/posts\/168272\/revisions"}],"wp:featuredmedia":[{"embeddable":true,"href":"https:\/\/diarioregionaldigital.com.br\/index.php?rest_route=\/wp\/v2\/media\/168236"}],"wp:attachment":[{"href":"https:\/\/diarioregionaldigital.com.br\/index.php?rest_route=%2Fwp%2Fv2%2Fmedia&parent=168272"}],"wp:term":[{"taxonomy":"category","embeddable":true,"href":"https:\/\/diarioregionaldigital.com.br\/index.php?rest_route=%2Fwp%2Fv2%2Fcategories&post=168272"},{"taxonomy":"post_tag","embeddable":true,"href":"https:\/\/diarioregionaldigital.com.br\/index.php?rest_route=%2Fwp%2Fv2%2Ftags&post=168272"}],"curies":[{"name":"wp","href":"https:\/\/api.w.org\/{rel}","templated":true}]}}