{"id":168267,"date":"2020-09-04T09:30:31","date_gmt":"2020-09-04T12:30:31","guid":{"rendered":"https:\/\/diarioregionaldigital.com.br\/?p=168267"},"modified":"2020-09-04T10:28:23","modified_gmt":"2020-09-04T13:28:23","slug":"ufjf-e-14a-melhor-universidade-brasileira-em-ranking-internacional","status":"publish","type":"post","link":"https:\/\/diarioregionaldigital.com.br\/?p=168267","title":{"rendered":"UFJF \u00e9 14\u00aa melhor universidade brasileira em ranking internacional"},"content":{"rendered":"<p>A Universidade Federal de Juiz de Fora (UFJF) alcan\u00e7ou a\u00a014\u00aa posi\u00e7\u00e3o entre 52 institui\u00e7\u00f5es de Ensino Superior (IES) do pa\u00eds, em sua primeira participa\u00e7\u00e3o no\u00a0<a href=\"https:\/\/www.timeshighereducation.com\/world-university-rankings\/2021\/world-ranking#!\/page\/0\/length\/25\/sort_by\/rank\/sort_order\/asc\/cols\/stats\">Times Higher Education<\/a>,\u00a0considerado um dos principais rankings universit\u00e1rios do mundo. Al\u00e9m disso, segundo outro ranking realizado pela mesma plataforma, a UFJF \u00e9 a\u00a0<a href=\"https:\/\/www2.ufjf.br\/noticias\/2020\/07\/07\/ufjf-entra-em-ranking-de-melhores-universidades-latino-americanas\/?fbclid=IwAR11L6oydftVxOVPFdhTkkPEblJxPFn4MHlxgilCq0xS_s9jEj7_fm-NKpY\">70\u00aa melhor universidade latino-americana<\/a>\u00a0entre as 166 elencadas.<\/p>\n<p>O Times Higher Education avaliou 1527 institui\u00e7\u00f5es de ensino de 93 pa\u00edses. O ranking segue 13 indicadores de performance que formam a nota global. Eles s\u00e3o distribu\u00eddos em cinco grande \u00e1reas:\u00a0ensino (ambiente de aprendizagem: 30%); pesquisa (volume, impacto e reputa\u00e7\u00e3o: 30%); cita\u00e7\u00f5es (influ\u00eancia em pesquisa: 30%); perspectiva internacional (servidores, estudantes e pesquisas: 7,5%) e impacto na ind\u00fastria (transfer\u00eancia de conhecimento: 2,5%). Os par\u00e2metros refletem ensino em gradua\u00e7\u00e3o e p\u00f3s-gradua\u00e7\u00e3o, produ\u00e7\u00e3o cient\u00edfica, recursos humanos, internacionaliza\u00e7\u00e3o, n\u00famero de docentes e discentes, al\u00e9m de transfer\u00eancia de conhecimento.<\/p>\n<p>A UFJF divide\u00a0a\u00a014\u00aa posi\u00e7\u00e3o com outras institui\u00e7\u00f5es brasileiras e os melhores indicadores de avalia\u00e7\u00e3o foram de transfer\u00eancia de conhecimento (industry income) e de cita\u00e7\u00f5es (research influence). De acordo com a diretora de Avalia\u00e7\u00e3o Institucional da UFJF, Mich\u00e8le Farage, a\u00a0participa\u00e7\u00e3o de uma universidade nesse ranking \u00e9 feita sob demanda, o que requer o encaminhamento de informa\u00e7\u00f5es que abrangem aspectos desde a pesquisa, passando por cita\u00e7\u00f5es e at\u00e9 mesmo dados relacionados \u00e0 transfer\u00eancia de conhecimento, que \u00e9 relacionada \u00e0 inova\u00e7\u00e3o e ao ensino. Tamb\u00e9m considera a propor\u00e7\u00e3o de professores e estudantes e os divide de acordo com o g\u00eanero, entre o quantitativo de mulheres e homens.<\/p>\n<p>\u201cFoi um grande volume de dados que organizamos para enviar e pleitear a entrada neste ranking pela primeira vez. Figurar entre essas 1572 universidades do mundo j\u00e1 \u00e9 um ponto muito positivo. A UFJF quer ser comparada \u00e0s outras universidades do planeta porque isso \u00e9 importante para que saibamos quais pontos podemos melhorar em termos de competitividade e de visibilidade\u201d, observa a diretora.<\/p>\n<p>Segundo Mich\u00e8le, a Universidade \u00e9 potencialmente melhor do que a retrata\u00e7\u00e3o realizada pelo ranking, pois, diante da excepcionalidade causada pela pandemia, a Diretoria de Avalia\u00e7\u00e3o Institucional (Diavi) teve dificuldade para colher os dados exigidos pelo Times Higher Education. \u201cEles s\u00e3o muito variados e perpassam por muitos setores. Mas o fato de estarmos na\u00a014\u00aa posi\u00e7\u00e3o entre as brasileiras j\u00e1 significa muito para n\u00f3s e isso \u00e9 muito importante\u201d, finaliza.<\/p>\n<p><b>Am\u00e9rica Latina<br \/>\n<\/b>A UFJF entrou tamb\u00e9m, pela primeira vez, no\u00a0<a href=\"https:\/\/www2.ufjf.br\/noticias\/2020\/07\/07\/ufjf-entra-em-ranking-de-melhores-universidades-latino-americanas\/?fbclid=IwAR11L6oydftVxOVPFdhTkkPEblJxPFn4MHlxgilCq0xS_s9jEj7_fm-NKpY\">Times Higher Education Latin America University Rankings<\/a>,\u00a0uma lista das melhores universidades latino-americanas e do Caribe, desenvolvida pela mesma organiza\u00e7\u00e3o internacional. O ranking inclui apenas universidades que contam com programas de p\u00f3s-gradua\u00e7\u00e3o, publicaram pelo menos 200 trabalhos entre 2015 e 2019 e que n\u00e3o concentrem sua atua\u00e7\u00e3o em uma ou poucas \u00e1reas de estudo espec\u00edficas.<\/p>\n<p>Entre as 61 universidades brasileiras que aparecem no ranking, a UFJF \u00e9 a 16\u00aa em cita\u00e7\u00f5es. Nesse indicador, o ranking examina a influ\u00eancia das universidades em novos estudos, contabilizando o n\u00famero de vezes que um trabalho publicado por pesquisadores da institui\u00e7\u00e3o \u00e9 citado por outros estudiosos globalmente. S\u00e3o considerados artigos em peri\u00f3dicos, resenhas, anais de eventos cient\u00edficos, livros e cap\u00edtulos de livros publicados nos \u00faltimos cinco anos. No ranking mineiro, a UFJF \u00e9 a 2\u00aa melhor em cita\u00e7\u00f5es e, na Am\u00e9rica Latina, ocupa a 70\u00aa posi\u00e7\u00e3o.<\/p>\n<p><b>Representatividade Brasileira<br \/>\n<\/b>O Brasil encontra-se no top 10 dos pa\u00edses mais representados na listagem, alcan\u00e7ando a sexta coloca\u00e7\u00e3o. Com um total de 52 institui\u00e7\u00f5es destacadas no ranking, fica \u00e0 frente de pa\u00edses europeus como It\u00e1lia e Espanha. Entre as universidades brasileiras que aparecem no ranking, 35 s\u00e3o federais, 11 estaduais e seis particulares.<\/p>\n<p><b>Ranking Mundial das Universidades 2021<br \/>\n<\/b>O\u00a0<a href=\"https:\/\/www.timeshighereducation.com\/world-university-rankings\/2021\/world-ranking#!\/page\/0\/length\/25\/sort_by\/rank\/sort_order\/asc\/cols\/stats\">Times Higher Education World University Rankings 2021<\/a>\u00a0inclui mais de 1.500 universidades em 93 pa\u00edses e regi\u00f5es, tornando-se um dos maiores e mais diversificados rankings de universidades. A classifica\u00e7\u00e3o deste ano analisou mais de 80 milh\u00f5es de cita\u00e7\u00f5es em mais de 13 milh\u00f5es de publica\u00e7\u00f5es de pesquisa e inclui respostas de pesquisas de 22 mil acad\u00eamicos em todo o mundo.<\/p>\n<p><strong>Fonte:\u00a0<\/strong>Assessoria<\/p>\n","protected":false},"excerpt":{"rendered":"<p>A Universidade Federal de Juiz de Fora (UFJF) alcan\u00e7ou a\u00a014\u00aa posi\u00e7\u00e3o entre 52 institui\u00e7\u00f5es de Ensino Superior (IES) do pa\u00eds, em sua primeira participa\u00e7\u00e3o no\u00a0Times Higher Education,\u00a0considerado um dos principais rankings universit\u00e1rios do mundo. Al\u00e9m disso, segundo outro ranking realizado pela mesma plataforma, a UFJF \u00e9 a\u00a070\u00aa melhor universidade latino-americana\u00a0entre as 166 elencadas. O Times [&hellip;]<\/p>\n","protected":false},"author":96,"featured_media":167186,"comment_status":"closed","ping_status":"closed","sticky":false,"template":"","format":"standard","meta":{"footnotes":""},"categories":[253,436,439],"tags":[],"class_list":["post-168267","post","type-post","status-publish","format-standard","has-post-thumbnail","hentry","category-cidade","category-destaque-da-semana","category-ultima-hora"],"_links":{"self":[{"href":"https:\/\/diarioregionaldigital.com.br\/index.php?rest_route=\/wp\/v2\/posts\/168267","targetHints":{"allow":["GET"]}}],"collection":[{"href":"https:\/\/diarioregionaldigital.com.br\/index.php?rest_route=\/wp\/v2\/posts"}],"about":[{"href":"https:\/\/diarioregionaldigital.com.br\/index.php?rest_route=\/wp\/v2\/types\/post"}],"author":[{"embeddable":true,"href":"https:\/\/diarioregionaldigital.com.br\/index.php?rest_route=\/wp\/v2\/users\/96"}],"replies":[{"embeddable":true,"href":"https:\/\/diarioregionaldigital.com.br\/index.php?rest_route=%2Fwp%2Fv2%2Fcomments&post=168267"}],"version-history":[{"count":0,"href":"https:\/\/diarioregionaldigital.com.br\/index.php?rest_route=\/wp\/v2\/posts\/168267\/revisions"}],"wp:featuredmedia":[{"embeddable":true,"href":"https:\/\/diarioregionaldigital.com.br\/index.php?rest_route=\/wp\/v2\/media\/167186"}],"wp:attachment":[{"href":"https:\/\/diarioregionaldigital.com.br\/index.php?rest_route=%2Fwp%2Fv2%2Fmedia&parent=168267"}],"wp:term":[{"taxonomy":"category","embeddable":true,"href":"https:\/\/diarioregionaldigital.com.br\/index.php?rest_route=%2Fwp%2Fv2%2Fcategories&post=168267"},{"taxonomy":"post_tag","embeddable":true,"href":"https:\/\/diarioregionaldigital.com.br\/index.php?rest_route=%2Fwp%2Fv2%2Ftags&post=168267"}],"curies":[{"name":"wp","href":"https:\/\/api.w.org\/{rel}","templated":true}]}}