{"id":168253,"date":"2020-09-04T08:00:58","date_gmt":"2020-09-04T11:00:58","guid":{"rendered":"https:\/\/diarioregionaldigital.com.br\/?p=168253"},"modified":"2020-09-03T22:23:22","modified_gmt":"2020-09-04T01:23:22","slug":"governo-preve-investimentos-privados-de-mais-de-r-40-bi-em-ferrovias","status":"publish","type":"post","link":"https:\/\/diarioregionaldigital.com.br\/?p=168253","title":{"rendered":"Governo prev\u00ea investimentos privados de mais de R$ 40 bi em ferrovias"},"content":{"rendered":"<p><span style=\"font-weight: 400;\">O ministro da Infraestrutura, Tarc\u00edsio Gomes de Freitas, disse que o governo tem como meta atrair mais de R$ 40 bilh\u00f5es de investimentos privados no sistema ferrovi\u00e1rio brasileiro nos pr\u00f3ximos anos.<\/span><\/p>\n<p><span style=\"font-weight: 400;\">\u201cO que est\u00e1 sendo plantado agora vai fazer com que a participa\u00e7\u00e3o do modo ferrovi\u00e1rio na matriz [de transportes] dobre nos pr\u00f3ximos oito anos. Isso vai criar competi\u00e7\u00e3o entre os operadores e vai ter repercuss\u00e3o imediata no frete\u201d, disse o ministro durante a confer\u00eancia online Ind\u00fastria em Debate: Infraestrutura e Retomada da Economia, promovido pela Confedera\u00e7\u00e3o Nacional da Ind\u00fastria (CNI).<\/span><\/p>\n<p><span style=\"font-weight: 400;\">Ele citou como exemplo a renova\u00e7\u00e3o de concess\u00e3o de duas estradas de ferro administradas pela mineradora Vale, a Estrada de Ferro Vit\u00f3ria a Minas e a Estrada de Ferro Caraj\u00e1s, que vai permitir o investimento privado de R$ 17 bilh\u00f5es na malha ferrovi\u00e1ria.<\/span><\/p>\n<p><span style=\"font-weight: 400;\">Entre as obras citadas pelo ministro, est\u00e3o o projeto de concess\u00e3o da Ferrogr\u00e3o, nova ferrovia que ligar\u00e1 Sinop, no norte de Mato Grosso, a Itaituba, no Par\u00e1, em an\u00e1lise no Tribunal de Contas da Uni\u00e3o (TCU), e deve atrair R$ 12 bilh\u00f5es em investimentos, e o trecho da Ferrovia Norte-Sul, que vai ligar o Porto de Itaqui (MA) ao Porto de Santos e ter\u00e1 R$ 2,8 bilh\u00f5es de investimento.<\/span><\/p>\n<p><span style=\"font-weight: 400;\">Freitas destacou que entidades ambientais internacionais est\u00e3o assessorando na elabora\u00e7\u00e3o de projetos para que j\u00e1 \u201cnas\u00e7am com o selo verde\u201d. \u201cPrecisamos fazer projetos sustent\u00e1veis por uma raz\u00e3o muito simples, para ter acesso a mais uma forma de funding (financiamento). A gente sabe que os fluxos financeiros v\u00e3o estar atrelados aos padr\u00f5es ambientais\u201d.<\/span><\/p>\n<p><strong>Fonte:\u00a0<\/strong>Ag\u00eancia Brasil<\/p>\n","protected":false},"excerpt":{"rendered":"<p>O ministro da Infraestrutura, Tarc\u00edsio Gomes de Freitas, disse que o governo tem como meta atrair mais de R$ 40 bilh\u00f5es de investimentos privados no sistema ferrovi\u00e1rio brasileiro nos pr\u00f3ximos anos. \u201cO que est\u00e1 sendo plantado agora vai fazer com que a participa\u00e7\u00e3o do modo ferrovi\u00e1rio na matriz [de transportes] dobre nos pr\u00f3ximos oito anos. [&hellip;]<\/p>\n","protected":false},"author":96,"featured_media":168254,"comment_status":"closed","ping_status":"closed","sticky":false,"template":"","format":"standard","meta":{"footnotes":""},"categories":[436,261,439],"tags":[],"class_list":["post-168253","post","type-post","status-publish","format-standard","has-post-thumbnail","hentry","category-destaque-da-semana","category-economia","category-ultima-hora"],"_links":{"self":[{"href":"https:\/\/diarioregionaldigital.com.br\/index.php?rest_route=\/wp\/v2\/posts\/168253","targetHints":{"allow":["GET"]}}],"collection":[{"href":"https:\/\/diarioregionaldigital.com.br\/index.php?rest_route=\/wp\/v2\/posts"}],"about":[{"href":"https:\/\/diarioregionaldigital.com.br\/index.php?rest_route=\/wp\/v2\/types\/post"}],"author":[{"embeddable":true,"href":"https:\/\/diarioregionaldigital.com.br\/index.php?rest_route=\/wp\/v2\/users\/96"}],"replies":[{"embeddable":true,"href":"https:\/\/diarioregionaldigital.com.br\/index.php?rest_route=%2Fwp%2Fv2%2Fcomments&post=168253"}],"version-history":[{"count":0,"href":"https:\/\/diarioregionaldigital.com.br\/index.php?rest_route=\/wp\/v2\/posts\/168253\/revisions"}],"wp:featuredmedia":[{"embeddable":true,"href":"https:\/\/diarioregionaldigital.com.br\/index.php?rest_route=\/wp\/v2\/media\/168254"}],"wp:attachment":[{"href":"https:\/\/diarioregionaldigital.com.br\/index.php?rest_route=%2Fwp%2Fv2%2Fmedia&parent=168253"}],"wp:term":[{"taxonomy":"category","embeddable":true,"href":"https:\/\/diarioregionaldigital.com.br\/index.php?rest_route=%2Fwp%2Fv2%2Fcategories&post=168253"},{"taxonomy":"post_tag","embeddable":true,"href":"https:\/\/diarioregionaldigital.com.br\/index.php?rest_route=%2Fwp%2Fv2%2Ftags&post=168253"}],"curies":[{"name":"wp","href":"https:\/\/api.w.org\/{rel}","templated":true}]}}