{"id":168250,"date":"2020-09-04T07:00:06","date_gmt":"2020-09-04T10:00:06","guid":{"rendered":"https:\/\/diarioregionaldigital.com.br\/?p=168250"},"modified":"2020-09-04T10:28:11","modified_gmt":"2020-09-04T13:28:11","slug":"ministerio-da-saude-divulga-balanco-de-acoes-no-combate-a-pandemia","status":"publish","type":"post","link":"https:\/\/diarioregionaldigital.com.br\/?p=168250","title":{"rendered":"Minist\u00e9rio da Sa\u00fade divulga balan\u00e7o de a\u00e7\u00f5es no combate \u00e0 pandemia"},"content":{"rendered":"<p><span style=\"font-weight: 400;\">Desde o in\u00edcio da pandemia, o Governo do Brasil, por meio do Minist\u00e9rio da Sa\u00fade, destinou aos 26 estados e o Distrito Federal R$ 83,6 bilh\u00f5es. Desse total, R$ 58,1 bilh\u00f5es foram para servi\u00e7os de rotina do SUS, e os outros R$ 25,5 bilh\u00f5es para o enfrentamento da Covid-19. A pasta da Sa\u00fade vem dando apoio irrestrito aos estados e munic\u00edpios na compra e entrega de ventiladores pulmonares, equipamentos de prote\u00e7\u00e3o individual (EPI), medicamentos, al\u00e9m da habilita\u00e7\u00e3o de leitos de UTI. As entregas representam mais um, entre diversos esfor\u00e7os do Governo, para auxiliar e refor\u00e7ar as redes de sa\u00fade dos estados e munic\u00edpios no combate \u00e0 pandemia.<\/span><\/p>\n<p><span style=\"font-weight: 400;\">At\u00e9 2 de setembro, foram habilitados 12.698 leitos de UTI para o tratamento exclusivo de paciente da Covid-19, desses 247 s\u00e3o de UTI pedi\u00e1trica. Isso representa quase 100% da demanda dos estados e munic\u00edpios. O valor investido pelo Governo Federal \u00e9 de R$ 1,8 bilh\u00e3o, pago em parcela \u00fanica, para que estados e munic\u00edpios fa\u00e7am o custeio dessas unidades pelos pr\u00f3ximos 90 dias &#8211; ou enquanto houver necessidade em decorr\u00eancia da pandemia.<\/span><\/p>\n<p><b>Ventiladores pulmonares<\/b><\/p>\n<p><span style=\"font-weight: 400;\">Como parte do apoio estrat\u00e9gico do Governo Federal no atendimento aos estados, o Brasil conta agora com o refor\u00e7o de 10.811 ventiladores pulmonares, entregues pelo Minist\u00e9rio da Sa\u00fade para aux\u00edlio no atendimento aos pacientes com Covid-19. Os equipamentos foram repassados em todos os estados e no Distrito Federal.<\/span><\/p>\n<p><span style=\"font-weight: 400;\">A distribui\u00e7\u00e3o para os munic\u00edpios e unidades de sa\u00fade \u00e9 de responsabilidade de cada estado, conforme planejamento local. As entregas levam em conta a capacidade instalada da rede de assist\u00eancia em sa\u00fade p\u00fablica &#8211; principalmente nos locais onde a transmiss\u00e3o est\u00e1 se dando em maior velocidade.\u00a0<\/span><\/p>\n<p><span style=\"font-weight: 400;\">A aquisi\u00e7\u00e3o destes equipamentos \u00e9 de responsabilidade dos estados e munic\u00edpios. Mas, diante do cen\u00e1rio de emerg\u00eancia por conta da pandemia do novo coronav\u00edrus, o Minist\u00e9rio da Sa\u00fade utilizou o seu poder de compra em apoio aos gestores locais do SUS.<\/span><\/p>\n<p><span style=\"font-weight: 400;\">A Pasta assinou, at\u00e9 o momento, cinco contratos com empresas brasileiras para a produ\u00e7\u00e3o de 16.252 ventiladores pulmonares, 6.500 com a Magnamed, no valor de R$ 322,5 milh\u00f5es; 4.300 com a Intermed, no valor de R$ 258 milh\u00f5es; 3.300 com a KTK, no valor de R$ 78 milh\u00f5es; 1.202 com a empresa Leistung, no valor de R$ 72 milh\u00f5es, e 950 com a WEG, no valor de R$ 57 milh\u00f5es. O esfor\u00e7o envolve mais de 15 institui\u00e7\u00f5es, entre fabricantes, processadores, institui\u00e7\u00f5es financeiras e empresas de alta tecnologia.<\/span><\/p>\n<p><b>Equipamento de prote\u00e7\u00e3o individual<\/b><\/p>\n<p><span style=\"font-weight: 400;\">O Minist\u00e9rio da Sa\u00fade distribuiu 255,4 milh\u00f5es de Equipamentos de Prote\u00e7\u00e3o Individual (EPI) para garantir a prote\u00e7\u00e3o dos profissionais de sa\u00fade que atuam na linha de frente do enfrentamento \u00e0 Covid-19 em todo o pa\u00eds. Entre os itens est\u00e3o m\u00e1scaras, aventais, \u00f3culos, protetores faciais, toucas, sapatilhas, luvas e \u00e1lcool.<\/span><\/p>\n<p><span style=\"font-weight: 400;\">Foram entregues aos estados 564,3 mil litros de \u00e1lcool; 3,1 milh\u00f5es de aventais; 36,9 milh\u00f5es de luvas; 18,2 milh\u00f5es de m\u00e1scaras N95; 176,8 milh\u00f5es de m\u00e1scaras cir\u00fargicas; 2,3 milh\u00f5es de \u00f3culos e protetores faciais, e 17,2 milh\u00f5es de toucas e sapatilhas. Os materiais foram entregues para as secretarias estaduais de Sa\u00fade, respons\u00e1veis por definir quais os servi\u00e7os v\u00e3o receb\u00ea-los &#8211; a partir de um planejamento local.<\/span><\/p>\n<p><span style=\"font-weight: 400;\">A compra de EPI \u00e9 de responsabilidade dos estados e munic\u00edpios. No entanto, devido \u00e0 escassez mundial desses materiais, no atual cen\u00e1rio de emerg\u00eancia em sa\u00fade p\u00fablica, o Minist\u00e9rio da Sa\u00fade utilizou o seu poder de compra para fazer as aquisi\u00e7\u00f5es em apoio irrestrito aos gestores locais do Sistema \u00danico de Sa\u00fade (SUS) e, assim, fortalecer a rede p\u00fablica no enfrentamento da doen\u00e7a em todos os estados.<\/span><\/p>\n<p><span style=\"font-weight: 400;\">Com a gradativa normaliza\u00e7\u00e3o dos mercados, a expectativa \u00e9 que os gestores locais consigam novamente abastecer seus estoques com recursos que j\u00e1 s\u00e3o repassados pelo Governo do Brasil, al\u00e9m de recursos pr\u00f3prios. Os EPI s\u00e3o usados por profissionais de sa\u00fade que prestam assist\u00eancia aos pacientes com Covid-19 &#8211; como m\u00e9dicos, enfermeiros e t\u00e9cnicos em enfermagem -, al\u00e9m da equipe de suporte que, eventualmente, precisa entrar no quarto, enfermaria ou \u00e1rea de isolamento. S\u00e3o de uso individual e se destinam a proteger os profissionais de poss\u00edveis riscos de cont\u00e1gio.<\/span><\/p>\n<p><b>Centros comunit\u00e1rios<\/b><\/p>\n<p><span style=\"font-weight: 400;\">Para fortalecer as estrat\u00e9gias do SUS em comunidades e favelas, o Minist\u00e9rio da Sa\u00fade credenciou 91 Centros Comunit\u00e1rios para conseguir atender os n\u00fameros de casos da doen\u00e7a e manter a demanda assistencial que habitualmente \u00e9 feita na Aten\u00e7\u00e3o Prim\u00e1ria \u00e0 Sa\u00fade (APS), com investimento de R$ 24,8 milh\u00f5es.<\/span><\/p>\n<p><span style=\"font-weight: 400;\">A estrat\u00e9gia de implementa\u00e7\u00e3o dos Centros Comunit\u00e1rios vem para aumentar a capilaridade da distribui\u00e7\u00e3o das equipes que atuam na aten\u00e7\u00e3o prim\u00e1ria no pa\u00eds, em especial nas regi\u00f5es em maior situa\u00e7\u00e3o de vulnerabilidade social, que \u00e9 ponto central para o enfrentamento da Covid-19 no per\u00edodo de interioriza\u00e7\u00e3o e periferiza\u00e7\u00e3o da pandemia.<\/span><\/p>\n<p><span style=\"font-weight: 400;\">Al\u00e9m disso, existe a proposta da Rede de Aten\u00e7\u00e3o \u00e0 Sa\u00fade (RAS), para atender os casos leves de s\u00edndrome gripal e Covid-19 nos Centros de Atendimentos, encaminhando os casos graves para a rede de urg\u00eancia e emerg\u00eancia ou rede hospitalar. A medida visa reduzir a circula\u00e7\u00e3o de pessoas com sintomas leves em outros servi\u00e7os de sa\u00fade. At\u00e9 o momento foram credenciados 3.266 Centros de Atendimentos para Enfrentamento \u00e0 Covid-19, com investimento de R$ 833,5 milh\u00f5es.<\/span><\/p>\n<p><b>Medicamentos de intuba\u00e7\u00e3o<\/b><\/p>\n<p><span style=\"font-weight: 400;\">As estrat\u00e9gias para a aquisi\u00e7\u00e3o dos medicamentos para intuba\u00e7\u00e3o orotraqueal est\u00e3o sendo realizadas junto com outros \u00f3rg\u00e3os, como Receita Federal e Ag\u00eancia Nacional de Vigil\u00e2ncia Sanit\u00e1ria (ANVISA). S\u00e3o sete iniciativas para equalizar os estoques.<\/span><\/p>\n<p><span style=\"font-weight: 400;\">Com essas a\u00e7\u00f5es em pr\u00e1tica, o Minist\u00e9rio da Sa\u00fade conseguiu evitar o desabastecimento prolongado nos estados. Uma das a\u00e7\u00f5es, a Opera\u00e7\u00e3o Uruguai, conseguiu requisitar o excedente produzido dos medicamentos no pa\u00eds vizinho.<\/span><\/p>\n<p><span style=\"font-weight: 400;\">Outra iniciativa realizada pela pasta da Sa\u00fade junto com outros \u00f3rg\u00e3os \u00e9 a requisi\u00e7\u00e3o de informa\u00e7\u00e3o, onde foi realizado um acordo de coopera\u00e7\u00e3o para possa equalizar em tempo real, o estoque daqueles estabelecimentos. Com isso, fazer o abastecimento em tempo h\u00e1bil os servi\u00e7os do SUS. Al\u00e9m disso, existe o Preg\u00e3o Eletr\u00f4nico que participaram 48 entes federativos entre Estados e capitais do Pa\u00eds.<\/span><\/p>\n<p><span style=\"font-weight: 400;\">Para alinhar as estrat\u00e9gias de vendas e distribui\u00e7\u00e3o dos medicamentos, o Minist\u00e9rio da Sa\u00fade informa semanalmente o Consumo M\u00e9dio Mensal e os estoques em dias de coberturas por medicamentos por estado.\u00a0\u00a0<\/span><\/p>\n<p><b>Povos ind\u00edgenas<\/b><\/p>\n<p><span style=\"font-weight: 400;\">A Secretaria Especial de Sa\u00fade Ind\u00edgena (SESAI) vem desenvolvendo cont\u00ednuas estrat\u00e9gias de prote\u00e7\u00e3o, preven\u00e7\u00e3o, diagn\u00f3stico e tratamento da Covid-19, al\u00e9m de intensificar a distribui\u00e7\u00e3o de suprimentos, insumos, testes r\u00e1pidos e EPIs aos 34 Distritos Sanit\u00e1rios Especiais Ind\u00edgenas (DSEIs). J\u00e1 foram enviadas cinco remessas de insumos e EPIs, totalizando 2,2 milh\u00f5es de itens, oferecendo, assim, insumos necess\u00e1rios para que colaboradores e ind\u00edgenas estejam devidamente protegidos. Esse material complementa os estoques pr\u00f3prios dos DSEIS.<\/span><\/p>\n<p><span style=\"font-weight: 400;\">Tamb\u00e9m visando o melhor tratamento de casos leves e moderados de s\u00edndrome gripal e Covid-19, a SESAI j\u00e1 implementou 208 Unidades de Aten\u00e7\u00e3o Prim\u00e1ria Ind\u00edgena (UAPI) nas aldeias, com suporte de oxig\u00eanio e atendimento 24h. A medida propicia a perman\u00eancia dos ind\u00edgenas nas aldeias, respeitando, assim, as suas especificidades culturais.<\/span><\/p>\n<p><b>Plataforma localizasus<\/b><\/p>\n<p><span style=\"font-weight: 400;\">A popula\u00e7\u00e3o pode acompanhar a quantidade de EPI, medicamento e outros itens distribu\u00eddos a cada estado pelo Localiza SUS, um painel on-line criado pelo Minist\u00e9rio da Sa\u00fade. Na plataforma tamb\u00e9m \u00e9 poss\u00edvel acompanhar a quantidade de leitos habilitados, testes entregues e insumos disponibilizados. O objetivo \u00e9 informar a popula\u00e7\u00e3o sobre tudo o que foi comprado, doado e distribu\u00eddo para o enfrentamento da pandemia de Covid-19.<\/span><\/p>\n<p><strong>Fonte:\u00a0<\/strong>Ag\u00eancia Sa\u00fade<\/p>\n","protected":false},"excerpt":{"rendered":"<p>Desde o in\u00edcio da pandemia, o Governo do Brasil, por meio do Minist\u00e9rio da Sa\u00fade, destinou aos 26 estados e o Distrito Federal R$ 83,6 bilh\u00f5es. Desse total, R$ 58,1 bilh\u00f5es foram para servi\u00e7os de rotina do SUS, e os outros R$ 25,5 bilh\u00f5es para o enfrentamento da Covid-19. A pasta da Sa\u00fade vem dando [&hellip;]<\/p>\n","protected":false},"author":96,"featured_media":168251,"comment_status":"closed","ping_status":"closed","sticky":false,"template":"","format":"standard","meta":{"footnotes":""},"categories":[436,440,254,439],"tags":[],"class_list":["post-168250","post","type-post","status-publish","format-standard","has-post-thumbnail","hentry","category-destaque-da-semana","category-destaques-do-dia","category-politica","category-ultima-hora"],"_links":{"self":[{"href":"https:\/\/diarioregionaldigital.com.br\/index.php?rest_route=\/wp\/v2\/posts\/168250","targetHints":{"allow":["GET"]}}],"collection":[{"href":"https:\/\/diarioregionaldigital.com.br\/index.php?rest_route=\/wp\/v2\/posts"}],"about":[{"href":"https:\/\/diarioregionaldigital.com.br\/index.php?rest_route=\/wp\/v2\/types\/post"}],"author":[{"embeddable":true,"href":"https:\/\/diarioregionaldigital.com.br\/index.php?rest_route=\/wp\/v2\/users\/96"}],"replies":[{"embeddable":true,"href":"https:\/\/diarioregionaldigital.com.br\/index.php?rest_route=%2Fwp%2Fv2%2Fcomments&post=168250"}],"version-history":[{"count":0,"href":"https:\/\/diarioregionaldigital.com.br\/index.php?rest_route=\/wp\/v2\/posts\/168250\/revisions"}],"wp:featuredmedia":[{"embeddable":true,"href":"https:\/\/diarioregionaldigital.com.br\/index.php?rest_route=\/wp\/v2\/media\/168251"}],"wp:attachment":[{"href":"https:\/\/diarioregionaldigital.com.br\/index.php?rest_route=%2Fwp%2Fv2%2Fmedia&parent=168250"}],"wp:term":[{"taxonomy":"category","embeddable":true,"href":"https:\/\/diarioregionaldigital.com.br\/index.php?rest_route=%2Fwp%2Fv2%2Fcategories&post=168250"},{"taxonomy":"post_tag","embeddable":true,"href":"https:\/\/diarioregionaldigital.com.br\/index.php?rest_route=%2Fwp%2Fv2%2Ftags&post=168250"}],"curies":[{"name":"wp","href":"https:\/\/api.w.org\/{rel}","templated":true}]}}