{"id":168233,"date":"2020-09-03T17:56:05","date_gmt":"2020-09-03T20:56:05","guid":{"rendered":"https:\/\/diarioregionaldigital.com.br\/?p=168233"},"modified":"2020-09-03T17:56:05","modified_gmt":"2020-09-03T20:56:05","slug":"estado-atualiza-definicoes-do-minas-consciente-e-adquire-testes-sorologicos","status":"publish","type":"post","link":"https:\/\/diarioregionaldigital.com.br\/?p=168233","title":{"rendered":"Estado atualiza defini\u00e7\u00f5es do Minas Consciente e adquire testes sorol\u00f3gicos"},"content":{"rendered":"<p><main class=\"clear margin-md-bottom-3\"><\/p>\n<div class=\"clear \">\n<p>Em coletiva virtual, nesta quinta-feira (3\/9), os secret\u00e1rios adjuntos de Sa\u00fade, Marcelo Cabral, e de\u00a0<a href=\"http:\/\/www.desenvolvimento.mg.gov.br\/\" target=\"_blank\" rel=\"noopener noreferrer\">Desenvolvimento Econ\u00f4mico<\/a>, Fernando Passalio, falaram sobre as atualiza\u00e7\u00f5es da semana no Minas Consciente e sobre a aquisi\u00e7\u00e3o de 20 mil testes sorol\u00f3gicos\u00a0para covid-19\u00a0no\u00a0nstado. At\u00e9 o momento, 605 munic\u00edpios aderiram formalmente ao plano.\u00a0 \u201cEsse n\u00famero representa 71% das cidades e mais de 14\u00a0milh\u00f5es de mineiros\u201d, ressaltou Passalio.<\/p>\n<p>As macrorregi\u00f5es com mais munic\u00edpios que fazem parte do plano s\u00e3o Norte, com 98% de ades\u00e3o; Centro-Sul, com 94%; Tri\u00e2ngulo Sul, com 89%; e Sudeste, com 82% de ades\u00e3o. O secret\u00e1rio adjunto destacou o avan\u00e7o do Norte para a onda verde. A Noroeste, por sua vez, retorna \u00e0 onda vermelha.<\/p>\n<p><strong>Testes<\/strong><\/p>\n<p>Os investimentos da\u00a0<a href=\"https:\/\/www.saude.mg.gov.br\/\" target=\"_blank\" rel=\"noopener noreferrer\">Secretaria de Sa\u00fade (SES-MG)<\/a>\u00a0para amplia\u00e7\u00e3o da testagem para covid-19 tamb\u00e9m foram destacados na coletiva. \u201cO Estado adquiriu 20 mil testes sorol\u00f3gicos, produzidos por pesquisadores da UFMG e da Funda\u00e7\u00e3o Oswaldo Cruz. Os kits prot\u00f3tipos, feitos com materiais nacionais, v\u00e3o possibilitar a an\u00e1lise de anticorpos de forma mais barata e mais precisa\u201d, explicou Marcelo Cabral.<\/p>\n<p>A principal diferen\u00e7a desses materiais para os testes r\u00e1pidos usados hoje pelo Estado \u00e9 que a an\u00e1lise \u00e9 feita em laborat\u00f3rio, o que garante mais qualidade para os resultados. Ainda de acordo com o secret\u00e1rio adjunto de Sa\u00fade, o teste sorol\u00f3gico deve ser feito ap\u00f3s 14 dias do in\u00edcio dos sintomas e o objetivo \u00e9 saber se a pessoa desenvolveu ou n\u00e3o os anticorpos para a doen\u00e7a.<\/p>\n<p>\u201cOutra vantagem que podemos mencionar \u00e9 o pre\u00e7o para produ\u00e7\u00e3o dos 20 mil kits dos prot\u00f3tipos que ser\u00e3o utilizados pelo estado. O repasse feito foi de R$ 250 mil, o que resulta num valor de teste de R$ 12,50\u201d, destacou.<\/p>\n<p><strong>Fonte:\u00a0<\/strong>Ag\u00eancia Minas<\/p>\n<\/div>\n<p><\/main><\/p>\n","protected":false},"excerpt":{"rendered":"<p>Em coletiva virtual, nesta quinta-feira (3\/9), os secret\u00e1rios adjuntos de Sa\u00fade, Marcelo Cabral, e de\u00a0Desenvolvimento Econ\u00f4mico, Fernando Passalio, falaram sobre as atualiza\u00e7\u00f5es da semana no Minas Consciente e sobre a aquisi\u00e7\u00e3o de 20 mil testes sorol\u00f3gicos\u00a0para covid-19\u00a0no\u00a0nstado. At\u00e9 o momento, 605 munic\u00edpios aderiram formalmente ao plano.\u00a0 \u201cEsse n\u00famero representa 71% das cidades e mais de [&hellip;]<\/p>\n","protected":false},"author":96,"featured_media":168234,"comment_status":"closed","ping_status":"closed","sticky":false,"template":"","format":"standard","meta":{"footnotes":""},"categories":[436,252,439],"tags":[],"class_list":["post-168233","post","type-post","status-publish","format-standard","has-post-thumbnail","hentry","category-destaque-da-semana","category-regiao","category-ultima-hora"],"_links":{"self":[{"href":"https:\/\/diarioregionaldigital.com.br\/index.php?rest_route=\/wp\/v2\/posts\/168233","targetHints":{"allow":["GET"]}}],"collection":[{"href":"https:\/\/diarioregionaldigital.com.br\/index.php?rest_route=\/wp\/v2\/posts"}],"about":[{"href":"https:\/\/diarioregionaldigital.com.br\/index.php?rest_route=\/wp\/v2\/types\/post"}],"author":[{"embeddable":true,"href":"https:\/\/diarioregionaldigital.com.br\/index.php?rest_route=\/wp\/v2\/users\/96"}],"replies":[{"embeddable":true,"href":"https:\/\/diarioregionaldigital.com.br\/index.php?rest_route=%2Fwp%2Fv2%2Fcomments&post=168233"}],"version-history":[{"count":0,"href":"https:\/\/diarioregionaldigital.com.br\/index.php?rest_route=\/wp\/v2\/posts\/168233\/revisions"}],"wp:featuredmedia":[{"embeddable":true,"href":"https:\/\/diarioregionaldigital.com.br\/index.php?rest_route=\/wp\/v2\/media\/168234"}],"wp:attachment":[{"href":"https:\/\/diarioregionaldigital.com.br\/index.php?rest_route=%2Fwp%2Fv2%2Fmedia&parent=168233"}],"wp:term":[{"taxonomy":"category","embeddable":true,"href":"https:\/\/diarioregionaldigital.com.br\/index.php?rest_route=%2Fwp%2Fv2%2Fcategories&post=168233"},{"taxonomy":"post_tag","embeddable":true,"href":"https:\/\/diarioregionaldigital.com.br\/index.php?rest_route=%2Fwp%2Fv2%2Ftags&post=168233"}],"curies":[{"name":"wp","href":"https:\/\/api.w.org\/{rel}","templated":true}]}}