{"id":168231,"date":"2020-09-03T17:52:38","date_gmt":"2020-09-03T20:52:38","guid":{"rendered":"https:\/\/diarioregionaldigital.com.br\/?p=168231"},"modified":"2020-09-03T17:52:38","modified_gmt":"2020-09-03T20:52:38","slug":"juiz-de-fora-registra-mais-36-novos-casos-de-coronavirus","status":"publish","type":"post","link":"https:\/\/diarioregionaldigital.com.br\/?p=168231","title":{"rendered":"Juiz de Fora registra mais 36 novos casos de Coronav\u00edrus"},"content":{"rendered":"<p>O novo boletim epidemiol\u00f3gico divulgado nesta quinta-feira (3) pela Secretaria de Sa\u00fade (SS) da Prefeitura de Juiz de Fora (PJF), confirma que o munic\u00edpio registrou 36 novos casos por Coronav\u00edrus, totalizando 4.968. Al\u00e9m disso, houve mais 154 novas suspeitas, acumulando 17.785.<\/p>\n<p>De acordo com o levantamento, mais dois \u00f3bitos foram confirmados, contabilizando166 mortes. Uma das v\u00edtimas \u00e9 uma mulher, de 41 anos, que morreu na ter\u00e7a-feira (1\u00ba). Ela tinha Hipertens\u00e3o Arterial Sist\u00eamica (HAS). A outra v\u00edtima \u00e9 um homem, de 44 anos, que apresentava imunodefici\u00eancia e Hipertens\u00e3o Arterial Sist\u00eamica (HAS). O \u00f3bito foi registrado na quarta-feira (2).<\/p>\n<p><b>Leitos\u00a0<\/b><\/p>\n<p>Segundo informa\u00e7\u00f5es da PJF, os leitos de enfermaria est\u00e3o com 61,87% de ocupa\u00e7\u00e3o. J\u00e1 os os leitos de UTI e SUS, est\u00e3o com taxa de 73,50% e 43,96% respectivamente.<\/p>\n<p><b>Casos recuperados<\/b><\/p>\n<p>De acordo com a Secretaria de Estado da Sa\u00fade de Minas Gerais (SES-MG), Juiz de Fora registra 4.317 pacientes recuperados da doen\u00e7a.<\/p>\n<p><b>Isolamento social<\/b><\/p>\n<p>Conforme os dados divulgados pela Prefeitura, o munic\u00edpio apresenta taxa de isolamento social em 49,01%, cuja m\u00e9dia \u00e9 dos \u00faltimos sete dias. O valor est\u00e1 acima da taxa registrada em Minas Gerais, que \u00e9 de 48,77%.<\/p>\n<p><b>Casos e \u00f3bitos confirmados<\/b><\/p>\n<p>Na compara\u00e7\u00e3o com outras cidades do estado, Juiz de Fora permanece como s\u00e9timo munic\u00edpio com maior n\u00famero de casos confirmados. Segundo dados da SES-MG, na primeira posi\u00e7\u00e3o aparece Belo Horizonte com 34.530, Uberl\u00e2ndia em segundo com 20.436, Ipatinga em terceiro com 7.577, Contagem em quarto com 7.337, Governador Valadares em quinto com 6.211 e Montes Claros em sexto com 5.671. Estes s\u00e3o os munic\u00edpios que apresentam mais casos confirmados em compara\u00e7\u00e3o com Juiz de Fora.<\/p>\n<p>J\u00e1 na quest\u00e3o das mortes confirmadas, o munic\u00edpio permanece em sexto nesse quesito. Belo Horizonte lidera com 1.021 \u00f3bitos, Uberl\u00e2ndia \u00e9 o segundo com 412, Contagem em terceiro com 289, Governador Valadares em quarto com 203 e Betim em quinto com 175.<\/p>\n","protected":false},"excerpt":{"rendered":"<p>O novo boletim epidemiol\u00f3gico divulgado nesta quinta-feira (3) pela Secretaria de Sa\u00fade (SS) da Prefeitura de Juiz de Fora (PJF), confirma que o munic\u00edpio registrou 36 novos casos por Coronav\u00edrus, totalizando 4.968. Al\u00e9m disso, houve mais 154 novas suspeitas, acumulando 17.785. De acordo com o levantamento, mais dois \u00f3bitos foram confirmados, contabilizando166 mortes. Uma das [&hellip;]<\/p>\n","protected":false},"author":96,"featured_media":161328,"comment_status":"closed","ping_status":"closed","sticky":false,"template":"","format":"standard","meta":{"footnotes":""},"categories":[253,436,440,439],"tags":[],"class_list":["post-168231","post","type-post","status-publish","format-standard","has-post-thumbnail","hentry","category-cidade","category-destaque-da-semana","category-destaques-do-dia","category-ultima-hora"],"_links":{"self":[{"href":"https:\/\/diarioregionaldigital.com.br\/index.php?rest_route=\/wp\/v2\/posts\/168231","targetHints":{"allow":["GET"]}}],"collection":[{"href":"https:\/\/diarioregionaldigital.com.br\/index.php?rest_route=\/wp\/v2\/posts"}],"about":[{"href":"https:\/\/diarioregionaldigital.com.br\/index.php?rest_route=\/wp\/v2\/types\/post"}],"author":[{"embeddable":true,"href":"https:\/\/diarioregionaldigital.com.br\/index.php?rest_route=\/wp\/v2\/users\/96"}],"replies":[{"embeddable":true,"href":"https:\/\/diarioregionaldigital.com.br\/index.php?rest_route=%2Fwp%2Fv2%2Fcomments&post=168231"}],"version-history":[{"count":0,"href":"https:\/\/diarioregionaldigital.com.br\/index.php?rest_route=\/wp\/v2\/posts\/168231\/revisions"}],"wp:featuredmedia":[{"embeddable":true,"href":"https:\/\/diarioregionaldigital.com.br\/index.php?rest_route=\/wp\/v2\/media\/161328"}],"wp:attachment":[{"href":"https:\/\/diarioregionaldigital.com.br\/index.php?rest_route=%2Fwp%2Fv2%2Fmedia&parent=168231"}],"wp:term":[{"taxonomy":"category","embeddable":true,"href":"https:\/\/diarioregionaldigital.com.br\/index.php?rest_route=%2Fwp%2Fv2%2Fcategories&post=168231"},{"taxonomy":"post_tag","embeddable":true,"href":"https:\/\/diarioregionaldigital.com.br\/index.php?rest_route=%2Fwp%2Fv2%2Ftags&post=168231"}],"curies":[{"name":"wp","href":"https:\/\/api.w.org\/{rel}","templated":true}]}}