{"id":168228,"date":"2020-09-03T17:19:44","date_gmt":"2020-09-03T20:19:44","guid":{"rendered":"https:\/\/diarioregionaldigital.com.br\/?p=168228"},"modified":"2020-09-03T17:19:44","modified_gmt":"2020-09-03T20:19:44","slug":"pesquisadores-da-ufjf-fazem-analise-de-dados-de-internacoes-por-covid-19","status":"publish","type":"post","link":"https:\/\/diarioregionaldigital.com.br\/?p=168228","title":{"rendered":"Pesquisadores da UFJF fazem an\u00e1lise de dados de interna\u00e7\u00f5es por Covid-19"},"content":{"rendered":"<p><span style=\"font-weight: 400;\">O grupo de modelagem epidemiol\u00f3gica da Covid-19, composto por pesquisadores da Universidade Federal de Juiz de Fora (UFJF), publicou em novo estudo, a an\u00e1lise dados de interna\u00e7\u00f5es hospitalares por S\u00edndromes Respirat\u00f3rias Graves (SRAGs), incluindo suspeitos e confirmados com Coronav\u00edrus, em Juiz de Fora. O levantamento abrange o per\u00edodo a partir do dia 26 de fevereiro at\u00e9 o dia primeiro de agosto.<\/span><\/p>\n<p><span style=\"font-weight: 400;\">O estudo aponta que houve evolu\u00e7\u00e3o temporal, quanto \u00e0s interna\u00e7\u00f5es hospitalares. No intervalo de tempo analisado, 1.468 pessoas foram internadas com suspeita de Covid-19, sendo que 558 (37,6%) foram confirmadas com a doen\u00e7a por meio de testagem, e destes, 271 (49%) foram internados em Unidades de Tratamento Intensivo (UTIs). Al\u00e9m disso, o pico de interna\u00e7\u00f5es foi registrado entre 20 de junho e 20 de julho.<\/span><\/p>\n<p><span style=\"font-weight: 400;\">Conforme uma das pesquisadoras projeto, Isabel Leite, ap\u00f3s a referida data, houve diminui\u00e7\u00e3o acentuada, indo de em m\u00e9dia tr\u00eas casos di\u00e1rios para um, tanto em enfermaria quanto em UTI:<\/span><\/p>\n<p><span style=\"font-weight: 400;\">\u201cA maior parte das interna\u00e7\u00f5es s\u00e3o de idosos, mas na enfermaria, 57% de todas as interna\u00e7\u00f5es foram na popula\u00e7\u00e3o da faixa et\u00e1ria entre 40 e 69 anos, ou seja, n\u00e3o \u00e9 uma demanda exclusiva de idosos como poderia se imaginar\u201d.<\/span><\/p>\n<p><span style=\"font-weight: 400;\">At\u00e9 o dia primeiro do m\u00eas passado, os dados divulgados pela Prefeitura de Juiz de Fora (PJF), indicavam 117 mortes confirmadas. Entretanto, foram registrados 183 \u00f3bitos nos hospitais, decorrentes da doen\u00e7a e que o n\u00famero \u00e9 56% maior. Segundo Isabela, \u201co n\u00famero de \u00f3bitos relativos aos internados \u00e9 mais alto que os registrados para os residentes de Juiz de Fora, ou seja, essas interna\u00e7\u00f5es tamb\u00e9m captam pacientes da macrorregi\u00e3o. Os dados desta nota s\u00e3o importantes porque mostram o que o profissional da linha de frente lida no dia a dia, seja gerenciando vagas hospitalares ou lidando com os pacientes internados por Covid-19, seja os de enfermaria ou os de UTI.\u201d<\/span><\/p>\n<p><b>Atendimento por Samu<\/b><\/p>\n<p><span style=\"font-weight: 400;\">Conforme os dados da nota t\u00e9cnica, desde o dia primeiro de janeiro at\u00e9 23 de agosto, o Samu realizou 32.000 atendimentos, sendo que 10% foram por s\u00edndromes respirat\u00f3rias, dos quais 915 classificados como suspeita ou caso confirmado de Covid-19. A maioria destes pacientes eram idosos. A partir da d\u00e9cima primeira semana epidemiol\u00f3gica, foi constatado um aumento de 48% no n\u00famero m\u00e9dio semanal de atendimentos por s\u00edndromes respirat\u00f3rias.<\/span><\/p>\n<p><span style=\"font-weight: 400;\">Dentre os 3.293 atendimentos por s\u00edndromes respirat\u00f3rias avaliados pelos pesquisadores, foi constatado que o perfil apresenta cen\u00e1rio semelhante ao de todas as causas em rela\u00e7\u00e3o a sexo, transporte e risco inicial. Quanto \u00e0 an\u00e1lise dos dados, Isabel diz que:<\/span><\/p>\n<p><span style=\"font-weight: 400;\">\u201cQuando analisamos os atendimentos de Samu, o grande destaque \u00e9 que a partir da d\u00e9cima primeira semana epidemiol\u00f3gica foi constatado um aumento de 48% no n\u00famero m\u00e9dio semanal de atendimento em fun\u00e7\u00e3o de s\u00edndromes respirat\u00f3rias. Ent\u00e3o n\u00e3o s\u00f3 na interna\u00e7\u00e3o, mas no servi\u00e7o de urg\u00eancia M\u00f3vel, que abarca uma grande popula\u00e7\u00e3o da Macrorregi\u00e3o Sudeste, a s\u00edndrome respirat\u00f3ria tem representado grande impacto\u201d.<\/span><\/p>\n","protected":false},"excerpt":{"rendered":"<p>O grupo de modelagem epidemiol\u00f3gica da Covid-19, composto por pesquisadores da Universidade Federal de Juiz de Fora (UFJF), publicou em novo estudo, a an\u00e1lise dados de interna\u00e7\u00f5es hospitalares por S\u00edndromes Respirat\u00f3rias Graves (SRAGs), incluindo suspeitos e confirmados com Coronav\u00edrus, em Juiz de Fora. O levantamento abrange o per\u00edodo a partir do dia 26 de fevereiro [&hellip;]<\/p>\n","protected":false},"author":96,"featured_media":168229,"comment_status":"closed","ping_status":"closed","sticky":false,"template":"","format":"standard","meta":{"footnotes":""},"categories":[253,436,440,439],"tags":[],"class_list":["post-168228","post","type-post","status-publish","format-standard","has-post-thumbnail","hentry","category-cidade","category-destaque-da-semana","category-destaques-do-dia","category-ultima-hora"],"_links":{"self":[{"href":"https:\/\/diarioregionaldigital.com.br\/index.php?rest_route=\/wp\/v2\/posts\/168228","targetHints":{"allow":["GET"]}}],"collection":[{"href":"https:\/\/diarioregionaldigital.com.br\/index.php?rest_route=\/wp\/v2\/posts"}],"about":[{"href":"https:\/\/diarioregionaldigital.com.br\/index.php?rest_route=\/wp\/v2\/types\/post"}],"author":[{"embeddable":true,"href":"https:\/\/diarioregionaldigital.com.br\/index.php?rest_route=\/wp\/v2\/users\/96"}],"replies":[{"embeddable":true,"href":"https:\/\/diarioregionaldigital.com.br\/index.php?rest_route=%2Fwp%2Fv2%2Fcomments&post=168228"}],"version-history":[{"count":0,"href":"https:\/\/diarioregionaldigital.com.br\/index.php?rest_route=\/wp\/v2\/posts\/168228\/revisions"}],"wp:featuredmedia":[{"embeddable":true,"href":"https:\/\/diarioregionaldigital.com.br\/index.php?rest_route=\/wp\/v2\/media\/168229"}],"wp:attachment":[{"href":"https:\/\/diarioregionaldigital.com.br\/index.php?rest_route=%2Fwp%2Fv2%2Fmedia&parent=168228"}],"wp:term":[{"taxonomy":"category","embeddable":true,"href":"https:\/\/diarioregionaldigital.com.br\/index.php?rest_route=%2Fwp%2Fv2%2Fcategories&post=168228"},{"taxonomy":"post_tag","embeddable":true,"href":"https:\/\/diarioregionaldigital.com.br\/index.php?rest_route=%2Fwp%2Fv2%2Ftags&post=168228"}],"curies":[{"name":"wp","href":"https:\/\/api.w.org\/{rel}","templated":true}]}}