{"id":168223,"date":"2020-09-03T15:55:35","date_gmt":"2020-09-03T18:55:35","guid":{"rendered":"https:\/\/diarioregionaldigital.com.br\/?p=168223"},"modified":"2020-09-03T15:55:35","modified_gmt":"2020-09-03T18:55:35","slug":"rebaixamento-de-tupynambas-e-villa-nova-sao-mantidos-pelo-stjd","status":"publish","type":"post","link":"https:\/\/diarioregionaldigital.com.br\/?p=168223","title":{"rendered":"Rebaixamento de Tupynamb\u00e1s e Villa Nova s\u00e3o mantidos pelo STJD"},"content":{"rendered":"<p>O Superior Tribunal de Justi\u00e7a Desportiva (STJD), determinou atrav\u00e9s de sess\u00e3o virtual realizada nesta quinta-feira (3), o rebaixamento de Tupynamb\u00e1s e Villa Nova para o M\u00f3dulo II do Campeonato Mineiro. No in\u00edcio do m\u00eas de agosto, o \u00f3rg\u00e3o havia concedido uma liminar assinada pelo relator S\u00e9rgio Martinez, na qual determina que a Federa\u00e7\u00e3o Mineira de Futebol (FMF), n\u00e3o homologue o rebaixamento dos dois times.<\/p>\n<p>De acordo com o pr\u00f3prio relator, o pedido foi avaliado como improcedente e enfatiza que o descenso n\u00e3o foi motivado pela pandemia, mas \u201cpelo p\u00e9ssimo desempenho em todo o campeonato\u201d, fazendo refer\u00eancia \u00e0 fraca campanha do Le\u00e3o do Po\u00e7o Rico, que n\u00e3o venceu um jogo sequer.<\/p>\n<p><b>Batalha fora do campo<\/b><\/p>\n<p>Em decorr\u00eancia da pandemia do Coronav\u00edrus, a FMF suspendeu o Campeonato Mineiro em mar\u00e7o. No m\u00eas de julho, a entidade junto aos clubes, concordaram em retornar com a disputa, entretanto Tupynamb\u00e1s e Villa Nova entraram com pedido no Tribunal de Justi\u00e7a Desportiva (TJD-MG), pedindo anula\u00e7\u00e3o do rebaixamento. Os dois times alegaram que a pandemia do Coronav\u00edrus, tornou invi\u00e1vel a retomada dos treinamentos, diante das quest\u00f5es da sa\u00fade p\u00fablica e financeira.<\/p>\n<p>Dentre os argumentos apresentados pelo Le\u00e3o do Po\u00e7o Rico, estava a impossibilidade de treinar em Juiz de Fora. Diante disso, os pedidos foram negados pelo TJD-MG e o Campeonato Mineiro foi retomado no dia 26 de julho.<\/p>\n<p>Diante disso, Tupynamb\u00e1s e Villa Nova foram rebaixados, sendo que o time de Nova Lima ficou em pen\u00faltimo com quatro pontos. J\u00e1 o Le\u00e3o do Po\u00e7o Rico ficou na lanterna com apenas tr\u00eas pontos conquistados e nenhuma vit\u00f3ria.<\/p>\n<div><\/div>\n<div class=\"the_champ_sharing_container the_champ_horizontal_sharing\"><\/div>\n<p>&nbsp;<\/p>\n","protected":false},"excerpt":{"rendered":"<p>O Superior Tribunal de Justi\u00e7a Desportiva (STJD), determinou atrav\u00e9s de sess\u00e3o virtual realizada nesta quinta-feira (3), o rebaixamento de Tupynamb\u00e1s e Villa Nova para o M\u00f3dulo II do Campeonato Mineiro. No in\u00edcio do m\u00eas de agosto, o \u00f3rg\u00e3o havia concedido uma liminar assinada pelo relator S\u00e9rgio Martinez, na qual determina que a Federa\u00e7\u00e3o Mineira de [&hellip;]<\/p>\n","protected":false},"author":96,"featured_media":166533,"comment_status":"closed","ping_status":"closed","sticky":false,"template":"","format":"standard","meta":{"footnotes":""},"categories":[436,257,439],"tags":[],"class_list":["post-168223","post","type-post","status-publish","format-standard","has-post-thumbnail","hentry","category-destaque-da-semana","category-esporte","category-ultima-hora"],"_links":{"self":[{"href":"https:\/\/diarioregionaldigital.com.br\/index.php?rest_route=\/wp\/v2\/posts\/168223","targetHints":{"allow":["GET"]}}],"collection":[{"href":"https:\/\/diarioregionaldigital.com.br\/index.php?rest_route=\/wp\/v2\/posts"}],"about":[{"href":"https:\/\/diarioregionaldigital.com.br\/index.php?rest_route=\/wp\/v2\/types\/post"}],"author":[{"embeddable":true,"href":"https:\/\/diarioregionaldigital.com.br\/index.php?rest_route=\/wp\/v2\/users\/96"}],"replies":[{"embeddable":true,"href":"https:\/\/diarioregionaldigital.com.br\/index.php?rest_route=%2Fwp%2Fv2%2Fcomments&post=168223"}],"version-history":[{"count":0,"href":"https:\/\/diarioregionaldigital.com.br\/index.php?rest_route=\/wp\/v2\/posts\/168223\/revisions"}],"wp:featuredmedia":[{"embeddable":true,"href":"https:\/\/diarioregionaldigital.com.br\/index.php?rest_route=\/wp\/v2\/media\/166533"}],"wp:attachment":[{"href":"https:\/\/diarioregionaldigital.com.br\/index.php?rest_route=%2Fwp%2Fv2%2Fmedia&parent=168223"}],"wp:term":[{"taxonomy":"category","embeddable":true,"href":"https:\/\/diarioregionaldigital.com.br\/index.php?rest_route=%2Fwp%2Fv2%2Fcategories&post=168223"},{"taxonomy":"post_tag","embeddable":true,"href":"https:\/\/diarioregionaldigital.com.br\/index.php?rest_route=%2Fwp%2Fv2%2Ftags&post=168223"}],"curies":[{"name":"wp","href":"https:\/\/api.w.org\/{rel}","templated":true}]}}