{"id":168218,"date":"2020-09-03T15:45:28","date_gmt":"2020-09-03T18:45:28","guid":{"rendered":"https:\/\/diarioregionaldigital.com.br\/?p=168218"},"modified":"2020-09-03T15:45:28","modified_gmt":"2020-09-03T18:45:28","slug":"voos-comerciais-sao-retomados-no-aeroporto-regional-da-zona-da-mata","status":"publish","type":"post","link":"https:\/\/diarioregionaldigital.com.br\/?p=168218","title":{"rendered":"Voos comerciais s\u00e3o retomados no Aeroporto Regional da Zona da Mata"},"content":{"rendered":"<p>A avia\u00e7\u00e3o regular no Aeroporto Regional da Zona da Mata (ARZM) est\u00e1 sendo retomada. Em fun\u00e7\u00e3o da pandemia, as operadoras a\u00e9reas haviam suspendido os voos no local em mar\u00e7o. O equipamento, localizado no munic\u00edpio de Goian\u00e1, \u00e9 de responsabilidade do\u00a0<a href=\"https:\/\/www.mg.gov.br\/\" target=\"_blank\" rel=\"noopener noreferrer\">Governo do Minas<\/a>, por meio da\u00a0<a href=\"http:\/\/www.infraestrutura.mg.gov.br\/\" target=\"_blank\" rel=\"noopener noreferrer\">Secretaria de Infraestrutura e Mobilidade (Seinfra)<\/a>, e administrado pela Concession\u00e1ria Aeroporto da Zona da Mata, por meio de Parceria P\u00fablico-Privada.<\/p>\n<p>Nesta quinta-feira (3\/9), a Companhia A\u00e9rea Gol retomou os voos (com frequ\u00eancia de tr\u00eas vezes por semana) para Guarulhos (SP) e, desde o dia 17\/8, a Azul Linhas A\u00e9reas Brasileiras j\u00e1 havia voltado \u00e0s opera\u00e7\u00f5es comerciais, com cinco voos semanais para o Aeroporto Viracopos, em Campinas (SP). A ideia \u00e9 que, aos poucos, as empresas retomem as frequ\u00eancias normais de voos, conforme monitoramento da demanda.<\/p>\n<p>\u201cO aeroporto \u00e9 essencial para o desenvolvimento da Zona da Mata, porque est\u00e1 em um eixo log\u00edstico importante n\u00e3o s\u00f3 para a popula\u00e7\u00e3o, mas tamb\u00e9m para as ind\u00fastrias da regi\u00e3o. O retorno \u00e0s atividades pelas duas operadoras a\u00e9reas \u00e9 relevante para as pol\u00edticas p\u00fablicas de transporte, de atra\u00e7\u00e3o de investimentos e de retomada do crescimento econ\u00f4mico\u201d, destaca o superintendente de Log\u00edstica de Transportes da Seinfra, Guilherme Pagliara.<\/p>\n<p><strong>Fonte:\u00a0<\/strong>Ag\u00eancia Minas<\/p>\n","protected":false},"excerpt":{"rendered":"<p>A avia\u00e7\u00e3o regular no Aeroporto Regional da Zona da Mata (ARZM) est\u00e1 sendo retomada. Em fun\u00e7\u00e3o da pandemia, as operadoras a\u00e9reas haviam suspendido os voos no local em mar\u00e7o. O equipamento, localizado no munic\u00edpio de Goian\u00e1, \u00e9 de responsabilidade do\u00a0Governo do Minas, por meio da\u00a0Secretaria de Infraestrutura e Mobilidade (Seinfra), e administrado pela Concession\u00e1ria Aeroporto [&hellip;]<\/p>\n","protected":false},"author":96,"featured_media":168221,"comment_status":"closed","ping_status":"closed","sticky":false,"template":"","format":"standard","meta":{"footnotes":""},"categories":[436,252,439],"tags":[],"class_list":["post-168218","post","type-post","status-publish","format-standard","has-post-thumbnail","hentry","category-destaque-da-semana","category-regiao","category-ultima-hora"],"_links":{"self":[{"href":"https:\/\/diarioregionaldigital.com.br\/index.php?rest_route=\/wp\/v2\/posts\/168218","targetHints":{"allow":["GET"]}}],"collection":[{"href":"https:\/\/diarioregionaldigital.com.br\/index.php?rest_route=\/wp\/v2\/posts"}],"about":[{"href":"https:\/\/diarioregionaldigital.com.br\/index.php?rest_route=\/wp\/v2\/types\/post"}],"author":[{"embeddable":true,"href":"https:\/\/diarioregionaldigital.com.br\/index.php?rest_route=\/wp\/v2\/users\/96"}],"replies":[{"embeddable":true,"href":"https:\/\/diarioregionaldigital.com.br\/index.php?rest_route=%2Fwp%2Fv2%2Fcomments&post=168218"}],"version-history":[{"count":0,"href":"https:\/\/diarioregionaldigital.com.br\/index.php?rest_route=\/wp\/v2\/posts\/168218\/revisions"}],"wp:featuredmedia":[{"embeddable":true,"href":"https:\/\/diarioregionaldigital.com.br\/index.php?rest_route=\/wp\/v2\/media\/168221"}],"wp:attachment":[{"href":"https:\/\/diarioregionaldigital.com.br\/index.php?rest_route=%2Fwp%2Fv2%2Fmedia&parent=168218"}],"wp:term":[{"taxonomy":"category","embeddable":true,"href":"https:\/\/diarioregionaldigital.com.br\/index.php?rest_route=%2Fwp%2Fv2%2Fcategories&post=168218"},{"taxonomy":"post_tag","embeddable":true,"href":"https:\/\/diarioregionaldigital.com.br\/index.php?rest_route=%2Fwp%2Fv2%2Ftags&post=168218"}],"curies":[{"name":"wp","href":"https:\/\/api.w.org\/{rel}","templated":true}]}}