{"id":168215,"date":"2020-09-03T15:41:59","date_gmt":"2020-09-03T18:41:59","guid":{"rendered":"https:\/\/diarioregionaldigital.com.br\/?p=168215"},"modified":"2020-09-03T15:43:07","modified_gmt":"2020-09-03T18:43:07","slug":"prf-inicia-nesta-sexta-feira-a-operacao-independencia-2020","status":"publish","type":"post","link":"https:\/\/diarioregionaldigital.com.br\/?p=168215","title":{"rendered":"PRF inicia nesta sexta-feira a Opera\u00e7\u00e3o Independ\u00eancia 2020"},"content":{"rendered":"<p><span style=\"font-weight: 400;\">A Pol\u00edcia Rodovi\u00e1ria Federal (PRF), inicia a partir da 00h00 desta sexta-feira (4), a Opera\u00e7\u00e3o Independ\u00eancia 2020, cujo objetivo \u00e9 fiscalizar as rodovias federais, quanto ao fluxo de autom\u00f3veis durante o feriado de 7 de setembro, na segunda-feira.<\/span><\/p>\n<p><span style=\"font-weight: 400;\">Dentre as a\u00e7\u00f5es a serem executadas pelos agentes, est\u00e3o listadas a preven\u00e7\u00e3o e diminui\u00e7\u00e3o da gravidade de acidentes, garantir a fluidez no tr\u00e2nsito, combater \u00e0s infra\u00e7\u00f5es de tr\u00e2nsito, como excesso de velocidade, ultrapassagens indevidas e proibidas, dirigir sob influ\u00eancia de \u00e1lcool, transitar pelo acostamento, dentre outras.<\/span><\/p>\n<p><span style=\"font-weight: 400;\">Os trabalhos de fiscaliza\u00e7\u00e3o e policiamento, ser\u00e3o \u201cintensificados, atrav\u00e9s de rondas ostensivas nas rodovias e do posicionamento estrat\u00e9gico das viaturas com cerca de 800 policiais se revezando ao longo dos trechos mais movimentados e considerados cr\u00edticos, pelo alto \u00edndice de acidentes e pela elevada taxa de cometimento de infra\u00e7\u00f5es de tr\u00e2nsito\u201d.<\/span><\/p>\n<p><span style=\"font-weight: 400;\">Al\u00e9m disso, a PRF faz campanha para que os condutores de ve\u00edculos, contribuam para garantir a seguran\u00e7a de todos que trafegam pelas estradas, uma vez que \u201co fator humano \u00e9 sempre o mais importante no sistema tr\u00e2nsito\u201d.<\/span><\/p>\n<p><b>Restri\u00e7\u00f5es<\/b><\/p>\n<p><span style=\"font-weight: 400;\">Priorizando a quest\u00e3o da seguran\u00e7a e por conta do crescente aumento de autom\u00f3veis pelas rodovias, a PRF restringir\u00e1 o tr\u00e1fego de bitrens, rodotrens, treminh\u00f5es, cegonheiras carregadas e ve\u00edculos com cargas excedentes, somente em rodovias federais de pista simples, em alguns dias do feriado. Confira abaixo o cronograma com estabelecido:<\/span><\/p>\n<p><span style=\"font-weight: 400;\">04\/09 \u2013 sexta-feira, das 16h \u00e0s 22h\u00a0\u00a0<\/span><\/p>\n<p><span style=\"font-weight: 400;\">05\/09 \u2013 s\u00e1bado, das 06h \u00e0s 12h\u00a0\u00a0<\/span><\/p>\n<p><span style=\"font-weight: 400;\">07\/09 \u2013 segunda-feira, das 16h \u00e0s 22h;\u00a0<\/span><\/p>\n<p><span style=\"font-weight: 400;\">Vale lembrar que em caso de descumprimento das normas, o motorista ser\u00e1 multado em R$130,16 (infra\u00e7\u00e3o m\u00e9dia), receber\u00e1 4 pontos na CNH e ter\u00e1 o ve\u00edculo retido.\u00a0<\/span><\/p>\n<p><b>Recomenda\u00e7\u00f5es de seguran\u00e7a<\/b><\/p>\n<p><span style=\"font-weight: 400;\">Em nota oficial, a PRF sugere tamb\u00e9m, algumas dicas importantes para que todos tenham viagem tranquila e segura nas estradas, como:<\/span><\/p>\n<p>&nbsp;<\/p>\n<ul>\n<li style=\"font-weight: 400;\"><i><span style=\"font-weight: 400;\">\u201cPlaneje sua viagem e fa\u00e7a a revis\u00e3o de seu ve\u00edculo. \u00c9 fundamental verificar a presen\u00e7a e o funcionamento de todos os equipamentos obrigat\u00f3rios. Verifique tamb\u00e9m toda a documenta\u00e7\u00e3o do ve\u00edculo e do condutor;<\/span><\/i><\/li>\n<\/ul>\n<p>&nbsp;<\/p>\n<p>&nbsp;<\/p>\n<ul>\n<li style=\"font-weight: 400;\"><i><span style=\"font-weight: 400;\">Todos os ocupantes do ve\u00edculo devem portar documento de identifica\u00e7\u00e3o, inclusive crian\u00e7as e adolescentes;<\/span><\/i><\/li>\n<\/ul>\n<p>&nbsp;<\/p>\n<p>&nbsp;<\/p>\n<ul>\n<li style=\"font-weight: 400;\"><i><span style=\"font-weight: 400;\">Respeite os limites de velocidade estabelecidos para a via e obede\u00e7a \u00e0s placas de sinaliza\u00e7\u00e3o. Onde n\u00e3o existir sinaliza\u00e7\u00e3o ou se esta estiver prejudicada mantenha a velocidade compat\u00edvel com as condi\u00e7\u00f5es da via. Quanto maior a velocidade, maior \u00e9 o risco e mais graves os acidentes;<\/span><\/i><\/li>\n<\/ul>\n<p>&nbsp;<\/p>\n<p>&nbsp;<\/p>\n<ul>\n<li style=\"font-weight: 400;\"><i><span style=\"font-weight: 400;\">O condutor e todos os passageiros do ve\u00edculo DEVEM utilizar o cinto de seguran\u00e7a. Crian\u00e7as menores de 7 anos e meio de idade, devem estar utilizando o equipamento obrigat\u00f3rio compat\u00edvel (beb\u00ea conforto, cadeirinha e\/ou assento de eleva\u00e7\u00e3o). Em caso de autua\u00e7\u00e3o o condutor ser\u00e1 penalizado e o ve\u00edculo ficar\u00e1 retido at\u00e9 a regulariza\u00e7\u00e3o da infra\u00e7\u00e3o;<\/span><\/i><\/li>\n<\/ul>\n<p>&nbsp;<\/p>\n<p>&nbsp;<\/p>\n<ul>\n<li style=\"font-weight: 400;\"><i><span style=\"font-weight: 400;\">Ultrapasse sempre pela esquerda somente em locais permitidos e principalmente onde haja todas as condi\u00e7\u00f5es necess\u00e1rias para execu\u00e7\u00e3o da manobra com seguran\u00e7a. Antes de iniciar uma ultrapassagem, certifique-se da dist\u00e2ncia e da visibilidade do ve\u00edculo que pretende ultrapassar e dos que v\u00eam em sentido contr\u00e1rio. Se outro ve\u00edculo o estiver ultrapassando ou tiver sinalizado a inten\u00e7\u00e3o de faz\u00ea-lo, d\u00ea a prefer\u00eancia e aguarde a vez. Sinalize toda a manobra com anteced\u00eancia. Redobre a aten\u00e7\u00e3o ao ultrapassar \u00f4nibus e caminh\u00f5es. Por se tratar de ve\u00edculos grandes e pesados, \u00e9 preciso se certificar que h\u00e1 espa\u00e7o suficiente para realizar uma ultrapassagem segura e ao ser ultrapassado n\u00e3o acelere, n\u00e3o mude a trajet\u00f3ria do ve\u00edculo e mantenha dist\u00e2ncia segura do ve\u00edculo \u00e0 frente;<\/span><\/i><\/li>\n<\/ul>\n<p>&nbsp;<\/p>\n<p>&nbsp;<\/p>\n<ul>\n<li style=\"font-weight: 400;\"><i><span style=\"font-weight: 400;\">Mantenha uma dist\u00e2ncia segura do ve\u00edculo que vai \u00e0 frente, a fim de se evitar colis\u00f5es traseiras (tipo de acidente que mais tem sido registrado no Estado) nos casos de freadas bruscas;<\/span><\/i><\/li>\n<\/ul>\n<p>&nbsp;<\/p>\n<p>&nbsp;<\/p>\n<ul>\n<li style=\"font-weight: 400;\"><i><span style=\"font-weight: 400;\">Cuidado com os pedestres, principalmente em per\u00edmetros urbanos cortados por rodovias. Redobre a aten\u00e7\u00e3o e reduza a velocidade sempre que verificar a presen\u00e7a de pedestres nos acostamentos e \u00e0s margens das rodovias;<\/span><\/i><\/li>\n<\/ul>\n<p>&nbsp;<\/p>\n<p>&nbsp;<\/p>\n<ul>\n<li style=\"font-weight: 400;\"><i><span style=\"font-weight: 400;\">\u00c9 importante tamb\u00e9m sempre levar \u00e1gua, frutas e alimentos n\u00e3o perec\u00edveis no interior do ve\u00edculo, para situa\u00e7\u00f5es inesperadas como congestionamentos e interdi\u00e7\u00f5es de pista;<\/span><\/i><\/li>\n<\/ul>\n<p>&nbsp;<\/p>\n<p>&nbsp;<\/p>\n<ul>\n<li style=\"font-weight: 400;\"><i><span style=\"font-weight: 400;\">Caso ocorra chuva durante sua viagem, acione os limpadores de parabrisa, diminua a velocidade e aumente a dist\u00e2ncia em rela\u00e7\u00e3o ao ve\u00edculo que segue a sua frente. Evite estacionar no acostamento, caso tenha que parar, procure um local seguro afastado da pista de rolamento;<\/span><\/i><\/li>\n<\/ul>\n<p>&nbsp;<\/p>\n<p>&nbsp;<\/p>\n<ul>\n<li style=\"font-weight: 400;\"><i><span style=\"font-weight: 400;\">Ocupantes de motocicletas devem sempre usar o capacete. Mantenha dist\u00e2ncia das laterais traseiras dos ve\u00edculos, eliminando assim o chamado \u201cponto cego\u201d. Antes de mudar de faixa de rolamento use os retrovisores. N\u00e3o trafegue pr\u00f3ximo a caminh\u00f5es. O deslocamento de ar produzido por esses ve\u00edculos pode desestabilizar a motocicleta. Sempre circule com o farol ligado, para facilitar a visualiza\u00e7\u00e3o da motocicleta pelos pedestres e pelos ve\u00edculos que est\u00e3o em sentido contr\u00e1rio;<\/span><\/i><\/li>\n<\/ul>\n<p>&nbsp;<\/p>\n<p>&nbsp;<\/p>\n<ul>\n<li style=\"font-weight: 400;\"><i><span style=\"font-weight: 400;\">Trafegue sempre com os far\u00f3is acesos, mesmo durante o dia. Isso aumenta a visibilidade aos demais condutores e principalmente aos pedestres, al\u00e9m de melhorar a percep\u00e7\u00e3o de dist\u00e2ncia aproximada\u201d.<\/span><\/i><\/li>\n<\/ul>\n<p>&nbsp;<\/p>\n<p>&nbsp;<\/p>\n","protected":false},"excerpt":{"rendered":"<p>A Pol\u00edcia Rodovi\u00e1ria Federal (PRF), inicia a partir da 00h00 desta sexta-feira (4), a Opera\u00e7\u00e3o Independ\u00eancia 2020, cujo objetivo \u00e9 fiscalizar as rodovias federais, quanto ao fluxo de autom\u00f3veis durante o feriado de 7 de setembro, na segunda-feira. Dentre as a\u00e7\u00f5es a serem executadas pelos agentes, est\u00e3o listadas a preven\u00e7\u00e3o e diminui\u00e7\u00e3o da gravidade de [&hellip;]<\/p>\n","protected":false},"author":96,"featured_media":168216,"comment_status":"closed","ping_status":"closed","sticky":false,"template":"","format":"standard","meta":{"footnotes":""},"categories":[301,436,440,439],"tags":[],"class_list":["post-168215","post","type-post","status-publish","format-standard","has-post-thumbnail","hentry","category-artigos-policiais","category-destaque-da-semana","category-destaques-do-dia","category-ultima-hora"],"_links":{"self":[{"href":"https:\/\/diarioregionaldigital.com.br\/index.php?rest_route=\/wp\/v2\/posts\/168215","targetHints":{"allow":["GET"]}}],"collection":[{"href":"https:\/\/diarioregionaldigital.com.br\/index.php?rest_route=\/wp\/v2\/posts"}],"about":[{"href":"https:\/\/diarioregionaldigital.com.br\/index.php?rest_route=\/wp\/v2\/types\/post"}],"author":[{"embeddable":true,"href":"https:\/\/diarioregionaldigital.com.br\/index.php?rest_route=\/wp\/v2\/users\/96"}],"replies":[{"embeddable":true,"href":"https:\/\/diarioregionaldigital.com.br\/index.php?rest_route=%2Fwp%2Fv2%2Fcomments&post=168215"}],"version-history":[{"count":0,"href":"https:\/\/diarioregionaldigital.com.br\/index.php?rest_route=\/wp\/v2\/posts\/168215\/revisions"}],"wp:featuredmedia":[{"embeddable":true,"href":"https:\/\/diarioregionaldigital.com.br\/index.php?rest_route=\/wp\/v2\/media\/168216"}],"wp:attachment":[{"href":"https:\/\/diarioregionaldigital.com.br\/index.php?rest_route=%2Fwp%2Fv2%2Fmedia&parent=168215"}],"wp:term":[{"taxonomy":"category","embeddable":true,"href":"https:\/\/diarioregionaldigital.com.br\/index.php?rest_route=%2Fwp%2Fv2%2Fcategories&post=168215"},{"taxonomy":"post_tag","embeddable":true,"href":"https:\/\/diarioregionaldigital.com.br\/index.php?rest_route=%2Fwp%2Fv2%2Ftags&post=168215"}],"curies":[{"name":"wp","href":"https:\/\/api.w.org\/{rel}","templated":true}]}}