{"id":168212,"date":"2020-09-03T15:10:53","date_gmt":"2020-09-03T18:10:53","guid":{"rendered":"https:\/\/diarioregionaldigital.com.br\/?p=168212"},"modified":"2020-09-03T15:10:53","modified_gmt":"2020-09-03T18:10:53","slug":"tupi-anuncia-roberval-davino-como-novo-treinador-para-o-modulo-ii","status":"publish","type":"post","link":"https:\/\/diarioregionaldigital.com.br\/?p=168212","title":{"rendered":"Tupi anuncia Roberval Davino como novo treinador para o M\u00f3dulo II"},"content":{"rendered":"<p><span style=\"font-weight: 400;\">O Tupi apresentou na quarta-feira (2), o treinador Roberval Davino, que comandar\u00e1 o elenco carij\u00f3 na disputa do M\u00f3dulo II do Campeonato Mineiro. O treinador, de 66 anos, chega para substituir J\u00falio C\u00e9sar Imperador e deve iniciar os trabalhos na pr\u00f3xima semana.\u00a0<\/span><\/p>\n<p><span style=\"font-weight: 400;\">Nascido em Macei\u00f3-AL, Roberval j\u00e1 trabalhou como t\u00e9cnico no Comercial (SP), CRB (AL), Luverdense (MT), Paysandu (PA), Mogi Mirim (SP), Mirassol (SP) e outros clubes brasileiros.<\/span><\/p>\n<p><span style=\"font-weight: 400;\">De acordo com o presidente do Tupi, Jos\u00e9 Jos\u00e9 Luiz Mauler J\u00fanior, o Juninho, o acerto com Roberval para assumir o comando da equipe alvinegra, \u00e9 um grande passo na busca por uma das vagas na divis\u00e3o de elite do futebol mineiro:<\/span><\/p>\n<p><span style=\"font-weight: 400;\">\u201cO Roberval nos foi muito bem indicado, est\u00e1 acostumado com esse tipo de competi\u00e7\u00e3o. A subir times. Temos um peda\u00e7o de campeonato muito curto, ent\u00e3o precisamos de algu\u00e9m que tenha uma vis\u00e3o, uma experi\u00eancia. N\u00e3o podemos fazer testes nesses pr\u00f3ximos cinco jogos. Teria que ser algu\u00e9m que fa\u00e7a o time jogar e potencializar o que os jogadores t\u00eam de melhor. Achamos que seria a pessoa correta para o momento\u201d, explica Juninho.<\/span><\/p>\n<p><b>Retorno do M\u00f3dulo II<\/b><\/p>\n<p><span style=\"font-weight: 400;\">No m\u00eas de agosto, a Federa\u00e7\u00e3o Mineira de Futebol (FMF) confirmou a volta da disputa do M\u00f3dulo II do Campeonato Mineiro, para o dia 10 de outubro. O primeiro compromisso do Tupi em jogos oficiais, desde a paralisa\u00e7\u00e3o por conta da pandemia do Coronav\u00edrus, ser\u00e1 contra o Democrata de Governador Valadares, no Est\u00e1dio Radialista M\u00e1rio Hel\u00eanio em Juiz de Fora, com hor\u00e1rio a ser definido.<\/span><\/p>\n<p><span style=\"font-weight: 400;\">O sistema de disputa foi mantido e restam mais cinco partidas para encerrar a primeira fase do campeonato. Vale lembrar que os quatro primeiros colocados avan\u00e7am para a pr\u00f3xima fase e os dois piores times do campeonato s\u00e3o rebaixados. Os jogos restantes ser\u00e3o disputados nos dias 10, 17, 21, 24 e 31 do mesmo m\u00eas.<\/span><\/p>\n<p><span style=\"font-weight: 400;\">Na classifica\u00e7\u00e3o do M\u00f3dulo II, o Pouso Alegre lidera com 16 pontos. Nacional de Muria\u00e9 est\u00e1 na segunda posi\u00e7\u00e3o com 11, seguido por Athletic Club e Guarani, em 3\u00ba e 4\u00ba respectivamente, ambos com 10 pontos conquistados. O Tupi \u00e9 o 9\u00ba colocado com 6 pontos e pr\u00f3ximo da zona de rebaixamento. At\u00e9 ent\u00e3o, CAP Uberl\u00e2ndia e Mamor\u00e9 ocupam as duas \u00faltimas posi\u00e7\u00f5es, com 4 e 3 pontos respectivamente.<\/span><\/p>\n","protected":false},"excerpt":{"rendered":"<p>O Tupi apresentou na quarta-feira (2), o treinador Roberval Davino, que comandar\u00e1 o elenco carij\u00f3 na disputa do M\u00f3dulo II do Campeonato Mineiro. O treinador, de 66 anos, chega para substituir J\u00falio C\u00e9sar Imperador e deve iniciar os trabalhos na pr\u00f3xima semana.\u00a0 Nascido em Macei\u00f3-AL, Roberval j\u00e1 trabalhou como t\u00e9cnico no Comercial (SP), CRB (AL), [&hellip;]<\/p>\n","protected":false},"author":96,"featured_media":168213,"comment_status":"closed","ping_status":"closed","sticky":false,"template":"","format":"standard","meta":{"footnotes":""},"categories":[436,257,439],"tags":[],"class_list":["post-168212","post","type-post","status-publish","format-standard","has-post-thumbnail","hentry","category-destaque-da-semana","category-esporte","category-ultima-hora"],"_links":{"self":[{"href":"https:\/\/diarioregionaldigital.com.br\/index.php?rest_route=\/wp\/v2\/posts\/168212","targetHints":{"allow":["GET"]}}],"collection":[{"href":"https:\/\/diarioregionaldigital.com.br\/index.php?rest_route=\/wp\/v2\/posts"}],"about":[{"href":"https:\/\/diarioregionaldigital.com.br\/index.php?rest_route=\/wp\/v2\/types\/post"}],"author":[{"embeddable":true,"href":"https:\/\/diarioregionaldigital.com.br\/index.php?rest_route=\/wp\/v2\/users\/96"}],"replies":[{"embeddable":true,"href":"https:\/\/diarioregionaldigital.com.br\/index.php?rest_route=%2Fwp%2Fv2%2Fcomments&post=168212"}],"version-history":[{"count":0,"href":"https:\/\/diarioregionaldigital.com.br\/index.php?rest_route=\/wp\/v2\/posts\/168212\/revisions"}],"wp:featuredmedia":[{"embeddable":true,"href":"https:\/\/diarioregionaldigital.com.br\/index.php?rest_route=\/wp\/v2\/media\/168213"}],"wp:attachment":[{"href":"https:\/\/diarioregionaldigital.com.br\/index.php?rest_route=%2Fwp%2Fv2%2Fmedia&parent=168212"}],"wp:term":[{"taxonomy":"category","embeddable":true,"href":"https:\/\/diarioregionaldigital.com.br\/index.php?rest_route=%2Fwp%2Fv2%2Fcategories&post=168212"},{"taxonomy":"post_tag","embeddable":true,"href":"https:\/\/diarioregionaldigital.com.br\/index.php?rest_route=%2Fwp%2Fv2%2Ftags&post=168212"}],"curies":[{"name":"wp","href":"https:\/\/api.w.org\/{rel}","templated":true}]}}