{"id":168206,"date":"2020-09-03T14:35:26","date_gmt":"2020-09-03T17:35:26","guid":{"rendered":"https:\/\/diarioregionaldigital.com.br\/?p=168206"},"modified":"2020-09-03T14:35:26","modified_gmt":"2020-09-03T17:35:26","slug":"claire-williams-deixara-comando-da-tradicional-equipe-inglesa-fundada-pelo-pai","status":"publish","type":"post","link":"https:\/\/diarioregionaldigital.com.br\/?p=168206","title":{"rendered":"Claire Williams deixar\u00e1 comando da tradicional equipe inglesa fundada pelo pai"},"content":{"rendered":"<p><span style=\"font-weight: 400;\">Ap\u00f3s 7 anos trabalhando como chefe de equipe da Williams na F1, Claire Williams anunciou nesta quinta-feira (3), que deixar\u00e1 o comando do time a partir do GP da It\u00e1lia, neste domingo (6). Recentemente, um dos times mais tradicionais da hist\u00f3ria da categoria, foi vendido para o grupo americano Dorilton Capital.\u00a0<\/span><\/p>\n<p><span style=\"font-weight: 400;\">Filha do lend\u00e1rio e fundador Sir Frank Williams, Claire entrou para a equipe em 2002, trabalhando dentro da \u00e1rea de comunica\u00e7\u00f5es. Posteriormente em 2012, foi promovida para o conselho da equipe como diretora comercial e de marketing antes de assumir o comando geral da equipe em 2013. Entretanto, os recentes problemas financeiros fizeram com que a Williams andasse no final do grid e ainda n\u00e3o pontuou na temporada 2020.<\/span><\/p>\n<p><span style=\"font-weight: 400;\">Enquanto estava no comando, Claire foi nomeada como uma Oficial da Ordem do Imp\u00e9rio Brit\u00e2nico (OBE) na Lista de Honras do Anivers\u00e1rio da Rainha Elizabeth no ano de 2016, em reconhecimento aos seus servi\u00e7os \u00e0 F1. Al\u00e9m disso, tem trabalhado para promover uma maior diversidade de g\u00eanero no esporte, ao mesmo tempo que promove a engenharia para a pr\u00f3xima gera\u00e7\u00e3o.\u00a0<\/span><\/p>\n<p><span style=\"font-weight: 400;\">Em comunicado oficial, Claire fala sobre a decis\u00e3o de deixar o comando da Williams e comenta sobre a venda para o Dorilton Capital, que para ela foi algo necess\u00e1rio, uma vez que o time passa por uma grave crise financeira, sendo esta a pior de sua hist\u00f3ria. Veja abaixo a nota completa:<\/span><\/p>\n<p><i><span style=\"font-weight: 400;\">\u201c\u00c9 com o cora\u00e7\u00e3o pesado que estou me afastando do meu papel na equipe. Esperava continuar minha gest\u00e3o por muito tempo no futuro e preservar o legado da fam\u00edlia Williams para a pr\u00f3xima gera\u00e7\u00e3o. No entanto, nossa necessidade de encontrar investimentos externos no in\u00edcio deste ano devido a uma s\u00e9rie de fatores, muitos dos quais estavam fora de nosso controle, resultou na venda da equipe para Dorilton Capital. Minha fam\u00edlia sempre colocou nossa equipe e nosso pessoal em primeiro lugar, e esta foi a decis\u00e3o absolutamente certa. Eu sei que neles encontramos as pessoas certas para levar Williams de volta \u00e0 frente do grid, ao mesmo tempo preservando seu legado.\u00a0<\/span><\/i><\/p>\n<p><i><span style=\"font-weight: 400;\">Tomei a decis\u00e3o de me afastar da equipe para permitir a Dorilton um novo come\u00e7o como os novos propriet\u00e1rios. N\u00e3o foi uma decis\u00e3o f\u00e1cil, mas acredito ser a certa para todos os envolvidos. Tive um enorme privil\u00e9gio de ter crescido nesta equipe e no maravilhoso mundo que \u00e9 a F\u00f3rmula Um. Adorei cada minuto e serei eternamente grato pelas oportunidades que ele me proporcionou. Mas tamb\u00e9m \u00e9 um esporte incrivelmente desafiador e agora quero ver o que mais o mundo reserva para mim. Mais importante, quero passar um tempo com minha fam\u00edlia.\u00a0<\/span><\/i><\/p>\n<p><i><span style=\"font-weight: 400;\">Gostaria de agradecer ao Dorilton pelo apoio e por compreender minha decis\u00e3o. Eu tamb\u00e9m gostaria de agradecer aos nossos f\u00e3s que t\u00eam ficado conosco apesar de tudo. Nosso pessoal na Williams sempre foi uma fam\u00edlia, eles me mantiveram motivados durante os tempos dif\u00edceis e \u00e9 deles que eu sentirei mais falta. \u00c9 minha esperan\u00e7a genu\u00edna que o processo pelo qual passamos traga a eles o sucesso que merecem. E, finalmente, gostaria de agradecer ao meu pai por tudo que ele deu ao time, ao esporte e \u00e0 nossa fam\u00edlia.\u201d<\/span><\/i><\/p>\n<p><b>Hist\u00f3ria da Williams na F1<\/b><\/p>\n<p><span style=\"font-weight: 400;\">Fundada em fundada em 1969, por Frank Williams, como fornecedora de chassis para outras fabricantes, a Williams virou equipe na F1 nos anos 70. Em 1979, com apoio dos sauditas, o time se tornou uma das grandes pot\u00eancias da hist\u00f3ria da F1. Desde ent\u00e3o, conquistado em 1980 seus primeiros t\u00edtulos de construtores e pilotos, com Alan Jones. No in\u00edcio da d\u00e9cada, a equipe foi bi de construtores (1981) e novamente campe\u00e3 de pilotos (1982, com Keke Rosberg).<\/span><\/p>\n<p><span style=\"font-weight: 400;\">\u00a0<\/span> <span style=\"font-weight: 400;\"> J\u00e1 em meados dos anos 80 e na d\u00e9cada de 90, sob parceria com os motores Honda e Renault, o time foi coroado com os t\u00edtulos de pilotos em 1987 (Nelson Piquet), 1992 (Nigel Mansell), 1993 (Alain Prost), 1996 (Damon Hill) e 1997 (Jacques Villeneuve). No per\u00edodo, a Williams foi campe\u00e3 de construtores em 1986, 1987, 1992, 1993, 1994, 1996 e 1997. O sucesso da equipe naquele per\u00edodo, se deve a hist\u00f3rica parceria de Frank com o engenheiro-chefe Patrick Head e o projetista Adrian Newey.<\/span><\/p>\n<p><span style=\"font-weight: 400;\">Entretanto, a equipe tem um dos cap\u00edtulos mais tristes da hist\u00f3ria do automobilismo, que foi a morte de Ayrton Senna no GP de San Marino em 1994. Foi o \u00faltimo carro pilotado pelo tricampe\u00e3o.<\/span><\/p>\n<p>&nbsp;<\/p>\n<p>&nbsp;<\/p>\n","protected":false},"excerpt":{"rendered":"<p>Ap\u00f3s 7 anos trabalhando como chefe de equipe da Williams na F1, Claire Williams anunciou nesta quinta-feira (3), que deixar\u00e1 o comando do time a partir do GP da It\u00e1lia, neste domingo (6). Recentemente, um dos times mais tradicionais da hist\u00f3ria da categoria, foi vendido para o grupo americano Dorilton Capital.\u00a0 Filha do lend\u00e1rio e [&hellip;]<\/p>\n","protected":false},"author":96,"featured_media":168207,"comment_status":"closed","ping_status":"closed","sticky":false,"template":"","format":"standard","meta":{"footnotes":""},"categories":[436,257,439],"tags":[],"class_list":["post-168206","post","type-post","status-publish","format-standard","has-post-thumbnail","hentry","category-destaque-da-semana","category-esporte","category-ultima-hora"],"_links":{"self":[{"href":"https:\/\/diarioregionaldigital.com.br\/index.php?rest_route=\/wp\/v2\/posts\/168206","targetHints":{"allow":["GET"]}}],"collection":[{"href":"https:\/\/diarioregionaldigital.com.br\/index.php?rest_route=\/wp\/v2\/posts"}],"about":[{"href":"https:\/\/diarioregionaldigital.com.br\/index.php?rest_route=\/wp\/v2\/types\/post"}],"author":[{"embeddable":true,"href":"https:\/\/diarioregionaldigital.com.br\/index.php?rest_route=\/wp\/v2\/users\/96"}],"replies":[{"embeddable":true,"href":"https:\/\/diarioregionaldigital.com.br\/index.php?rest_route=%2Fwp%2Fv2%2Fcomments&post=168206"}],"version-history":[{"count":0,"href":"https:\/\/diarioregionaldigital.com.br\/index.php?rest_route=\/wp\/v2\/posts\/168206\/revisions"}],"wp:featuredmedia":[{"embeddable":true,"href":"https:\/\/diarioregionaldigital.com.br\/index.php?rest_route=\/wp\/v2\/media\/168207"}],"wp:attachment":[{"href":"https:\/\/diarioregionaldigital.com.br\/index.php?rest_route=%2Fwp%2Fv2%2Fmedia&parent=168206"}],"wp:term":[{"taxonomy":"category","embeddable":true,"href":"https:\/\/diarioregionaldigital.com.br\/index.php?rest_route=%2Fwp%2Fv2%2Fcategories&post=168206"},{"taxonomy":"post_tag","embeddable":true,"href":"https:\/\/diarioregionaldigital.com.br\/index.php?rest_route=%2Fwp%2Fv2%2Ftags&post=168206"}],"curies":[{"name":"wp","href":"https:\/\/api.w.org\/{rel}","templated":true}]}}