{"id":168203,"date":"2020-09-03T14:08:17","date_gmt":"2020-09-03T17:08:17","guid":{"rendered":"https:\/\/diarioregionaldigital.com.br\/?p=168203"},"modified":"2020-09-03T14:08:17","modified_gmt":"2020-09-03T17:08:17","slug":"prazo-de-validade-de-certidoes-de-entidades-esportivas-e-estendida-mais-uma-vez","status":"publish","type":"post","link":"https:\/\/diarioregionaldigital.com.br\/?p=168203","title":{"rendered":"Prazo de validade de certid\u00f5es de entidades esportivas \u00e9 estendida mais uma vez"},"content":{"rendered":"<p><span style=\"font-weight: 400;\">O Di\u00e1rio Oficial da Uni\u00e3o desta quarta-feira (2) trouxe a Portaria n\u00ba 35 com a nova data de 30 de novembro. O texto, assinado pelo secret\u00e1rio especial adjunto do Esporte, Andr\u00e9 Barbosa Alves, amplia novamente o prazo de validade das certid\u00f5es que atestam o cumprimento dos requisitos de isen\u00e7\u00f5es fiscais e repasses p\u00fablicos federais para entidades esportivas.\u00a0<\/span><\/p>\n<p><span style=\"font-weight: 400;\">\u201cA extens\u00e3o do prazo \u00e9 importante para as entidades esportivas neste momento de dificuldade que estamos enfrentando. Essa a\u00e7\u00e3o da Secretaria Especial do Esporte mostra sensibilidade e entendimento do que \u00e9 necess\u00e1rio para atender \u00e0s demandas do esporte nacional\u201d, afirmou Paulo Wanderley, Presidente do Comit\u00ea Ol\u00edmpico do Brasil (COB).<\/span><\/p>\n<p><span style=\"font-weight: 400;\">Essa \u00e9 a terceira vez que a Secretaria Especial do Esporte do Minist\u00e9rio da Cidadania prorroga o vencimento das certifica\u00e7\u00f5es. A primeira foi em mar\u00e7o deste ano, depois no m\u00eas de maio e agora ampliou os vencimentos previstos entre 1\u00ba de setembro e 30 de novembro de 2020.<\/span><\/p>\n<p><span style=\"font-weight: 400;\">A decis\u00e3o faz parte das iniciativas adotadas pela pasta para auxiliar as entidades esportivas do Sistema Nacional do Desporto durante o enfrentamento da pandemia de Covid-19. Isso porque determinadas exig\u00eancias estatut\u00e1rias e de presta\u00e7\u00e3o de contas, quest\u00f5es que necessitam de registro em cart\u00f3rio e de realiza\u00e7\u00e3o de assembleias gerais, n\u00e3o poderiam ser cumpridas para obten\u00e7\u00e3o da renova\u00e7\u00e3o das certifica\u00e7\u00f5es.<\/span><\/p>\n<p><span style=\"font-weight: 400;\">As certid\u00f5es s\u00e3o emitidas ap\u00f3s apresenta\u00e7\u00e3o dos documentos previstos pela Portaria n\u00ba 115\/2018 e de an\u00e1lise do Governo Federal. A avalia\u00e7\u00e3o leva em conta os pr\u00e9-requisitos da Lei n\u00ba 9.615, de 24 de mar\u00e7o de 1998 (Lei Pel\u00e9), sobretudo nos artigos 18 e 18-A. Com validade prevista de um ano, as certid\u00f5es s\u00e3o necess\u00e1rias para que as entidades possam receber recursos p\u00fablicos federais.<\/span><\/p>\n<p><strong>Fonte:<\/strong> COB<\/p>\n","protected":false},"excerpt":{"rendered":"<p>O Di\u00e1rio Oficial da Uni\u00e3o desta quarta-feira (2) trouxe a Portaria n\u00ba 35 com a nova data de 30 de novembro. O texto, assinado pelo secret\u00e1rio especial adjunto do Esporte, Andr\u00e9 Barbosa Alves, amplia novamente o prazo de validade das certid\u00f5es que atestam o cumprimento dos requisitos de isen\u00e7\u00f5es fiscais e repasses p\u00fablicos federais para [&hellip;]<\/p>\n","protected":false},"author":96,"featured_media":168204,"comment_status":"closed","ping_status":"closed","sticky":false,"template":"","format":"standard","meta":{"footnotes":""},"categories":[436,257,439],"tags":[],"class_list":["post-168203","post","type-post","status-publish","format-standard","has-post-thumbnail","hentry","category-destaque-da-semana","category-esporte","category-ultima-hora"],"_links":{"self":[{"href":"https:\/\/diarioregionaldigital.com.br\/index.php?rest_route=\/wp\/v2\/posts\/168203","targetHints":{"allow":["GET"]}}],"collection":[{"href":"https:\/\/diarioregionaldigital.com.br\/index.php?rest_route=\/wp\/v2\/posts"}],"about":[{"href":"https:\/\/diarioregionaldigital.com.br\/index.php?rest_route=\/wp\/v2\/types\/post"}],"author":[{"embeddable":true,"href":"https:\/\/diarioregionaldigital.com.br\/index.php?rest_route=\/wp\/v2\/users\/96"}],"replies":[{"embeddable":true,"href":"https:\/\/diarioregionaldigital.com.br\/index.php?rest_route=%2Fwp%2Fv2%2Fcomments&post=168203"}],"version-history":[{"count":0,"href":"https:\/\/diarioregionaldigital.com.br\/index.php?rest_route=\/wp\/v2\/posts\/168203\/revisions"}],"wp:featuredmedia":[{"embeddable":true,"href":"https:\/\/diarioregionaldigital.com.br\/index.php?rest_route=\/wp\/v2\/media\/168204"}],"wp:attachment":[{"href":"https:\/\/diarioregionaldigital.com.br\/index.php?rest_route=%2Fwp%2Fv2%2Fmedia&parent=168203"}],"wp:term":[{"taxonomy":"category","embeddable":true,"href":"https:\/\/diarioregionaldigital.com.br\/index.php?rest_route=%2Fwp%2Fv2%2Fcategories&post=168203"},{"taxonomy":"post_tag","embeddable":true,"href":"https:\/\/diarioregionaldigital.com.br\/index.php?rest_route=%2Fwp%2Fv2%2Ftags&post=168203"}],"curies":[{"name":"wp","href":"https:\/\/api.w.org\/{rel}","templated":true}]}}