{"id":168201,"date":"2020-09-03T13:58:19","date_gmt":"2020-09-03T16:58:19","guid":{"rendered":"https:\/\/diarioregionaldigital.com.br\/?p=168201"},"modified":"2020-09-03T13:58:19","modified_gmt":"2020-09-03T16:58:19","slug":"morador-do-jardim-colonial-tem-residencia-invadida-por-criminosos","status":"publish","type":"post","link":"https:\/\/diarioregionaldigital.com.br\/?p=168201","title":{"rendered":"Morador do Jardim Colonial tem resid\u00eancia invadida por criminosos"},"content":{"rendered":"<p>Um homem de 48 anos, morador do Bairro Jardim Colonial (Cidade Alta), teve sua resid\u00eancia invadida por dois indiv\u00edduos, na madrugada desta quinta-feira (3) em Juiz de Fora. Em relatos \u00e0 Pol\u00edcia Militar (PM), a v\u00edtima conta que os autores utilizaram uma escada para entrar pelos fundos do im\u00f3vel e teriam arrombado uma das janelas. Durante o ato, o morador foi amorda\u00e7ado e amarrado. Os suspeitos reviraram o local e levaram um celular, uma bolsa t\u00e9rmica, uma mochila, R$300,00 em dinheiro e uma televis\u00e3o 32 polegadas. Os infratores fugiram e n\u00e3o foram encontrados.<\/p>\n<p>Este \u00e9 o terceiro caso de invas\u00e3o domiciliar ocorrido nessa semana no munic\u00edpio e nenhum dos autores envolvidos foram localizados. Um deles ocorreu na noite de segunda-feira (1) no Bairro Sagrado Cora\u00e7\u00e3o de Jesus (Regi\u00e3o Sul), onde os autores levaram uma bolsa contendo chaves, um videogame Xbox One, dois celulares, um cord\u00e3o, diversos an\u00e9is e uma caminhonete. Al\u00e9m disso, levaram um dos moradores e o mesmo foi abandonado em uma estrada que liga o bairro \u00e0 Avenida Deusdedith Salgado. A v\u00edtima foi encaminhada ao Hospital do Monte Sinai com com ferimentos no rosto e um corte no p\u00e9.<\/p>\n<p>O outro caso aconteceu ontem (2), no Bosque do Imperador (Cidade Alta), no qual tr\u00eas indiv\u00edduos invadiram uma resid\u00eancia e renderam um homem de 47 anos, que foi amarrado e amorda\u00e7ado, sendo posteriormente colocado em um dos c\u00f4modos. Naquela ocasi\u00e3o, foram roubados tr\u00eas aparelhos de televis\u00e3o, dois notebooks, um videogame Xbox, uma c\u00e2mera fotogr\u00e1fica, um hd externo, um telefone celular, diversas pecas de vestu\u00e1rio e v\u00e1rias chaves.<\/p>\n","protected":false},"excerpt":{"rendered":"<p>Um homem de 48 anos, morador do Bairro Jardim Colonial (Cidade Alta), teve sua resid\u00eancia invadida por dois indiv\u00edduos, na madrugada desta quinta-feira (3) em Juiz de Fora. Em relatos \u00e0 Pol\u00edcia Militar (PM), a v\u00edtima conta que os autores utilizaram uma escada para entrar pelos fundos do im\u00f3vel e teriam arrombado uma das janelas. [&hellip;]<\/p>\n","protected":false},"author":96,"featured_media":165308,"comment_status":"closed","ping_status":"closed","sticky":false,"template":"","format":"standard","meta":{"footnotes":""},"categories":[301,436,439],"tags":[],"class_list":["post-168201","post","type-post","status-publish","format-standard","has-post-thumbnail","hentry","category-artigos-policiais","category-destaque-da-semana","category-ultima-hora"],"_links":{"self":[{"href":"https:\/\/diarioregionaldigital.com.br\/index.php?rest_route=\/wp\/v2\/posts\/168201","targetHints":{"allow":["GET"]}}],"collection":[{"href":"https:\/\/diarioregionaldigital.com.br\/index.php?rest_route=\/wp\/v2\/posts"}],"about":[{"href":"https:\/\/diarioregionaldigital.com.br\/index.php?rest_route=\/wp\/v2\/types\/post"}],"author":[{"embeddable":true,"href":"https:\/\/diarioregionaldigital.com.br\/index.php?rest_route=\/wp\/v2\/users\/96"}],"replies":[{"embeddable":true,"href":"https:\/\/diarioregionaldigital.com.br\/index.php?rest_route=%2Fwp%2Fv2%2Fcomments&post=168201"}],"version-history":[{"count":0,"href":"https:\/\/diarioregionaldigital.com.br\/index.php?rest_route=\/wp\/v2\/posts\/168201\/revisions"}],"wp:featuredmedia":[{"embeddable":true,"href":"https:\/\/diarioregionaldigital.com.br\/index.php?rest_route=\/wp\/v2\/media\/165308"}],"wp:attachment":[{"href":"https:\/\/diarioregionaldigital.com.br\/index.php?rest_route=%2Fwp%2Fv2%2Fmedia&parent=168201"}],"wp:term":[{"taxonomy":"category","embeddable":true,"href":"https:\/\/diarioregionaldigital.com.br\/index.php?rest_route=%2Fwp%2Fv2%2Fcategories&post=168201"},{"taxonomy":"post_tag","embeddable":true,"href":"https:\/\/diarioregionaldigital.com.br\/index.php?rest_route=%2Fwp%2Fv2%2Ftags&post=168201"}],"curies":[{"name":"wp","href":"https:\/\/api.w.org\/{rel}","templated":true}]}}