{"id":168198,"date":"2020-09-03T13:43:55","date_gmt":"2020-09-03T16:43:55","guid":{"rendered":"https:\/\/diarioregionaldigital.com.br\/?p=168198"},"modified":"2020-09-03T13:43:55","modified_gmt":"2020-09-03T16:43:55","slug":"pm-prende-menor-infrator-por-envolvimento-em-roubo-na-regiao-sul","status":"publish","type":"post","link":"https:\/\/diarioregionaldigital.com.br\/?p=168198","title":{"rendered":"PM prende menor infrator por envolvimento em roubo na Regi\u00e3o Sul"},"content":{"rendered":"<p>Um adolescente de 15 anos, foi preso pela Pol\u00edcia Militar (PM), por envolvimento em roubo ocorrido na Regi\u00e3o Sul, na noite de quarta-feira (2) em Juiz de Fora. O menor infrator estava acompanhado de um homem de 35 anos e ambos, com posse de faca e trajando m\u00e1scaras de prote\u00e7\u00e3o, assaltaram dois jovens de 22 e 27 anos respectivamente, pr\u00f3ximo ao Hospital do Monte Sinai. Durante o ato, os suspeitos levaram uma m\u00e1quina fotogr\u00e1fica profissional, um celular e a quantia de R$ 20.000,00. Logo em seguida, eles fugiram em dire\u00e7\u00e3o ao Bairro Dom Bosco.<\/p>\n<p>A guarni\u00e7\u00e3o foi acionada e ap\u00f3s rastreamentos, localizou o menor infrator e o mesmo relatou que os materiais estavam escondidos em um quintal no local. Os policiais recuperaram a c\u00e2mera fotogr\u00e1fica e prendeu o adolescente. O outro suspeito n\u00e3o foi localizado, bem como o celular roubado.<\/p>\n","protected":false},"excerpt":{"rendered":"<p>Um adolescente de 15 anos, foi preso pela Pol\u00edcia Militar (PM), por envolvimento em roubo ocorrido na Regi\u00e3o Sul, na noite de quarta-feira (2) em Juiz de Fora. O menor infrator estava acompanhado de um homem de 35 anos e ambos, com posse de faca e trajando m\u00e1scaras de prote\u00e7\u00e3o, assaltaram dois jovens de 22 [&hellip;]<\/p>\n","protected":false},"author":96,"featured_media":168199,"comment_status":"closed","ping_status":"closed","sticky":false,"template":"","format":"standard","meta":{"footnotes":""},"categories":[301,436,439],"tags":[],"class_list":["post-168198","post","type-post","status-publish","format-standard","has-post-thumbnail","hentry","category-artigos-policiais","category-destaque-da-semana","category-ultima-hora"],"_links":{"self":[{"href":"https:\/\/diarioregionaldigital.com.br\/index.php?rest_route=\/wp\/v2\/posts\/168198","targetHints":{"allow":["GET"]}}],"collection":[{"href":"https:\/\/diarioregionaldigital.com.br\/index.php?rest_route=\/wp\/v2\/posts"}],"about":[{"href":"https:\/\/diarioregionaldigital.com.br\/index.php?rest_route=\/wp\/v2\/types\/post"}],"author":[{"embeddable":true,"href":"https:\/\/diarioregionaldigital.com.br\/index.php?rest_route=\/wp\/v2\/users\/96"}],"replies":[{"embeddable":true,"href":"https:\/\/diarioregionaldigital.com.br\/index.php?rest_route=%2Fwp%2Fv2%2Fcomments&post=168198"}],"version-history":[{"count":0,"href":"https:\/\/diarioregionaldigital.com.br\/index.php?rest_route=\/wp\/v2\/posts\/168198\/revisions"}],"wp:featuredmedia":[{"embeddable":true,"href":"https:\/\/diarioregionaldigital.com.br\/index.php?rest_route=\/wp\/v2\/media\/168199"}],"wp:attachment":[{"href":"https:\/\/diarioregionaldigital.com.br\/index.php?rest_route=%2Fwp%2Fv2%2Fmedia&parent=168198"}],"wp:term":[{"taxonomy":"category","embeddable":true,"href":"https:\/\/diarioregionaldigital.com.br\/index.php?rest_route=%2Fwp%2Fv2%2Fcategories&post=168198"},{"taxonomy":"post_tag","embeddable":true,"href":"https:\/\/diarioregionaldigital.com.br\/index.php?rest_route=%2Fwp%2Fv2%2Ftags&post=168198"}],"curies":[{"name":"wp","href":"https:\/\/api.w.org\/{rel}","templated":true}]}}