{"id":168195,"date":"2020-09-03T13:34:05","date_gmt":"2020-09-03T16:34:05","guid":{"rendered":"https:\/\/diarioregionaldigital.com.br\/?p=168195"},"modified":"2020-09-03T13:34:24","modified_gmt":"2020-09-03T16:34:24","slug":"homem-e-assaltado-no-esplanada","status":"publish","type":"post","link":"https:\/\/diarioregionaldigital.com.br\/?p=168195","title":{"rendered":"Homem \u00e9 assaltado no Bairro Esplanada"},"content":{"rendered":"<p>Na tarde de quarta-feira (2), um homem de 30 anos transitava em uma passarela no Bairro Esplanada (Regi\u00e3o Norte), quando foi abordado por dois indiv\u00edduos armados com faca e os mesmos anunciaram o roubo. Ao todo os suspeitos levaram uma carteira contendo documentos pessoais da v\u00edtima e a quantia de R$430,00 em dinheiro, bem como um telefone celular. Ap\u00f3s o ato, os indiv\u00edduos fugiram de bicicleta, tomando rumo ignorado. Os policiais realizaram rastreamento e abordaram diversos autores, entretanto nenhum deles foi reconhecido pela v\u00edtima.<\/p>\n<p>&nbsp;<\/p>\n","protected":false},"excerpt":{"rendered":"<p>Na tarde de quarta-feira (2), um homem de 30 anos transitava em uma passarela no Bairro Esplanada (Regi\u00e3o Norte), quando foi abordado por dois indiv\u00edduos armados com faca e os mesmos anunciaram o roubo. Ao todo os suspeitos levaram uma carteira contendo documentos pessoais da v\u00edtima e a quantia de R$430,00 em dinheiro, bem como [&hellip;]<\/p>\n","protected":false},"author":96,"featured_media":165308,"comment_status":"closed","ping_status":"closed","sticky":false,"template":"","format":"standard","meta":{"footnotes":""},"categories":[301,436,439],"tags":[],"class_list":["post-168195","post","type-post","status-publish","format-standard","has-post-thumbnail","hentry","category-artigos-policiais","category-destaque-da-semana","category-ultima-hora"],"_links":{"self":[{"href":"https:\/\/diarioregionaldigital.com.br\/index.php?rest_route=\/wp\/v2\/posts\/168195","targetHints":{"allow":["GET"]}}],"collection":[{"href":"https:\/\/diarioregionaldigital.com.br\/index.php?rest_route=\/wp\/v2\/posts"}],"about":[{"href":"https:\/\/diarioregionaldigital.com.br\/index.php?rest_route=\/wp\/v2\/types\/post"}],"author":[{"embeddable":true,"href":"https:\/\/diarioregionaldigital.com.br\/index.php?rest_route=\/wp\/v2\/users\/96"}],"replies":[{"embeddable":true,"href":"https:\/\/diarioregionaldigital.com.br\/index.php?rest_route=%2Fwp%2Fv2%2Fcomments&post=168195"}],"version-history":[{"count":0,"href":"https:\/\/diarioregionaldigital.com.br\/index.php?rest_route=\/wp\/v2\/posts\/168195\/revisions"}],"wp:featuredmedia":[{"embeddable":true,"href":"https:\/\/diarioregionaldigital.com.br\/index.php?rest_route=\/wp\/v2\/media\/165308"}],"wp:attachment":[{"href":"https:\/\/diarioregionaldigital.com.br\/index.php?rest_route=%2Fwp%2Fv2%2Fmedia&parent=168195"}],"wp:term":[{"taxonomy":"category","embeddable":true,"href":"https:\/\/diarioregionaldigital.com.br\/index.php?rest_route=%2Fwp%2Fv2%2Fcategories&post=168195"},{"taxonomy":"post_tag","embeddable":true,"href":"https:\/\/diarioregionaldigital.com.br\/index.php?rest_route=%2Fwp%2Fv2%2Ftags&post=168195"}],"curies":[{"name":"wp","href":"https:\/\/api.w.org\/{rel}","templated":true}]}}