{"id":168189,"date":"2020-09-03T11:02:45","date_gmt":"2020-09-03T14:02:45","guid":{"rendered":"https:\/\/diarioregionaldigital.com.br\/?p=168189"},"modified":"2020-09-03T11:02:45","modified_gmt":"2020-09-03T14:02:45","slug":"governo-de-minas-anuncia-escala-de-pagamento-dos-servidores-3","status":"publish","type":"post","link":"https:\/\/diarioregionaldigital.com.br\/?p=168189","title":{"rendered":"Governo de Minas anuncia escala de pagamento dos servidores"},"content":{"rendered":"<p>O\u00a0Governo de Minas anunciou, na quarta-feira (2), a escala de pagamento do sal\u00e1rio dos servidores estaduais referente ao m\u00eas de agosto. As \u00e1reas de Sa\u00fade e Seguran\u00e7a, que atuam na linha de frente do combate \u00e0 covid-19, receber\u00e3o o sal\u00e1rio integral no dia 11\/9. Na mesma data, ser\u00e1 depositada a primeira parcela, no valor de R$ 2 mil, das demais categorias do funcionalismo.<\/p>\n<p>O pagamento da segunda parcela ser\u00e1 realizado no dia 22\/9. Os recursos para quita\u00e7\u00e3o dos sal\u00e1rios s\u00e3o oriundos do repasse emergencial da Uni\u00e3o a estados e munic\u00edpios, para compensar as perdas de arrecada\u00e7\u00e3o e os gastos extras decorrentes da pandemia do coronav\u00edrus.<\/p>\n<p><strong>Fonte:\u00a0<\/strong>Ag\u00eancia Minas<\/p>\n","protected":false},"excerpt":{"rendered":"<p>O\u00a0Governo de Minas anunciou, na quarta-feira (2), a escala de pagamento do sal\u00e1rio dos servidores estaduais referente ao m\u00eas de agosto. As \u00e1reas de Sa\u00fade e Seguran\u00e7a, que atuam na linha de frente do combate \u00e0 covid-19, receber\u00e3o o sal\u00e1rio integral no dia 11\/9. Na mesma data, ser\u00e1 depositada a primeira parcela, no valor de [&hellip;]<\/p>\n","protected":false},"author":96,"featured_media":168190,"comment_status":"closed","ping_status":"closed","sticky":false,"template":"","format":"standard","meta":{"footnotes":""},"categories":[436,261,439],"tags":[],"class_list":["post-168189","post","type-post","status-publish","format-standard","has-post-thumbnail","hentry","category-destaque-da-semana","category-economia","category-ultima-hora"],"_links":{"self":[{"href":"https:\/\/diarioregionaldigital.com.br\/index.php?rest_route=\/wp\/v2\/posts\/168189","targetHints":{"allow":["GET"]}}],"collection":[{"href":"https:\/\/diarioregionaldigital.com.br\/index.php?rest_route=\/wp\/v2\/posts"}],"about":[{"href":"https:\/\/diarioregionaldigital.com.br\/index.php?rest_route=\/wp\/v2\/types\/post"}],"author":[{"embeddable":true,"href":"https:\/\/diarioregionaldigital.com.br\/index.php?rest_route=\/wp\/v2\/users\/96"}],"replies":[{"embeddable":true,"href":"https:\/\/diarioregionaldigital.com.br\/index.php?rest_route=%2Fwp%2Fv2%2Fcomments&post=168189"}],"version-history":[{"count":0,"href":"https:\/\/diarioregionaldigital.com.br\/index.php?rest_route=\/wp\/v2\/posts\/168189\/revisions"}],"wp:featuredmedia":[{"embeddable":true,"href":"https:\/\/diarioregionaldigital.com.br\/index.php?rest_route=\/wp\/v2\/media\/168190"}],"wp:attachment":[{"href":"https:\/\/diarioregionaldigital.com.br\/index.php?rest_route=%2Fwp%2Fv2%2Fmedia&parent=168189"}],"wp:term":[{"taxonomy":"category","embeddable":true,"href":"https:\/\/diarioregionaldigital.com.br\/index.php?rest_route=%2Fwp%2Fv2%2Fcategories&post=168189"},{"taxonomy":"post_tag","embeddable":true,"href":"https:\/\/diarioregionaldigital.com.br\/index.php?rest_route=%2Fwp%2Fv2%2Ftags&post=168189"}],"curies":[{"name":"wp","href":"https:\/\/api.w.org\/{rel}","templated":true}]}}