{"id":168186,"date":"2020-09-03T10:58:28","date_gmt":"2020-09-03T13:58:28","guid":{"rendered":"https:\/\/diarioregionaldigital.com.br\/?p=168186"},"modified":"2020-09-03T10:58:28","modified_gmt":"2020-09-03T13:58:28","slug":"confaz-aprova-isencao-de-icms-de-itens-de-protecao-para-eleicoes","status":"publish","type":"post","link":"https:\/\/diarioregionaldigital.com.br\/?p=168186","title":{"rendered":"Confaz aprova isen\u00e7\u00e3o de ICMS de itens de prote\u00e7\u00e3o para elei\u00e7\u00f5es"},"content":{"rendered":"<p><span style=\"font-weight: 400;\">O Conselho Nacional de Pol\u00edtica Fazend\u00e1ria (Confaz) aprovou na quarta-feira (2), em reuni\u00e3o extraordin\u00e1ria, a isen\u00e7\u00e3o de incid\u00eancia do Imposto sobre Circula\u00e7\u00e3o de Mercadorias e Servi\u00e7os (ICMS) nas doa\u00e7\u00f5es de itens de prote\u00e7\u00e3o para as elei\u00e7\u00f5es municipais deste ano, marcadas para novembro. <\/span><\/p>\n<p><span style=\"font-weight: 400;\">A decis\u00e3o foi aprovada por unanimidade, ou seja, com o aval de todos os secret\u00e1rios de Fazenda das 27 unidades da Federa\u00e7\u00e3o, formando uma parceria do Confaz com o Tribunal Superior Eleitoral (TSE) para a realiza\u00e7\u00e3o das elei\u00e7\u00f5es em m\u00e1xima condi\u00e7\u00e3o de seguran\u00e7a para eleitores, mes\u00e1rios e demais equipes envolvidas.<\/span><\/p>\n<p><span style=\"font-weight: 400;\">\u201c\u00c9 uma importante contribui\u00e7\u00e3o do Minist\u00e9rio da Economia, por meio do Confaz, para o exerc\u00edcio da democracia nas elei\u00e7\u00f5es municipais de novembro\u201d, disse o secret\u00e1rio especial de Fazenda do Minist\u00e9rio da Economia, Waldery Rodrigues, que presidiu a reuni\u00e3o do Conselho. \u201cA medida vai refor\u00e7ar o esfor\u00e7o para\u00a0 garantir a seguran\u00e7a e a sa\u00fade de mes\u00e1rios e eleitores nas elei\u00e7\u00f5es municipais de 2020\u201d, destacou.<\/span><\/p>\n<p><span style=\"font-weight: 400;\">A isen\u00e7\u00e3o de ICMS vai abranger itens como \u00e1lcool em gel, m\u00e1scaras de prote\u00e7\u00e3o, protetores faciais e propilenoglicol, entre outros.Tamb\u00e9m envolve produtos e servi\u00e7os necess\u00e1rios para prevenir o cont\u00e1gio pelo novo coronav\u00edrus nos locais de vota\u00e7\u00e3o.\u00a0<\/span><\/p>\n<p><b>Regras<\/b><\/p>\n<p><span style=\"font-weight: 400;\">Para regulamentar a decis\u00e3o, o Confaz publicar\u00e1 no <\/span><i><span style=\"font-weight: 400;\">Di\u00e1rio Oficial da Uni\u00e3o<\/span><\/i><span style=\"font-weight: 400;\"> desta quinta-feira (3) o conv\u00eanio ICMS n\u00ba 81\/2020. Com base nessa norma, caber\u00e1 aos estados e ao Distrito Federal propor suas respectivas regras para estabelecer definitivamente a isen\u00e7\u00e3o nessas doa\u00e7\u00f5es de material para as pr\u00f3ximas elei\u00e7\u00f5es municipais.<\/span><\/p>\n<p><span style=\"font-weight: 400;\">O TSE vai regulamentar o recebimento dos itens, mas as doa\u00e7\u00f5es que j\u00e1 foram aceitas pelo tribunal, antes mesmo da isen\u00e7\u00e3o de ICMS estabelecida pelo Confaz, est\u00e3o sendo encaminhadas diretamente aos Tribunais Regionais Eleitorais (TREs).<\/span><\/p>\n<p><b>Decis\u00f5es<\/b><\/p>\n<p><span style=\"font-weight: 400;\">A isen\u00e7\u00e3o de ICMS para itens doados para as elei\u00e7\u00f5es de novembro foi apenas um dos itens decididos na reuni\u00e3o extraordin\u00e1ria do Confaz desta quarta-feira, em Bras\u00edlia.<\/span><\/p>\n<p><span style=\"font-weight: 400;\">Foram aprovadas 27 propostas de conv\u00eanio, entre elas, a proposta de Refis (Programa de Recupera\u00e7\u00e3o Fiscal) para o per\u00edodo em que vigorar o estado de calamidade p\u00fablica (o decreto legislativo n\u00famero 6\/2020, de mar\u00e7o, reconhece o estado de calamidade p\u00fablica com efeitos at\u00e9 31 de dezembro deste ano, nos termos da solicita\u00e7\u00e3o do Presidente da Rep\u00fablica encaminhada por meio da Mensagem n\u00ba 93, de 18 de mar\u00e7o de 2020).<\/span><\/p>\n<p><strong>Fonte:<\/strong> Ag\u00eancia Brasil<\/p>\n","protected":false},"excerpt":{"rendered":"<p>O Conselho Nacional de Pol\u00edtica Fazend\u00e1ria (Confaz) aprovou na quarta-feira (2), em reuni\u00e3o extraordin\u00e1ria, a isen\u00e7\u00e3o de incid\u00eancia do Imposto sobre Circula\u00e7\u00e3o de Mercadorias e Servi\u00e7os (ICMS) nas doa\u00e7\u00f5es de itens de prote\u00e7\u00e3o para as elei\u00e7\u00f5es municipais deste ano, marcadas para novembro. A decis\u00e3o foi aprovada por unanimidade, ou seja, com o aval de todos [&hellip;]<\/p>\n","protected":false},"author":96,"featured_media":168187,"comment_status":"closed","ping_status":"closed","sticky":false,"template":"","format":"standard","meta":{"footnotes":""},"categories":[436,261,439],"tags":[],"class_list":["post-168186","post","type-post","status-publish","format-standard","has-post-thumbnail","hentry","category-destaque-da-semana","category-economia","category-ultima-hora"],"_links":{"self":[{"href":"https:\/\/diarioregionaldigital.com.br\/index.php?rest_route=\/wp\/v2\/posts\/168186","targetHints":{"allow":["GET"]}}],"collection":[{"href":"https:\/\/diarioregionaldigital.com.br\/index.php?rest_route=\/wp\/v2\/posts"}],"about":[{"href":"https:\/\/diarioregionaldigital.com.br\/index.php?rest_route=\/wp\/v2\/types\/post"}],"author":[{"embeddable":true,"href":"https:\/\/diarioregionaldigital.com.br\/index.php?rest_route=\/wp\/v2\/users\/96"}],"replies":[{"embeddable":true,"href":"https:\/\/diarioregionaldigital.com.br\/index.php?rest_route=%2Fwp%2Fv2%2Fcomments&post=168186"}],"version-history":[{"count":0,"href":"https:\/\/diarioregionaldigital.com.br\/index.php?rest_route=\/wp\/v2\/posts\/168186\/revisions"}],"wp:featuredmedia":[{"embeddable":true,"href":"https:\/\/diarioregionaldigital.com.br\/index.php?rest_route=\/wp\/v2\/media\/168187"}],"wp:attachment":[{"href":"https:\/\/diarioregionaldigital.com.br\/index.php?rest_route=%2Fwp%2Fv2%2Fmedia&parent=168186"}],"wp:term":[{"taxonomy":"category","embeddable":true,"href":"https:\/\/diarioregionaldigital.com.br\/index.php?rest_route=%2Fwp%2Fv2%2Fcategories&post=168186"},{"taxonomy":"post_tag","embeddable":true,"href":"https:\/\/diarioregionaldigital.com.br\/index.php?rest_route=%2Fwp%2Fv2%2Ftags&post=168186"}],"curies":[{"name":"wp","href":"https:\/\/api.w.org\/{rel}","templated":true}]}}