{"id":168183,"date":"2020-09-03T10:53:46","date_gmt":"2020-09-03T13:53:46","guid":{"rendered":"https:\/\/diarioregionaldigital.com.br\/?p=168183"},"modified":"2020-09-03T10:53:46","modified_gmt":"2020-09-03T13:53:46","slug":"mp-abre-credito-de-r-676-bilhoes-para-novas-parcelas-do-auxilio-emergencial","status":"publish","type":"post","link":"https:\/\/diarioregionaldigital.com.br\/?p=168183","title":{"rendered":"MP abre cr\u00e9dito de R$ 67,6 bilh\u00f5es para novas parcelas do aux\u00edlio emergencial"},"content":{"rendered":"<p><span style=\"font-weight: 400;\">O presidente da Rep\u00fablica, Jair Bolsonaro, editou uma medida provis\u00f3ria (MP 999\/2020) que abre cr\u00e9dito de R$ 67,6 bilh\u00f5es para o Minist\u00e9rio da Cidadania. De acordo com a medida, o valor vai servir para o pagamento de novas parcelas do aux\u00edlio emergencial criado para o enfrentamento da crise econ\u00f4mica causada pelas medidas de enfrentamento \u00e0 pandemia de covid-19. O texto foi publicado no <\/span><i><span style=\"font-weight: 400;\">Di\u00e1rio Oficial da Uni\u00e3o<\/span><\/i><span style=\"font-weight: 400;\"> desta quinta-feira (3).<\/span><\/p>\n<p><span style=\"font-weight: 400;\">O presidente Jair Bolsonaro anunciou, na ter\u00e7a-feira (1\u00ba), que o aux\u00edlio emergencial vai ser prorrogado por mais quatro meses, em parcelas de R$ 300. Inicialmente, o benef\u00edcio, aprovado pelo Congresso Nacional, come\u00e7ou a ser pago em abril, com previs\u00e3o de tr\u00eas parcelas de R$ 600. Em junho, por decreto, o governo prorrogou o aux\u00edlio por mais duas parcelas, no mesmo valor, e, agora, por mais quatro parcelas, em valor menor. Assim o benef\u00edcio vai se estender at\u00e9 o final do ano, quando se encerra o prazo do estado de calamidade p\u00fablica fixado por decreto legislativo (Decreto Legislativo 6, de 2020).<\/span><\/p>\n<p><span style=\"font-weight: 400;\">A medida provis\u00f3ria passa a valer imediatamente ap\u00f3s a publica\u00e7\u00e3o e tem validade de 60 dias, podendo ser prorrogada uma vez pelo presidente do Congresso, por at\u00e9 60 dias. Nesse per\u00edodo, cabe a deputados e senadores avaliar o texto e, em caso de aprova\u00e7\u00e3o, transform\u00e1-lo definitivamente em lei. No caso da MP 999\/2020, mesmo antes de ser analisada pelo Congresso, ela poder\u00e1 surtir todos os efeitos a que se prop\u00f5e, j\u00e1 que os 120 dias de validade vencem apenas no final de dezembro.<\/span><\/p>\n<p><strong>Fonte:<\/strong> Ag\u00eancia Senado<\/p>\n","protected":false},"excerpt":{"rendered":"<p>O presidente da Rep\u00fablica, Jair Bolsonaro, editou uma medida provis\u00f3ria (MP 999\/2020) que abre cr\u00e9dito de R$ 67,6 bilh\u00f5es para o Minist\u00e9rio da Cidadania. De acordo com a medida, o valor vai servir para o pagamento de novas parcelas do aux\u00edlio emergencial criado para o enfrentamento da crise econ\u00f4mica causada pelas medidas de enfrentamento \u00e0 [&hellip;]<\/p>\n","protected":false},"author":96,"featured_media":168184,"comment_status":"closed","ping_status":"closed","sticky":false,"template":"","format":"standard","meta":{"footnotes":""},"categories":[436,261,439],"tags":[],"class_list":["post-168183","post","type-post","status-publish","format-standard","has-post-thumbnail","hentry","category-destaque-da-semana","category-economia","category-ultima-hora"],"_links":{"self":[{"href":"https:\/\/diarioregionaldigital.com.br\/index.php?rest_route=\/wp\/v2\/posts\/168183","targetHints":{"allow":["GET"]}}],"collection":[{"href":"https:\/\/diarioregionaldigital.com.br\/index.php?rest_route=\/wp\/v2\/posts"}],"about":[{"href":"https:\/\/diarioregionaldigital.com.br\/index.php?rest_route=\/wp\/v2\/types\/post"}],"author":[{"embeddable":true,"href":"https:\/\/diarioregionaldigital.com.br\/index.php?rest_route=\/wp\/v2\/users\/96"}],"replies":[{"embeddable":true,"href":"https:\/\/diarioregionaldigital.com.br\/index.php?rest_route=%2Fwp%2Fv2%2Fcomments&post=168183"}],"version-history":[{"count":0,"href":"https:\/\/diarioregionaldigital.com.br\/index.php?rest_route=\/wp\/v2\/posts\/168183\/revisions"}],"wp:featuredmedia":[{"embeddable":true,"href":"https:\/\/diarioregionaldigital.com.br\/index.php?rest_route=\/wp\/v2\/media\/168184"}],"wp:attachment":[{"href":"https:\/\/diarioregionaldigital.com.br\/index.php?rest_route=%2Fwp%2Fv2%2Fmedia&parent=168183"}],"wp:term":[{"taxonomy":"category","embeddable":true,"href":"https:\/\/diarioregionaldigital.com.br\/index.php?rest_route=%2Fwp%2Fv2%2Fcategories&post=168183"},{"taxonomy":"post_tag","embeddable":true,"href":"https:\/\/diarioregionaldigital.com.br\/index.php?rest_route=%2Fwp%2Fv2%2Ftags&post=168183"}],"curies":[{"name":"wp","href":"https:\/\/api.w.org\/{rel}","templated":true}]}}