{"id":168180,"date":"2020-09-03T10:49:10","date_gmt":"2020-09-03T13:49:10","guid":{"rendered":"https:\/\/diarioregionaldigital.com.br\/?p=168180"},"modified":"2020-09-03T10:49:10","modified_gmt":"2020-09-03T13:49:10","slug":"projeto-revoga-portaria-que-retirou-covid-19-da-lista-de-doencas-do-trabalho","status":"publish","type":"post","link":"https:\/\/diarioregionaldigital.com.br\/?p=168180","title":{"rendered":"Projeto revoga portaria que retirou Covid-19 da lista de doen\u00e7as do trabalho"},"content":{"rendered":"<p><span style=\"font-weight: 400;\">O Projeto de Decreto Legislativo 388\/20 susta portaria do Minist\u00e9rio da Sa\u00fade (2.345\/20) que retirou a Covid-19 da Lista de Doen\u00e7as Relacionadas ao Trabalho (LDRT).<\/span><\/p>\n<p><span style=\"font-weight: 400;\">A Portaria 2.345 foi publicada nesta quarta-feira (2), um dia depois da publica\u00e7\u00e3o da Portaria 2.309, que havia inclu\u00eddo a doen\u00e7a causada pelo novo coronav\u00edrus na lista.<\/span><\/p>\n<p><span style=\"font-weight: 400;\">\u201cA portaria que ora questiono acarreta graves e irrevers\u00edveis danos a milh\u00f5es de trabalhadores e suas fam\u00edlias afetadas pela Covid-19, raz\u00e3o pela qual seus efeitos devem ser imediatamente cassados pelo Congresso Nacional\u201d, defende o deputado Alexandre Padilha (PT-SP).<\/span><\/p>\n<p><span style=\"font-weight: 400;\">Ele acrescentou que a atualiza\u00e7\u00e3o peri\u00f3dica da lista oficial de doen\u00e7as relacionadas ao trabalho cumpre determina\u00e7\u00e3o da Lei Org\u00e2nica da Sa\u00fade.<\/span><\/p>\n<p><b>Decis\u00e3o do STF<\/b><\/p>\n<p><span style=\"font-weight: 400;\">No m\u00eas passado, o Supremo Tribunal Federal reconheceu que a contamina\u00e7\u00e3o pela Covid-19 em ambiente de trabalho configura doen\u00e7a ocupacional, podendo ser considerada acidente de trabalho.<\/span><\/p>\n<p><span style=\"font-weight: 400;\">Na pr\u00e1tica, o entendimento possibilita que esses empregados tenham acesso a benef\u00edcios por meio do Instituto Nacional de Seguridade Social (INSS). Mas o empregado precisa passar por per\u00edcia no INSS e comprovar que adquiriu a doen\u00e7a no trabalho.<\/span><\/p>\n<p><span style=\"font-weight: 400;\">A inclus\u00e3o da Covid-19 na LDRT facilitaria o acesso do empregado a benef\u00edcios como aux\u00edlio-doen\u00e7a, sem necessidade de prova. Caberia \u00e0 empresa provar que o funcion\u00e1rio n\u00e3o contraiu a doen\u00e7a no ambiente de trabalho.<\/span><\/p>\n<p><strong>Fonte:<\/strong> Ag\u00eancia C\u00e2mara<\/p>\n","protected":false},"excerpt":{"rendered":"<p>O Projeto de Decreto Legislativo 388\/20 susta portaria do Minist\u00e9rio da Sa\u00fade (2.345\/20) que retirou a Covid-19 da Lista de Doen\u00e7as Relacionadas ao Trabalho (LDRT). A Portaria 2.345 foi publicada nesta quarta-feira (2), um dia depois da publica\u00e7\u00e3o da Portaria 2.309, que havia inclu\u00eddo a doen\u00e7a causada pelo novo coronav\u00edrus na lista. \u201cA portaria que [&hellip;]<\/p>\n","protected":false},"author":96,"featured_media":168181,"comment_status":"closed","ping_status":"closed","sticky":false,"template":"","format":"standard","meta":{"footnotes":""},"categories":[436,254,439],"tags":[],"class_list":["post-168180","post","type-post","status-publish","format-standard","has-post-thumbnail","hentry","category-destaque-da-semana","category-politica","category-ultima-hora"],"_links":{"self":[{"href":"https:\/\/diarioregionaldigital.com.br\/index.php?rest_route=\/wp\/v2\/posts\/168180","targetHints":{"allow":["GET"]}}],"collection":[{"href":"https:\/\/diarioregionaldigital.com.br\/index.php?rest_route=\/wp\/v2\/posts"}],"about":[{"href":"https:\/\/diarioregionaldigital.com.br\/index.php?rest_route=\/wp\/v2\/types\/post"}],"author":[{"embeddable":true,"href":"https:\/\/diarioregionaldigital.com.br\/index.php?rest_route=\/wp\/v2\/users\/96"}],"replies":[{"embeddable":true,"href":"https:\/\/diarioregionaldigital.com.br\/index.php?rest_route=%2Fwp%2Fv2%2Fcomments&post=168180"}],"version-history":[{"count":0,"href":"https:\/\/diarioregionaldigital.com.br\/index.php?rest_route=\/wp\/v2\/posts\/168180\/revisions"}],"wp:featuredmedia":[{"embeddable":true,"href":"https:\/\/diarioregionaldigital.com.br\/index.php?rest_route=\/wp\/v2\/media\/168181"}],"wp:attachment":[{"href":"https:\/\/diarioregionaldigital.com.br\/index.php?rest_route=%2Fwp%2Fv2%2Fmedia&parent=168180"}],"wp:term":[{"taxonomy":"category","embeddable":true,"href":"https:\/\/diarioregionaldigital.com.br\/index.php?rest_route=%2Fwp%2Fv2%2Fcategories&post=168180"},{"taxonomy":"post_tag","embeddable":true,"href":"https:\/\/diarioregionaldigital.com.br\/index.php?rest_route=%2Fwp%2Fv2%2Ftags&post=168180"}],"curies":[{"name":"wp","href":"https:\/\/api.w.org\/{rel}","templated":true}]}}