{"id":168177,"date":"2020-09-03T10:39:33","date_gmt":"2020-09-03T13:39:33","guid":{"rendered":"https:\/\/diarioregionaldigital.com.br\/?p=168177"},"modified":"2020-09-03T10:39:33","modified_gmt":"2020-09-03T13:39:33","slug":"macrorregiao-norte-e-16-microrregioes-avancam-para-onda-verde-do-minas-consciente-noroeste-regride-para-vermelha","status":"publish","type":"post","link":"https:\/\/diarioregionaldigital.com.br\/?p=168177","title":{"rendered":"Macrorregi\u00e3o Norte e 16 microrregi\u00f5es avan\u00e7am para onda verde do Minas Consciente; Noroeste regride para vermelha"},"content":{"rendered":"<p><span style=\"font-weight: 400;\">A macrorregi\u00e3o de Sa\u00fade Norte e 16 microrregi\u00f5es no estado poder\u00e3o avan\u00e7ar para a onda verde do plano Minas Consciente, criado pelo Governo de Minas para garantir a retomada segura e respons\u00e1vel da economia nos munic\u00edpios. O avan\u00e7o foi definido na quarta-feira (2) pelo Comit\u00ea Extraordin\u00e1rio Covid-19, ap\u00f3s as localidades manterem bons \u00edndices durante 28 dias em que estavam na onda amarela.<\/span><\/p>\n<p><span style=\"font-weight: 400;\">Essa ser\u00e1 a primeira vez que uma regi\u00e3o chega ao \u00faltimo n\u00edvel do plano, quando j\u00e1 \u00e9 permitida a volta de atividades como cinemas, zool\u00f3gicos, casas de festas, parques de divers\u00e3o e shows. A abertura dos estabelecimentos deve respeitar os protocolos de seguran\u00e7a e o decreto estadual que restringe a lota\u00e7\u00e3o m\u00e1xima de at\u00e9 30 pessoas por ambiente.<\/span><\/p>\n<p><b>Avan\u00e7o criterioso<\/b><\/p>\n<p><span style=\"font-weight: 400;\">Romeu Zema destacou que o grupo foi criterioso para permitir o avan\u00e7o e que a sa\u00fade dos mineiros continua sendo prioridade em todas as decis\u00f5es.<\/span><\/p>\n<p><span style=\"font-weight: 400;\">\u201cEstamos muito satisfeitos porque, pela primeira vez, uma macrorregi\u00e3o vai ser inclu\u00edda na onda verde, que j\u00e1 permite o retorno de quase todas as atividades, desde que seguidos os protocolos de seguran\u00e7a. Vale lembrar que, para dar esse passo, \u00e9 necess\u00e1rio que a regi\u00e3o esteja em uma situa\u00e7\u00e3o segura, com casos sob controle h\u00e1 pelo menos quatro semanas. E a regi\u00e3o Norte cumpriu esse requisito\u201d, disse.<\/span><\/p>\n<p><span style=\"font-weight: 400;\">As mudan\u00e7as definidas pelo Comit\u00ea passam a valer neste s\u00e1bado (5\/9), ap\u00f3s a publica\u00e7\u00e3o no Di\u00e1rio Oficial.<\/span><\/p>\n<p><b>Cautela<\/b><\/p>\n<p>&nbsp;<\/p>\n<p><span style=\"font-weight: 400;\">Ao contr\u00e1rio da macrorregi\u00e3o Norte, que apresentou bons \u00edndices e um contexto seguro para avan\u00e7o no plano, a macrorregi\u00e3o Noroeste teve aumento no n\u00famero de casos e piora nos indicadores. Para manter a doen\u00e7a sob controle, o Comit\u00ea Extraordin\u00e1rio Covid-19 optou pela regress\u00e3o da Noroeste para a onda vermelha, com abertura somente de servi\u00e7os essenciais. Todas as outras macrorregi\u00f5es do estado foram mantidas nas ondas definidas anteriormente.<\/span><\/p>\n<p><span style=\"font-weight: 400;\">O governador Romeu Zema lembrou que a pandemia ainda n\u00e3o acabou e os cuidados de seguran\u00e7a devem ser mantidos em todas as regi\u00f5es mineiras.<\/span><\/p>\n<p><span style=\"font-weight: 400;\">&#8220;Na regi\u00e3o Noroeste, por exemplo, tivemos aumento no n\u00famero de casos e, muito provavelmente, algumas cidades ter\u00e3o de adotar medidas de isolamento, porque o n\u00famero de leitos ficou pr\u00f3ximo da capacidade. Todo cuidado ainda se faz necess\u00e1rio. N\u00e3o podemos relaxar, o v\u00edrus continua presente e fazendo v\u00edtimas. Continuem usando m\u00e1scaras, adotando medidas de distanciamento e higieniza\u00e7\u00e3o. Minas tem hoje a menor taxa de \u00f3bitos por 100 mil habitantes do Brasil e \u00e9 a nossa contribui\u00e7\u00e3o que tem feito a diferen\u00e7a\u201d, afirmou.<\/span><\/p>\n<p><b>P\u00f3s-gradua\u00e7\u00e3o<\/b><\/p>\n<p><span style=\"font-weight: 400;\">A partir deste s\u00e1bado (5), os cursos de p\u00f3s-gradua\u00e7\u00e3o <\/span><i><span style=\"font-weight: 400;\">Stricto sensu<\/span><\/i><span style=\"font-weight: 400;\"> (mestrado e doutorado) e <\/span><i><span style=\"font-weight: 400;\">Lato sensu <\/span><\/i><span style=\"font-weight: 400;\">(especializa\u00e7\u00e3o) est\u00e3o autorizados a retomarem as atividades na onda amarela do plano Minas Consciente. A decis\u00e3o foi tomada pelo Grupo Executivo Covid-19 na \u00faltima ter\u00e7a-feira (1). Foram observados a capacidade de adapta\u00e7\u00e3o do setor, al\u00e9m de uma tend\u00eancia a pouca aglomera\u00e7\u00e3o e \u00e0 natureza espor\u00e1dica das aulas presenciais.<\/span><\/p>\n<p><b>Munic\u00edpios<\/b><\/p>\n<p><span style=\"font-weight: 400;\">At\u00e9 o momento, mais de 70% dos munic\u00edpios mineiros (600) aderiram ao plano Minas Consciente, impactando cerca de 14 milh\u00f5es de pessoas. Entre as 732 cidades com menos de 30 mil habitantes, 445 apresentaram menos de 50 casos por 100 mil habitantes nos \u00faltimos 14 dias. Assim, elas est\u00e3o autorizadas a avan\u00e7ar automaticamente para a onda amarela do plano, independentemente da situa\u00e7\u00e3o das macro ou microrregi\u00f5es nas quais est\u00e3o inseridas.<\/span><\/p>\n<p><strong>Fonte:\u00a0<\/strong>Ag\u00eancia Minas<\/p>\n","protected":false},"excerpt":{"rendered":"<p>A macrorregi\u00e3o de Sa\u00fade Norte e 16 microrregi\u00f5es no estado poder\u00e3o avan\u00e7ar para a onda verde do plano Minas Consciente, criado pelo Governo de Minas para garantir a retomada segura e respons\u00e1vel da economia nos munic\u00edpios. O avan\u00e7o foi definido na quarta-feira (2) pelo Comit\u00ea Extraordin\u00e1rio Covid-19, ap\u00f3s as localidades manterem bons \u00edndices durante 28 [&hellip;]<\/p>\n","protected":false},"author":96,"featured_media":168178,"comment_status":"closed","ping_status":"closed","sticky":false,"template":"","format":"standard","meta":{"footnotes":""},"categories":[436,440,254,439],"tags":[],"class_list":["post-168177","post","type-post","status-publish","format-standard","has-post-thumbnail","hentry","category-destaque-da-semana","category-destaques-do-dia","category-politica","category-ultima-hora"],"_links":{"self":[{"href":"https:\/\/diarioregionaldigital.com.br\/index.php?rest_route=\/wp\/v2\/posts\/168177","targetHints":{"allow":["GET"]}}],"collection":[{"href":"https:\/\/diarioregionaldigital.com.br\/index.php?rest_route=\/wp\/v2\/posts"}],"about":[{"href":"https:\/\/diarioregionaldigital.com.br\/index.php?rest_route=\/wp\/v2\/types\/post"}],"author":[{"embeddable":true,"href":"https:\/\/diarioregionaldigital.com.br\/index.php?rest_route=\/wp\/v2\/users\/96"}],"replies":[{"embeddable":true,"href":"https:\/\/diarioregionaldigital.com.br\/index.php?rest_route=%2Fwp%2Fv2%2Fcomments&post=168177"}],"version-history":[{"count":0,"href":"https:\/\/diarioregionaldigital.com.br\/index.php?rest_route=\/wp\/v2\/posts\/168177\/revisions"}],"wp:featuredmedia":[{"embeddable":true,"href":"https:\/\/diarioregionaldigital.com.br\/index.php?rest_route=\/wp\/v2\/media\/168178"}],"wp:attachment":[{"href":"https:\/\/diarioregionaldigital.com.br\/index.php?rest_route=%2Fwp%2Fv2%2Fmedia&parent=168177"}],"wp:term":[{"taxonomy":"category","embeddable":true,"href":"https:\/\/diarioregionaldigital.com.br\/index.php?rest_route=%2Fwp%2Fv2%2Fcategories&post=168177"},{"taxonomy":"post_tag","embeddable":true,"href":"https:\/\/diarioregionaldigital.com.br\/index.php?rest_route=%2Fwp%2Fv2%2Ftags&post=168177"}],"curies":[{"name":"wp","href":"https:\/\/api.w.org\/{rel}","templated":true}]}}