{"id":168160,"date":"2020-09-03T06:00:30","date_gmt":"2020-09-03T09:00:30","guid":{"rendered":"https:\/\/diarioregionaldigital.com.br\/?p=168160"},"modified":"2020-09-03T00:59:32","modified_gmt":"2020-09-03T03:59:32","slug":"prefeitura-municipal-de-tocantins-processo-no107-03-09-2020","status":"publish","type":"post","link":"https:\/\/diarioregionaldigital.com.br\/?p=168160","title":{"rendered":"Prefeitura Municipal de Tocantins &#8211; Processo n\u00ba107 &#8211; 03\/09\/2020"},"content":{"rendered":"<p style=\"text-align: center;\"><strong>PREFEITURA MUNICIPAL DE TOCANTINS\/MG<\/strong><\/p>\n<p style=\"text-align: center;\"><strong>Processo n\u00b0 107\/2020<\/strong><\/p>\n<p style=\"text-align: center;\"><strong>Dispensa n\u00b0 052\/2020<\/strong><\/p>\n<p style=\"text-align: center;\"><strong>Ratifica\u00e7\u00e3o<\/strong><\/p>\n<p style=\"text-align: center;\">\u00a0\u00a0\u00a0\u00a0\u00a0\u00a0\u00a0\u00a0\u00a0\u00a0\u00a0 O Prefeito Municipal de TOCANTINS\/MG, no uso de suas atribui\u00e7\u00f5es legais, com fulcro art. 24, inciso II da Lei n\u00b0 8.666\/93 e suas posteriores altera\u00e7\u00f5es, pelo presente ato, RATIFICA A COMPRA DIRETA POR DISPENSA DE LICITA\u00c7\u00c3O PARA AQUISI\u00c7\u00c3O DE COLHER DE PAU DE MADEIRA, TAMANHO 32 CM E SAQUINHO PL\u00c1STICO TRANSPARENTE &#8211; MATERIAL PROPILENO (PP), MEDIDAS: 45 X 59 CM. TAL AQUISI\u00c7\u00c3O SER\u00c1 PARA MONTAR UM KITS COM ATIVIDADES A SEREM DISTRIBU\u00cdDAS PARA CRIAN\u00c7AS E IDOSOS QUE PARTICIPAM DO CENTRO DE REFER\u00caNCIA DE ASSIST\u00caNCIA SOCIAL &#8211; CRAS.<\/p>\n<p style=\"text-align: center;\"><strong>\u00a0\u00a0\u00a0\u00a0\u00a0\u00a0\u00a0\u00a0\u00a0\u00a0\u00a0 ULTRA BONI COMERCIO EIRELI ME &#8211; CNPJ: 13.249.746\/0001-85<\/strong><\/p>\n<p style=\"text-align: center;\">\u00a0\u00a0\u00a0\u00a0\u00a0\u00a0\u00a0\u00a0\u00a0\u00a0\u00a0\u00a0\u00a0\u00a0\u00a0 Valor Total de R$ 510,00 (quinhentos e dez reais)<\/p>\n<p style=\"text-align: center;\">TOCANTINS, 27 de Agosto de 2020.<\/p>\n<p style=\"text-align: center;\"><strong>____________________________________________<\/strong><\/p>\n<p style=\"text-align: center;\"><strong>Ieder Washington de Oliveira<\/strong><\/p>\n<p style=\"text-align: center;\"><strong>Prefeito Municipal<\/strong><\/p>\n","protected":false},"excerpt":{"rendered":"<p>PREFEITURA MUNICIPAL DE TOCANTINS\/MG Processo n\u00b0 107\/2020 Dispensa n\u00b0 052\/2020 Ratifica\u00e7\u00e3o \u00a0\u00a0\u00a0\u00a0\u00a0\u00a0\u00a0\u00a0\u00a0\u00a0\u00a0 O Prefeito Municipal de TOCANTINS\/MG, no uso de suas atribui\u00e7\u00f5es legais, com fulcro art. 24, inciso II da Lei n\u00b0 8.666\/93 e suas posteriores altera\u00e7\u00f5es, pelo presente ato, RATIFICA A COMPRA DIRETA POR DISPENSA DE LICITA\u00c7\u00c3O PARA AQUISI\u00c7\u00c3O DE COLHER DE PAU DE [&hellip;]<\/p>\n","protected":false},"author":96,"featured_media":0,"comment_status":"closed","ping_status":"closed","sticky":false,"template":"","format":"standard","meta":{"footnotes":""},"categories":[307],"tags":[],"class_list":["post-168160","post","type-post","status-publish","format-standard","hentry","category-editais"],"_links":{"self":[{"href":"https:\/\/diarioregionaldigital.com.br\/index.php?rest_route=\/wp\/v2\/posts\/168160","targetHints":{"allow":["GET"]}}],"collection":[{"href":"https:\/\/diarioregionaldigital.com.br\/index.php?rest_route=\/wp\/v2\/posts"}],"about":[{"href":"https:\/\/diarioregionaldigital.com.br\/index.php?rest_route=\/wp\/v2\/types\/post"}],"author":[{"embeddable":true,"href":"https:\/\/diarioregionaldigital.com.br\/index.php?rest_route=\/wp\/v2\/users\/96"}],"replies":[{"embeddable":true,"href":"https:\/\/diarioregionaldigital.com.br\/index.php?rest_route=%2Fwp%2Fv2%2Fcomments&post=168160"}],"version-history":[{"count":0,"href":"https:\/\/diarioregionaldigital.com.br\/index.php?rest_route=\/wp\/v2\/posts\/168160\/revisions"}],"wp:attachment":[{"href":"https:\/\/diarioregionaldigital.com.br\/index.php?rest_route=%2Fwp%2Fv2%2Fmedia&parent=168160"}],"wp:term":[{"taxonomy":"category","embeddable":true,"href":"https:\/\/diarioregionaldigital.com.br\/index.php?rest_route=%2Fwp%2Fv2%2Fcategories&post=168160"},{"taxonomy":"post_tag","embeddable":true,"href":"https:\/\/diarioregionaldigital.com.br\/index.php?rest_route=%2Fwp%2Fv2%2Ftags&post=168160"}],"curies":[{"name":"wp","href":"https:\/\/api.w.org\/{rel}","templated":true}]}}