{"id":168158,"date":"2020-09-03T06:00:02","date_gmt":"2020-09-03T09:00:02","guid":{"rendered":"https:\/\/diarioregionaldigital.com.br\/?p=168158"},"modified":"2020-09-04T00:45:08","modified_gmt":"2020-09-04T03:45:08","slug":"prefeitura-municipal-de-tocantins-processo-no106-03-09-2020","status":"publish","type":"post","link":"https:\/\/diarioregionaldigital.com.br\/?p=168158","title":{"rendered":"Prefeitura Municipal de Tocantins &#8211; Processo n\u00ba106 &#8211; 03\/09\/2020"},"content":{"rendered":"<p style=\"text-align: center;\"><strong>PREFEITURA MUNICIPAL DE TOCANTINS\/MG<\/strong><\/p>\n<p style=\"text-align: center;\"><strong>Processo n\u00b0 106\/2020<\/strong><\/p>\n<p style=\"text-align: center;\"><strong>Dispensa n\u00b0 051\/2020<\/strong><\/p>\n<p style=\"text-align: center;\"><strong>Ratifica\u00e7\u00e3o<\/strong><\/p>\n<p style=\"text-align: center;\">O Prefeito Municipal de TOCANTINS\/MG, no uso de suas atribui\u00e7\u00f5es legais, com fulcro art. 24, inciso II da Lei n\u00b0 8.666\/93 e suas posteriores altera\u00e7\u00f5es, pelo presente ato, RATIFICA A AQUISI\u00c7\u00c3O ATRAV\u00c9S DE COMPRA DIRETA, DE MATERIAL PARA PREVEN\u00c7\u00c3O DE INC\u00caNDIO E P\u00c2NICO. (EXTINTORES E PLACAS SINALIZADORAS), PARA SEREM ALOCADOS NAS ESF&#8217;s E NO PRONTO ATENDIMENTO, COM INTUITO DE ATENDER AS INADEQUA\u00c7\u00d5ES APONTADAS PELA VIGIL\u00c2NCIA SANIT\u00c1RIA ESTADUAL GRS DE UB\u00c1, E QUE ORIGINOU O PROCESSO DE A\u00c7\u00c3O C\u00cdVEL PUBLICA DE N\u00daMERO; 5002518-82.2017.8.13.0699.<\/p>\n<p style=\"text-align: center;\"><strong>\u00a0\u00a0\u00a0\u00a0\u00a0\u00a0\u00a0\u00a0\u00a0\u00a0\u00a0 GOEXT-GOMIDES EXTINTORES LTDA &#8211; CNPJ: 09.436.599\/0001-85<\/strong><\/p>\n<p style=\"text-align: center;\">\u00a0\u00a0\u00a0\u00a0\u00a0\u00a0\u00a0\u00a0\u00a0\u00a0\u00a0\u00a0\u00a0\u00a0\u00a0 Valor Total de R$ 7.505,50 (sete mil, quinhentos e cinco reais e cinquenta centavos)<\/p>\n<p style=\"text-align: center;\">TOCANTINS, 24 de Agosto de 2020.<\/p>\n<p style=\"text-align: center;\"><strong>____________________________________________<\/strong><\/p>\n<p style=\"text-align: center;\"><strong>Ieder Washington de Oliveira<\/strong><\/p>\n<p style=\"text-align: center;\"><strong>Prefeito Municipal<\/strong><\/p>\n","protected":false},"excerpt":{"rendered":"<p>PREFEITURA MUNICIPAL DE TOCANTINS\/MG Processo n\u00b0 106\/2020 Dispensa n\u00b0 051\/2020 Ratifica\u00e7\u00e3o O Prefeito Municipal de TOCANTINS\/MG, no uso de suas atribui\u00e7\u00f5es legais, com fulcro art. 24, inciso II da Lei n\u00b0 8.666\/93 e suas posteriores altera\u00e7\u00f5es, pelo presente ato, RATIFICA A AQUISI\u00c7\u00c3O ATRAV\u00c9S DE COMPRA DIRETA, DE MATERIAL PARA PREVEN\u00c7\u00c3O DE INC\u00caNDIO E P\u00c2NICO. (EXTINTORES [&hellip;]<\/p>\n","protected":false},"author":96,"featured_media":0,"comment_status":"closed","ping_status":"closed","sticky":false,"template":"","format":"standard","meta":{"footnotes":""},"categories":[307],"tags":[],"class_list":["post-168158","post","type-post","status-publish","format-standard","hentry","category-editais"],"_links":{"self":[{"href":"https:\/\/diarioregionaldigital.com.br\/index.php?rest_route=\/wp\/v2\/posts\/168158","targetHints":{"allow":["GET"]}}],"collection":[{"href":"https:\/\/diarioregionaldigital.com.br\/index.php?rest_route=\/wp\/v2\/posts"}],"about":[{"href":"https:\/\/diarioregionaldigital.com.br\/index.php?rest_route=\/wp\/v2\/types\/post"}],"author":[{"embeddable":true,"href":"https:\/\/diarioregionaldigital.com.br\/index.php?rest_route=\/wp\/v2\/users\/96"}],"replies":[{"embeddable":true,"href":"https:\/\/diarioregionaldigital.com.br\/index.php?rest_route=%2Fwp%2Fv2%2Fcomments&post=168158"}],"version-history":[{"count":0,"href":"https:\/\/diarioregionaldigital.com.br\/index.php?rest_route=\/wp\/v2\/posts\/168158\/revisions"}],"wp:attachment":[{"href":"https:\/\/diarioregionaldigital.com.br\/index.php?rest_route=%2Fwp%2Fv2%2Fmedia&parent=168158"}],"wp:term":[{"taxonomy":"category","embeddable":true,"href":"https:\/\/diarioregionaldigital.com.br\/index.php?rest_route=%2Fwp%2Fv2%2Fcategories&post=168158"},{"taxonomy":"post_tag","embeddable":true,"href":"https:\/\/diarioregionaldigital.com.br\/index.php?rest_route=%2Fwp%2Fv2%2Ftags&post=168158"}],"curies":[{"name":"wp","href":"https:\/\/api.w.org\/{rel}","templated":true}]}}