{"id":168154,"date":"2020-09-03T06:00:23","date_gmt":"2020-09-03T09:00:23","guid":{"rendered":"https:\/\/diarioregionaldigital.com.br\/?p=168154"},"modified":"2020-09-03T00:54:42","modified_gmt":"2020-09-03T03:54:42","slug":"condominio-residencial-yuni-previdenciarios-03-09-2020","status":"publish","type":"post","link":"https:\/\/diarioregionaldigital.com.br\/?p=168154","title":{"rendered":"Condom\u00ednio Residencial Yuni Previdenci\u00e1rios &#8211; 03\/09\/2020"},"content":{"rendered":"<p style=\"text-align: center;\"><strong>EDITAL DE CONVOCA\u00c7\u00c3O<\/strong><\/p>\n<p style=\"text-align: center;\"><strong>ASSEMBLEIA GERAL EXTRAORDIN\u00c1RIA<\/strong><\/p>\n<p style=\"text-align: center;\"><strong><u>CONDOM\u00cdNIO RESIDENCIAL YUNI PREVIDENCI\u00c1RIOS<\/u><\/strong><\/p>\n<p style=\"text-align: left;\">O S\u00edndico, no uso das suas atribui\u00e7\u00f5es legais e da Conven\u00e7\u00e3o, CONVOCA todos os cond\u00f4minos do <u>Condom\u00ednio Residencial Yuni Previdenci\u00e1rios<\/u>, para a Assembleia Geral Extraordin\u00e1ria (AGE) a realizar-se no dia <strong><u>18\/09\/2020 (sexta-feira) <\/u><\/strong>\u00e0s 19:10 horas em 1\u00aa convoca\u00e7\u00e3o e \u00e0s 19:40 horas em 2\u00aa convoca\u00e7\u00e3o e nos termos da Conven\u00e7\u00e3o, de FORMA VIRTUAL, atrav\u00e9s dos aplicativos \u201cZOOM MEETING\u201d e \u201c\u00c1REA DO COND\u00d4MINO\u201d (ambos dispon\u00edveis para <em>computadores<\/em> e para as plataformas de dispositivos m\u00f3veis <em>iOS<\/em> e <em>ANDROID<\/em>), diante da impossibilidade de realiza\u00e7\u00e3o de assembleias presenciais, tendo a declara\u00e7\u00e3o de situa\u00e7\u00e3o de emerg\u00eancia em sa\u00fade p\u00fablica pelo Decreto Municipal n\u00ba 13.894 de 18 de mar\u00e7o de 2020 e as atuais defini\u00e7\u00f5es das medidas de enfrentamento do COVID-19 previstas no Decreto Municipal 13.975 de 12 de Junho de 2020. O Decreto Federal n\u00ba 10.282 de 20 de mar\u00e7o de 2020 que regulamenta a Lei Federal n\u00ba 13.979 de 06 de fevereiro de 2020, para definir os servi\u00e7os e as atividades essenciais, bem como o Boletim Epidemiol\u00f3gico n\u00ba 07\/2020, divulgado em 06 de abril de 2020, pelo Minist\u00e9rio da Sa\u00fade, e as orienta\u00e7\u00f5es gerais de isolamento social. Al\u00e9m de todas as demais normas emitidas pelas Autoridades Sanit\u00e1rias e Governamentais. Considerando PRINCIPALMENTE ainda o Regime Jur\u00eddico Emergencial e Transit\u00f3rio das rela\u00e7\u00f5es jur\u00eddicas de Direito Privado (RJET) no per\u00edodo da pandemia do coronav\u00edrus (Covid-19): Lei Federal 14010\/2020 que inclusive trata sobre Assembleias Condominiais por \u201cmeios virtuais\u201d. Ser\u00e1 deliberada a seguinte Ordem do Dia:<\/p>\n<p style=\"text-align: left;\">1.1 \u2013 Considera\u00e7\u00f5es e apresenta\u00e7\u00f5es do S\u00edndico;<\/p>\n<p style=\"text-align: left;\">1.2 \u2013 Verifica\u00e7\u00e3o inicial de qu\u00f3rum para os debates;<\/p>\n<p style=\"text-align: left;\">2 \u2013 Delibera\u00e7\u00e3o sobre o sistema de leitura, lacre, corte e cobran\u00e7a individual direta de g\u00e1s (GLP) pela empresa Supergasbras (SGI) ou sucessora;<\/p>\n<p style=\"text-align: left;\">3.1 \u2013 Homologa\u00e7\u00e3o da Resolu\u00e7\u00e3o \u201cOpera\u00e7\u00e3o Coronav\u00edrus\u201d e delibera\u00e7\u00e3o sobre Regulamento de enfrentamento \u00e0 pandemia;<\/p>\n<p style=\"text-align: left;\">3.2 \u2013 Delibera\u00e7\u00e3o sobre o uso de m\u00e1scaras em \u00e1rea comum.<\/p>\n<p style=\"text-align: center;\"><strong>OBSERVA\u00c7\u00d5ES e PROCEDIMENTOS EDITAL\u00cdCIOS para a ASSEMBLEIA:<\/strong><\/p>\n<ol style=\"text-align: center;\">\n<li style=\"text-align: left;\">A assembleia ser\u00e1 realizada em dois ambientes, que funcionar\u00e3o de forma simult\u00e2nea:\n<ol>\n<li>Aplicativo ZOOM MEETING, no qual ser\u00e3o apresentadas as informa\u00e7\u00f5es\/temas relevantes e discuss\u00e3o da Ordem do Dia\/Pauta;<\/li>\n<li>Aplicativo \u00c1REA DO COND\u00d4MINO, fornecido pela Administradora, onde ser\u00e3o registrados e COMPUTADOS os votos de cada unidade, de forma a garantir a legalidade da opera\u00e7\u00e3o.<\/li>\n<\/ol>\n<\/li>\n<li style=\"text-align: left;\">O link para a participa\u00e7\u00e3o da reuni\u00e3o no app ZOOM MEETING, ser\u00e1 disponibilizado no e-mail daqueles cond\u00f4minos que previamente se credenciaram\/manifestaram pelo e-mail <a href=\"mailto:adm@angeloeferrari.com.br\">adm@angeloeferrari.com.br<\/a>. Os interessados em realizar credenciamento para participar ter\u00e3o at\u00e9 o dia 17\/09\/2020 para proceder o credenciamento por via eletr\u00f4nica.<\/li>\n<li style=\"text-align: left;\">Exclusivamente na Sede da Administradora, na Rua Marechal Deodoro, 987, Centro, em dias \u00fateis, at\u00e9 o dia 16\/09\/2020, poder\u00e3o ser feitos os cadastros presenciais para participa\u00e7\u00e3o virtual na Assembleia, sempre entre 13h30min \u00e0s 16h00min. Em caso de duplicidade, o cadastro digital prevalecer\u00e1.<\/li>\n<li style=\"text-align: left;\">Para o registro do voto por meio do aplicativo \u00c1REA DO COND\u00d4MINO, ser\u00e1 necess\u00e1rio que os cond\u00f4minos estejam com os e-mails cadastrados na administradora, tendo em vista que, a partir do endere\u00e7o de e-mail todos receber\u00e3o o link para este procedimento;<\/li>\n<li style=\"text-align: left;\">At\u00e9 17\/09\/2020, quaisquer d\u00favidas e\/ou esclarecimentos poder\u00e3o ser sanados com a Angelo &amp; Ferrari Administradora, de segunda \u00e0 sexta-feira, de 10:00 \u00e0s 15:45 horas, pelo telefone (32) 3314-0258 ou e-mail: <a href=\"mailto:adm@angeloeferrari.com.br\">adm@angeloeferrari.com.br<\/a><\/li>\n<li style=\"text-align: left;\">Este procedimento (assembleia virtual) est\u00e1 amparado pelo Art. 12 da Lei Federal 14.010, de 10 de Junho de 2020 e Artigo 1355 do CC\/2002.<\/li>\n<\/ol>\n<p style=\"text-align: center;\">Tendo em vista a relev\u00e2ncia dos assuntos a serem tratados, lembro na necessidade absoluta da participa\u00e7\u00e3o, ou que se fa\u00e7am representar por procura\u00e7\u00e3o espec\u00edfica para essa assembleia. Esclare\u00e7o ainda, que as decis\u00f5es tomadas em Assembleias aplicar-se-\u00e3o \u00e0 todos, inclusive, aos ausentes.<\/p>\n<p style=\"text-align: center;\"><strong>Marcos de Lima Schuchter \u2013 S\u00edndico<\/strong><\/p>\n<p style=\"text-align: center;\"><strong>Condominio Residencial Yuni Previdenci\u00e1rios<\/strong><\/p>\n<p style=\"text-align: center;\"><strong>JF, 03\/09\/2020.<\/strong><\/p>\n","protected":false},"excerpt":{"rendered":"<p>EDITAL DE CONVOCA\u00c7\u00c3O ASSEMBLEIA GERAL EXTRAORDIN\u00c1RIA CONDOM\u00cdNIO RESIDENCIAL YUNI PREVIDENCI\u00c1RIOS O S\u00edndico, no uso das suas atribui\u00e7\u00f5es legais e da Conven\u00e7\u00e3o, CONVOCA todos os cond\u00f4minos do Condom\u00ednio Residencial Yuni Previdenci\u00e1rios, para a Assembleia Geral Extraordin\u00e1ria (AGE) a realizar-se no dia 18\/09\/2020 (sexta-feira) \u00e0s 19:10 horas em 1\u00aa convoca\u00e7\u00e3o e \u00e0s 19:40 horas em 2\u00aa convoca\u00e7\u00e3o [&hellip;]<\/p>\n","protected":false},"author":96,"featured_media":0,"comment_status":"closed","ping_status":"closed","sticky":false,"template":"","format":"standard","meta":{"footnotes":""},"categories":[307],"tags":[],"class_list":["post-168154","post","type-post","status-publish","format-standard","hentry","category-editais"],"_links":{"self":[{"href":"https:\/\/diarioregionaldigital.com.br\/index.php?rest_route=\/wp\/v2\/posts\/168154","targetHints":{"allow":["GET"]}}],"collection":[{"href":"https:\/\/diarioregionaldigital.com.br\/index.php?rest_route=\/wp\/v2\/posts"}],"about":[{"href":"https:\/\/diarioregionaldigital.com.br\/index.php?rest_route=\/wp\/v2\/types\/post"}],"author":[{"embeddable":true,"href":"https:\/\/diarioregionaldigital.com.br\/index.php?rest_route=\/wp\/v2\/users\/96"}],"replies":[{"embeddable":true,"href":"https:\/\/diarioregionaldigital.com.br\/index.php?rest_route=%2Fwp%2Fv2%2Fcomments&post=168154"}],"version-history":[{"count":0,"href":"https:\/\/diarioregionaldigital.com.br\/index.php?rest_route=\/wp\/v2\/posts\/168154\/revisions"}],"wp:attachment":[{"href":"https:\/\/diarioregionaldigital.com.br\/index.php?rest_route=%2Fwp%2Fv2%2Fmedia&parent=168154"}],"wp:term":[{"taxonomy":"category","embeddable":true,"href":"https:\/\/diarioregionaldigital.com.br\/index.php?rest_route=%2Fwp%2Fv2%2Fcategories&post=168154"},{"taxonomy":"post_tag","embeddable":true,"href":"https:\/\/diarioregionaldigital.com.br\/index.php?rest_route=%2Fwp%2Fv2%2Ftags&post=168154"}],"curies":[{"name":"wp","href":"https:\/\/api.w.org\/{rel}","templated":true}]}}