{"id":168150,"date":"2020-09-03T06:00:08","date_gmt":"2020-09-03T09:00:08","guid":{"rendered":"https:\/\/diarioregionaldigital.com.br\/?p=168150"},"modified":"2020-09-02T23:48:32","modified_gmt":"2020-09-03T02:48:32","slug":"168150","status":"publish","type":"post","link":"https:\/\/diarioregionaldigital.com.br\/?p=168150","title":{"rendered":"Miss Brasil"},"content":{"rendered":"<p style=\"text-align: center;\"><strong>L\u00e1 e C\u00e1<\/strong><\/p>\n<p style=\"text-align: center;\">Juntando doses de criatividade e uma parceria internacional, o coordenador de odontologia da Suprema, Rodrigo Guerra est\u00e1 conduzindo dois estudos em parceria com a Universidade de Barcelona. Ali\u00e1s o sucesso do trabalho fez com que a institui\u00e7\u00e3o espanhola estendesse o conv\u00eanio a todos os cursos da Suprema.<\/p>\n<p style=\"text-align: center;\"><strong>Marcando Presen\u00e7a<\/strong><\/p>\n<p style=\"text-align: center;\">Antenados e convictos de seu talento, os alunos de engenharia de produ\u00e7\u00e3o da UFJF, Andressa Gatti Ferreira de Souza, Sabrina de Oliveira (Ci\u00eancias da Computa\u00e7\u00e3o) ficaram em terceiro lugar no Sol Bridge Tech Innovation Challenge 2020. A competi\u00e7\u00e3o \u00e9 promovida pela universidade sul-coreana Solbridge Internacional Shool of Business.<\/p>\n<p style=\"text-align: center;\"><strong>Voc\u00ea Sabia?<\/strong><\/p>\n<p style=\"text-align: center;\">H\u00e1 hoje cerca de 20 incorporadoras na fila se candidatando para um IPO (abertura de capital em bolsa). \u00c9 a farra dos IPOS em plena pandemia.<\/p>\n<p style=\"text-align: center;\"><span style=\"font-size: 14pt;\"><strong>Miss Brasil <\/strong><\/span><\/p>\n<p style=\"text-align: center;\">Depois de sua despedida como Miss Brasil 2019, durante evento sem plateia onde foi eleita a nova Miss Brasil 2020 pelo YouTube, a modelo e jornalista J\u00falia Horta foi contratada para apresentar o programa de Gui Moreira na Band Minas. O Talk Show de comportamento estreia no dia 12 de setembro, em um novo cen\u00e1rio.<\/p>\n<div id=\"attachment_168135\" style=\"width: 690px\" class=\"wp-caption aligncenter\"><img loading=\"lazy\" decoding=\"async\" aria-describedby=\"caption-attachment-168135\" class=\"wp-image-168135\" src=\"https:\/\/diarioregionaldigital.com.br\/wp-content\/uploads\/2020\/09\/fotoa-1-e1599100587358.jpg\" alt=\"\" width=\"680\" height=\"496\" srcset=\"https:\/\/diarioregionaldigital.com.br\/wp-content\/uploads\/2020\/09\/fotoa-1-e1599100587358.jpg 720w, https:\/\/diarioregionaldigital.com.br\/wp-content\/uploads\/2020\/09\/fotoa-1-e1599100587358-300x219.jpg 300w, https:\/\/diarioregionaldigital.com.br\/wp-content\/uploads\/2020\/09\/fotoa-1-e1599100587358-360x263.jpg 360w\" sizes=\"auto, (max-width: 680px) 100vw, 680px\" \/><p id=\"caption-attachment-168135\" class=\"wp-caption-text\">Aniversariante de destaque da temporada social, a bonita e elegante Rosy\u00ea Apolin\u00e1rio dos Santos<\/p><\/div>\n<div id=\"attachment_168136\" style=\"width: 690px\" class=\"wp-caption aligncenter\"><img loading=\"lazy\" decoding=\"async\" aria-describedby=\"caption-attachment-168136\" class=\"wp-image-168136\" src=\"https:\/\/diarioregionaldigital.com.br\/wp-content\/uploads\/2020\/09\/fotoaa-1-e1599100614876.jpeg\" alt=\"\" width=\"680\" height=\"503\" srcset=\"https:\/\/diarioregionaldigital.com.br\/wp-content\/uploads\/2020\/09\/fotoaa-1-e1599100614876.jpeg 921w, https:\/\/diarioregionaldigital.com.br\/wp-content\/uploads\/2020\/09\/fotoaa-1-e1599100614876-300x222.jpeg 300w, https:\/\/diarioregionaldigital.com.br\/wp-content\/uploads\/2020\/09\/fotoaa-1-e1599100614876-768x568.jpeg 768w, https:\/\/diarioregionaldigital.com.br\/wp-content\/uploads\/2020\/09\/fotoaa-1-e1599100614876-360x266.jpeg 360w\" sizes=\"auto, (max-width: 680px) 100vw, 680px\" \/><p id=\"caption-attachment-168136\" class=\"wp-caption-text\">Eduardo Gomes entregando o Trof\u00e9u a Lucimar Las Casas Melhores de 2020 Di\u00e1rio Regional RCWTV<\/p><\/div>\n<div id=\"attachment_168138\" style=\"width: 690px\" class=\"wp-caption aligncenter\"><img loading=\"lazy\" decoding=\"async\" aria-describedby=\"caption-attachment-168138\" class=\"wp-image-168138\" src=\"https:\/\/diarioregionaldigital.com.br\/wp-content\/uploads\/2020\/09\/fotobb-1-e1599100679861.jpeg\" alt=\"\" width=\"680\" height=\"497\" srcset=\"https:\/\/diarioregionaldigital.com.br\/wp-content\/uploads\/2020\/09\/fotobb-1-e1599100679861.jpeg 576w, https:\/\/diarioregionaldigital.com.br\/wp-content\/uploads\/2020\/09\/fotobb-1-e1599100679861-300x219.jpeg 300w, https:\/\/diarioregionaldigital.com.br\/wp-content\/uploads\/2020\/09\/fotobb-1-e1599100679861-360x263.jpeg 360w\" sizes=\"auto, (max-width: 680px) 100vw, 680px\" \/><p id=\"caption-attachment-168138\" class=\"wp-caption-text\">Eliane Matta recebendo de Eduardo Gomes o Trof\u00e9u Melhores de 2020 Di\u00e1rio Regional RCWTV<\/p><\/div>\n<div id=\"attachment_168139\" style=\"width: 690px\" class=\"wp-caption aligncenter\"><img loading=\"lazy\" decoding=\"async\" aria-describedby=\"caption-attachment-168139\" class=\"wp-image-168139\" src=\"https:\/\/diarioregionaldigital.com.br\/wp-content\/uploads\/2020\/09\/fotoc-1-e1599100719938.jpg\" alt=\"\" width=\"680\" height=\"488\" srcset=\"https:\/\/diarioregionaldigital.com.br\/wp-content\/uploads\/2020\/09\/fotoc-1-e1599100719938.jpg 1050w, https:\/\/diarioregionaldigital.com.br\/wp-content\/uploads\/2020\/09\/fotoc-1-e1599100719938-300x215.jpg 300w, https:\/\/diarioregionaldigital.com.br\/wp-content\/uploads\/2020\/09\/fotoc-1-e1599100719938-1024x734.jpg 1024w, https:\/\/diarioregionaldigital.com.br\/wp-content\/uploads\/2020\/09\/fotoc-1-e1599100719938-768x551.jpg 768w, https:\/\/diarioregionaldigital.com.br\/wp-content\/uploads\/2020\/09\/fotoc-1-e1599100719938-360x258.jpg 360w\" sizes=\"auto, (max-width: 680px) 100vw, 680px\" \/><p id=\"caption-attachment-168139\" class=\"wp-caption-text\">O inverno mascarado do jornalista Talison Vardiero<\/p><\/div>\n<div id=\"attachment_168140\" style=\"width: 690px\" class=\"wp-caption aligncenter\"><img loading=\"lazy\" decoding=\"async\" aria-describedby=\"caption-attachment-168140\" class=\"wp-image-168140\" src=\"https:\/\/diarioregionaldigital.com.br\/wp-content\/uploads\/2020\/09\/fotod-1-e1599100763599.jpg\" alt=\"\" width=\"680\" height=\"477\" srcset=\"https:\/\/diarioregionaldigital.com.br\/wp-content\/uploads\/2020\/09\/fotod-1-e1599100763599.jpg 966w, https:\/\/diarioregionaldigital.com.br\/wp-content\/uploads\/2020\/09\/fotod-1-e1599100763599-300x210.jpg 300w, https:\/\/diarioregionaldigital.com.br\/wp-content\/uploads\/2020\/09\/fotod-1-e1599100763599-768x538.jpg 768w, https:\/\/diarioregionaldigital.com.br\/wp-content\/uploads\/2020\/09\/fotod-1-e1599100763599-360x252.jpg 360w, https:\/\/diarioregionaldigital.com.br\/wp-content\/uploads\/2020\/09\/fotod-1-e1599100763599-100x70.jpg 100w\" sizes=\"auto, (max-width: 680px) 100vw, 680px\" \/><p id=\"caption-attachment-168140\" class=\"wp-caption-text\">No Terrazzo em 2019, Nelson Rezende de Barros e o deputado David Miranda<\/p><\/div>\n<div id=\"attachment_168141\" style=\"width: 690px\" class=\"wp-caption aligncenter\"><img loading=\"lazy\" decoding=\"async\" aria-describedby=\"caption-attachment-168141\" class=\"wp-image-168141\" src=\"https:\/\/diarioregionaldigital.com.br\/wp-content\/uploads\/2020\/09\/fotoe-1-e1599100829558.jpg\" alt=\"\" width=\"680\" height=\"528\" srcset=\"https:\/\/diarioregionaldigital.com.br\/wp-content\/uploads\/2020\/09\/fotoe-1-e1599100829558.jpg 956w, https:\/\/diarioregionaldigital.com.br\/wp-content\/uploads\/2020\/09\/fotoe-1-e1599100829558-300x233.jpg 300w, https:\/\/diarioregionaldigital.com.br\/wp-content\/uploads\/2020\/09\/fotoe-1-e1599100829558-768x596.jpg 768w, https:\/\/diarioregionaldigital.com.br\/wp-content\/uploads\/2020\/09\/fotoe-1-e1599100829558-360x279.jpg 360w\" sizes=\"auto, (max-width: 680px) 100vw, 680px\" \/><p id=\"caption-attachment-168141\" class=\"wp-caption-text\">Visitando esta coluna social on-line: Rafael Panorama e Rachel Andes Bittencourt<\/p><\/div>\n<div id=\"attachment_168142\" style=\"width: 690px\" class=\"wp-caption aligncenter\"><img loading=\"lazy\" decoding=\"async\" aria-describedby=\"caption-attachment-168142\" class=\"wp-image-168142\" src=\"https:\/\/diarioregionaldigital.com.br\/wp-content\/uploads\/2020\/09\/fotof-e1599100875498.jpg\" alt=\"\" width=\"680\" height=\"488\" srcset=\"https:\/\/diarioregionaldigital.com.br\/wp-content\/uploads\/2020\/09\/fotof-e1599100875498.jpg 1070w, https:\/\/diarioregionaldigital.com.br\/wp-content\/uploads\/2020\/09\/fotof-e1599100875498-300x215.jpg 300w, https:\/\/diarioregionaldigital.com.br\/wp-content\/uploads\/2020\/09\/fotof-e1599100875498-1024x735.jpg 1024w, https:\/\/diarioregionaldigital.com.br\/wp-content\/uploads\/2020\/09\/fotof-e1599100875498-768x551.jpg 768w, https:\/\/diarioregionaldigital.com.br\/wp-content\/uploads\/2020\/09\/fotof-e1599100875498-360x258.jpg 360w\" sizes=\"auto, (max-width: 680px) 100vw, 680px\" \/><p id=\"caption-attachment-168142\" class=\"wp-caption-text\">Escritoras que fazem a diferen\u00e7a: Regina de Castro Barbosa e Maria Helena Sleutzes<\/p><\/div>\n<div id=\"attachment_168137\" style=\"width: 690px\" class=\"wp-caption aligncenter\"><img loading=\"lazy\" decoding=\"async\" aria-describedby=\"caption-attachment-168137\" class=\"wp-image-168137\" src=\"https:\/\/diarioregionaldigital.com.br\/wp-content\/uploads\/2020\/09\/fotob-1-e1599100642179.jpg\" alt=\"\" width=\"680\" height=\"513\" srcset=\"https:\/\/diarioregionaldigital.com.br\/wp-content\/uploads\/2020\/09\/fotob-1-e1599100642179.jpg 1505w, https:\/\/diarioregionaldigital.com.br\/wp-content\/uploads\/2020\/09\/fotob-1-e1599100642179-300x226.jpg 300w, https:\/\/diarioregionaldigital.com.br\/wp-content\/uploads\/2020\/09\/fotob-1-e1599100642179-1024x773.jpg 1024w, https:\/\/diarioregionaldigital.com.br\/wp-content\/uploads\/2020\/09\/fotob-1-e1599100642179-768x580.jpg 768w, https:\/\/diarioregionaldigital.com.br\/wp-content\/uploads\/2020\/09\/fotob-1-e1599100642179-360x272.jpg 360w\" sizes=\"auto, (max-width: 680px) 100vw, 680px\" \/><p id=\"caption-attachment-168137\" class=\"wp-caption-text\">Em momento relax nas montanhas de Minas, o professor Fred Alvim<\/p><\/div>\n<div id=\"attachment_168143\" style=\"width: 690px\" class=\"wp-caption aligncenter\"><img loading=\"lazy\" decoding=\"async\" aria-describedby=\"caption-attachment-168143\" class=\"wp-image-168143\" src=\"https:\/\/diarioregionaldigital.com.br\/wp-content\/uploads\/2020\/09\/fotog-1-e1599100909914.jpg\" alt=\"\" width=\"680\" height=\"519\" srcset=\"https:\/\/diarioregionaldigital.com.br\/wp-content\/uploads\/2020\/09\/fotog-1-e1599100909914.jpg 638w, https:\/\/diarioregionaldigital.com.br\/wp-content\/uploads\/2020\/09\/fotog-1-e1599100909914-300x229.jpg 300w, https:\/\/diarioregionaldigital.com.br\/wp-content\/uploads\/2020\/09\/fotog-1-e1599100909914-360x275.jpg 360w\" sizes=\"auto, (max-width: 680px) 100vw, 680px\" \/><p id=\"caption-attachment-168143\" class=\"wp-caption-text\">Fazendo charme em isolamento social, Eveline Toledo<\/p><\/div>\n<div id=\"attachment_168144\" style=\"width: 690px\" class=\"wp-caption aligncenter\"><img loading=\"lazy\" decoding=\"async\" aria-describedby=\"caption-attachment-168144\" class=\"wp-image-168144\" src=\"https:\/\/diarioregionaldigital.com.br\/wp-content\/uploads\/2020\/09\/fotoi-e1599100936646.jpg\" alt=\"\" width=\"680\" height=\"484\" srcset=\"https:\/\/diarioregionaldigital.com.br\/wp-content\/uploads\/2020\/09\/fotoi-e1599100936646.jpg 1533w, https:\/\/diarioregionaldigital.com.br\/wp-content\/uploads\/2020\/09\/fotoi-e1599100936646-300x214.jpg 300w, https:\/\/diarioregionaldigital.com.br\/wp-content\/uploads\/2020\/09\/fotoi-e1599100936646-1024x729.jpg 1024w, https:\/\/diarioregionaldigital.com.br\/wp-content\/uploads\/2020\/09\/fotoi-e1599100936646-768x547.jpg 768w, https:\/\/diarioregionaldigital.com.br\/wp-content\/uploads\/2020\/09\/fotoi-e1599100936646-360x256.jpg 360w, https:\/\/diarioregionaldigital.com.br\/wp-content\/uploads\/2020\/09\/fotoi-e1599100936646-100x70.jpg 100w\" sizes=\"auto, (max-width: 680px) 100vw, 680px\" \/><p id=\"caption-attachment-168144\" class=\"wp-caption-text\">Antes da pandemia o abra\u00e7o carinhoso de Tereza Braga e Edna Saleme<\/p><\/div>\n<p style=\"text-align: center;\"><strong>FOTOSS\u00cdNTESE<\/strong><\/p>\n<p>Correio Elegante: Abra\u00e7os afetuosos para : Regina Miriam, Lygia Toledo, Rafael Pazzinatto, Romeu Castro, Guilherme Marques, Francisco Baldine, Heverson San\u00e1bio, Marly Frizeiro, Fl\u00e1vio Marques, Ana L\u00e9a Salom\u00e3o e Ribeiro, Belinha Sampaio, Norama E Evandro Mansur e Enzo Arag\u00e3o Platz.<\/p>\n<p>Ap\u00f3s pedido da Prefeitura de Juiz de Fora a C\u00e2mara Municipal vai colocar em regime de urg\u00eancia as mensagens do Executivo que tratam do sistema de Transporte na cidade.<\/p>\n<p>Aten\u00e7\u00e3o: apesar de ainda n\u00e3o ter previs\u00e3o, as institui\u00e7\u00f5es de ensino privadas de Juiz de Fora j\u00e1 debatem protocolos e adotam medidas em prepara\u00e7\u00e3o para futuro retorno de alunos e professores \u00e0s salas de aula.<\/p>\n<p>A Caixa Econ\u00f4mica Federal avisa que para evitar filas \u00e9 que os benefici\u00e1rios do aux\u00edlio e FGTS emergenciais movimentem os recursos por meio do aplicativo Caixa Tem. Para o saque em esp\u00e9cie tem que obedecer os calend\u00e1rios escalonados de recebimento.<\/p>\n<p>Projeto Social: Com apoio de empresas juniores da UFJF e da Suprema, acad\u00eamicos oferecem atendimento m\u00e9dico gratuito por telemedicina e pretende atender 20% da comunidade. Aplausos.<\/p>\n<p>A especialista em produ\u00e7\u00e3o sustent\u00e1vel, Wanessa Bittarque ministrou com sucesso o 3\u00ba Encontro de Economia Criativa em Juiz de Fora. O evento apoiou o Educand\u00e1rio Carlos Chagas e o grupo Sementes, por meio de campanha solid\u00e1ria.<\/p>\n<p>Toque sutil: N\u00e3o fique triste a ponto de n\u00e3o conseguir tirar o pijama para trabalhar nesta pandemia. Nem alucine a ponto de sair nos aglomerados em bares como se estivesse tudo bem. Tenha leveza e esperan\u00e7a. Bom dia.<\/p>\n<p><img loading=\"lazy\" decoding=\"async\" class=\"aligncenter size-full wp-image-168151\" src=\"https:\/\/diarioregionaldigital.com.br\/wp-content\/uploads\/2020\/09\/anuncio64-scaled.jpg\" alt=\"\" width=\"2560\" height=\"924\" srcset=\"https:\/\/diarioregionaldigital.com.br\/wp-content\/uploads\/2020\/09\/anuncio64-scaled.jpg 2560w, https:\/\/diarioregionaldigital.com.br\/wp-content\/uploads\/2020\/09\/anuncio64-300x108.jpg 300w, https:\/\/diarioregionaldigital.com.br\/wp-content\/uploads\/2020\/09\/anuncio64-1024x369.jpg 1024w, https:\/\/diarioregionaldigital.com.br\/wp-content\/uploads\/2020\/09\/anuncio64-768x277.jpg 768w, https:\/\/diarioregionaldigital.com.br\/wp-content\/uploads\/2020\/09\/anuncio64-1536x554.jpg 1536w, https:\/\/diarioregionaldigital.com.br\/wp-content\/uploads\/2020\/09\/anuncio64-2048x739.jpg 2048w, https:\/\/diarioregionaldigital.com.br\/wp-content\/uploads\/2020\/09\/anuncio64-360x130.jpg 360w\" sizes=\"auto, (max-width: 2560px) 100vw, 2560px\" \/><\/p>\n","protected":false},"excerpt":{"rendered":"<p>L\u00e1 e C\u00e1 Juntando doses de criatividade e uma parceria internacional, o coordenador de odontologia da Suprema, Rodrigo Guerra est\u00e1 conduzindo dois estudos em parceria com a Universidade de Barcelona. Ali\u00e1s o sucesso do trabalho fez com que a institui\u00e7\u00e3o espanhola estendesse o conv\u00eanio a todos os cursos da Suprema. Marcando Presen\u00e7a Antenados e convictos [&hellip;]<\/p>\n","protected":false},"author":96,"featured_media":168135,"comment_status":"closed","ping_status":"closed","sticky":false,"template":"","format":"standard","meta":{"footnotes":""},"categories":[264],"tags":[],"class_list":["post-168150","post","type-post","status-publish","format-standard","has-post-thumbnail","hentry","category-eduardo-gomes"],"_links":{"self":[{"href":"https:\/\/diarioregionaldigital.com.br\/index.php?rest_route=\/wp\/v2\/posts\/168150","targetHints":{"allow":["GET"]}}],"collection":[{"href":"https:\/\/diarioregionaldigital.com.br\/index.php?rest_route=\/wp\/v2\/posts"}],"about":[{"href":"https:\/\/diarioregionaldigital.com.br\/index.php?rest_route=\/wp\/v2\/types\/post"}],"author":[{"embeddable":true,"href":"https:\/\/diarioregionaldigital.com.br\/index.php?rest_route=\/wp\/v2\/users\/96"}],"replies":[{"embeddable":true,"href":"https:\/\/diarioregionaldigital.com.br\/index.php?rest_route=%2Fwp%2Fv2%2Fcomments&post=168150"}],"version-history":[{"count":0,"href":"https:\/\/diarioregionaldigital.com.br\/index.php?rest_route=\/wp\/v2\/posts\/168150\/revisions"}],"wp:featuredmedia":[{"embeddable":true,"href":"https:\/\/diarioregionaldigital.com.br\/index.php?rest_route=\/wp\/v2\/media\/168135"}],"wp:attachment":[{"href":"https:\/\/diarioregionaldigital.com.br\/index.php?rest_route=%2Fwp%2Fv2%2Fmedia&parent=168150"}],"wp:term":[{"taxonomy":"category","embeddable":true,"href":"https:\/\/diarioregionaldigital.com.br\/index.php?rest_route=%2Fwp%2Fv2%2Fcategories&post=168150"},{"taxonomy":"post_tag","embeddable":true,"href":"https:\/\/diarioregionaldigital.com.br\/index.php?rest_route=%2Fwp%2Fv2%2Ftags&post=168150"}],"curies":[{"name":"wp","href":"https:\/\/api.w.org\/{rel}","templated":true}]}}