{"id":168147,"date":"2020-09-02T22:58:06","date_gmt":"2020-09-03T01:58:06","guid":{"rendered":"https:\/\/diarioregionaldigital.com.br\/?p=168147"},"modified":"2020-09-02T22:58:06","modified_gmt":"2020-09-03T01:58:06","slug":"pastelaria-pega-fogo-na-regiao-central","status":"publish","type":"post","link":"https:\/\/diarioregionaldigital.com.br\/?p=168147","title":{"rendered":"Pastelaria pega fogo na regi\u00e3o central"},"content":{"rendered":"<p>Nesta quarta-feira (2), o Corpo de Bombeiros Militar, registrou um inc\u00eandio ocorrido em uma pastelaria, localizada entre as Ruas Batista de Oliveira e S\u00e3o Sebasti\u00e3o, no Centro de Juiz de Fora. Segundo informa\u00e7\u00f5es, ningu\u00e9m ficou ferido e comerciantes nas imedia\u00e7\u00f5es, junto com populares, combateram as chamas. Os Bombeiros informam que o fogo teve in\u00edcio em uma fritadeira.<\/p>\n","protected":false},"excerpt":{"rendered":"<p>Nesta quarta-feira (2), o Corpo de Bombeiros Militar, registrou um inc\u00eandio ocorrido em uma pastelaria, localizada entre as Ruas Batista de Oliveira e S\u00e3o Sebasti\u00e3o, no Centro de Juiz de Fora. Segundo informa\u00e7\u00f5es, ningu\u00e9m ficou ferido e comerciantes nas imedia\u00e7\u00f5es, junto com populares, combateram as chamas. Os Bombeiros informam que o fogo teve in\u00edcio em [&hellip;]<\/p>\n","protected":false},"author":96,"featured_media":168148,"comment_status":"closed","ping_status":"closed","sticky":false,"template":"","format":"standard","meta":{"footnotes":""},"categories":[253,436,439],"tags":[],"class_list":["post-168147","post","type-post","status-publish","format-standard","has-post-thumbnail","hentry","category-cidade","category-destaque-da-semana","category-ultima-hora"],"_links":{"self":[{"href":"https:\/\/diarioregionaldigital.com.br\/index.php?rest_route=\/wp\/v2\/posts\/168147","targetHints":{"allow":["GET"]}}],"collection":[{"href":"https:\/\/diarioregionaldigital.com.br\/index.php?rest_route=\/wp\/v2\/posts"}],"about":[{"href":"https:\/\/diarioregionaldigital.com.br\/index.php?rest_route=\/wp\/v2\/types\/post"}],"author":[{"embeddable":true,"href":"https:\/\/diarioregionaldigital.com.br\/index.php?rest_route=\/wp\/v2\/users\/96"}],"replies":[{"embeddable":true,"href":"https:\/\/diarioregionaldigital.com.br\/index.php?rest_route=%2Fwp%2Fv2%2Fcomments&post=168147"}],"version-history":[{"count":0,"href":"https:\/\/diarioregionaldigital.com.br\/index.php?rest_route=\/wp\/v2\/posts\/168147\/revisions"}],"wp:featuredmedia":[{"embeddable":true,"href":"https:\/\/diarioregionaldigital.com.br\/index.php?rest_route=\/wp\/v2\/media\/168148"}],"wp:attachment":[{"href":"https:\/\/diarioregionaldigital.com.br\/index.php?rest_route=%2Fwp%2Fv2%2Fmedia&parent=168147"}],"wp:term":[{"taxonomy":"category","embeddable":true,"href":"https:\/\/diarioregionaldigital.com.br\/index.php?rest_route=%2Fwp%2Fv2%2Fcategories&post=168147"},{"taxonomy":"post_tag","embeddable":true,"href":"https:\/\/diarioregionaldigital.com.br\/index.php?rest_route=%2Fwp%2Fv2%2Ftags&post=168147"}],"curies":[{"name":"wp","href":"https:\/\/api.w.org\/{rel}","templated":true}]}}